{"id":37797,"date":"2018-04-30T15:32:12","date_gmt":"2018-04-30T13:32:12","guid":{"rendered":"http:\/\/www.region-schwabach.de\/wordpress\/?p=37797"},"modified":"2018-04-30T15:39:46","modified_gmt":"2018-04-30T13:39:46","slug":"bilanz-der-polizei-nach-dem-rother-fruehlingsfestwochenende","status":"publish","type":"post","link":"https:\/\/www.region-schwabach.de\/wordpress\/bilanz-der-polizei-nach-dem-rother-fruehlingsfestwochenende\/","title":{"rendered":"Bilanz der Polizei nach dem Rother Fr\u00fchlingsfestwochenende"},"content":{"rendered":"\t\t<div data-elementor-type=\"wp-post\" data-elementor-id=\"37797\" class=\"elementor elementor-37797 elementor-bc-flex-widget\">\n\t\t\t\t\t\t<section class=\"elementor-section elementor-top-section elementor-element elementor-element-tlus4ia elementor-section-boxed elementor-section-height-default elementor-section-height-default\" data-id=\"tlus4ia\" data-element_type=\"section\">\n\t\t\t\t\t\t<div class=\"elementor-container elementor-column-gap-default\">\n\t\t\t\t\t<div class=\"elementor-column elementor-col-66 elementor-top-column elementor-element elementor-element-sphcucl\" data-id=\"sphcucl\" data-element_type=\"column\">\n\t\t\t<div class=\"elementor-widget-wrap elementor-element-populated\">\n\t\t\t\t\t\t<div class=\"elementor-element elementor-element-4f2h2af elementor-widget elementor-widget-text-editor\" data-id=\"4f2h2af\" data-element_type=\"widget\" data-widget_type=\"text-editor.default\">\n\t\t\t\t<div class=\"elementor-widget-container\">\n\t\t\t\t\t\t\t<h3>\u00dcberwiegend positive Bilanz der Polizei nach dem Rother Fr\u00fchlingsfestwochenende<\/h3><p>Die ausgelassene und friedliche Stimmung im Festzelt und auf dem Festplatz spiegelt sich auch positiv in der Bilanz der Polizei nach dem Fr\u00fchlingsfestwochenende wider. Gr\u00f6\u00dfere Sicherheitsst\u00f6rungen waren insgesamt nicht zu verzeichnen.<\/p><h3>Rother Sicherheitswacht im Einsatz<\/h3><p>Die durch die Stadt errichtete Zone rund um das Festgel\u00e4nde, in der das Mitf\u00fchren und der Konsum von mitgebrachten Alkoholika verboten waren, wurde durch die Polizei konsequent \u00fcberwacht. Auch die Rother Sicherheitswacht war eingesetzt.<\/p><h3>Konsum von mitgebrachtem Alkohol verboten<\/h3><p>Die Ver\u00f6ffentlichung dieser Regelung im Vorfeld, mit der vor allem das sogenannte \u201eVorgl\u00fchen\u201c verhindert werden soll, zeigte gr\u00f6\u00dftenteils Wirkung. Nur vereinzelt wurden Personen und Gruppen angetroffen, die dagegen verstie\u00dfen. Zwei Jugendliche, die beide \u00fcber 1 Promille Alkohol intus hatten, wurden durch die Polizei in die Obhut ihrer Eltern \u00fcbergeben. Bei zwei Jugendlichen wurde Marihuana aufgefunden. Beide wurden angezeigt.<\/p><h3>Keine Ruhest\u00f6rungen<\/h3><p>Anzeigen wegen Ruhest\u00f6rungen gingen bei der Polizei nicht ein, weder w\u00e4hrend des Festbetriebs noch danach f\u00fcr den Bereich der Rother Innenstadt.<\/p><h3>22-j\u00e4hrige Schwabacherin mit mehr als 2 Promille aufgegriffen<\/h3><p>Deutlich zu viel Alkohol erwischt, hatte eine 22j\u00e4hrige Frau aus Schwabach. Sie trat zun\u00e4chst mit den F\u00fc\u00dfen mehrfach gegen ein Einsatzfahrzeug der Polizei. Bei der anschlie\u00dfenden Personalienfeststellung schlug und trat sie nach den Polizeibeamten, beleidigte und bespuckte diese. Die Frau wurde in Gewahrsam genommen und zur Polizeiinspektion Roth verbracht. Ein durchgef\u00fchrter Alkoholtest ergab einen Wert von \u00fcber zwei Promille Alkohol im Blut. Die Polizeibeamten wurden durch den Angriff leicht verletzt. Die Frau wurde wegen Widerstands gegen Vollstreckungsbeamte, K\u00f6rperverletzung und Beleidigung angezeigt.<\/p><h3>Sicherheitsmitarbeiter geschlagen<\/h3><p>Sein Verhalten ebenfalls nicht mehr im Griff hatte ein Mann aus Roth, der im Festzelt einen Mitarbeiter des Sicherheitsdienstes ins Gesicht schlug. Der Mann sollte auf Grund seines schon zuvor aggressiven Verhaltens aus dem Zelt verwiesen werden. Der Mitarbeiter des Sicherheitsdienstes wurde durch den Schlag ebenfalls leicht verletzt. Auch in diesem Fall ergab ein Alkoholtest einen Wert von fast zwei Promille Alkohol im Blut. Den Mann erwartet eine Anzeige wegen K\u00f6rperverletzung.<\/p><p>\u00a0<\/p><p><strong>Benjamin B\u00f6hm<\/strong><br \/><strong>PI Roth<\/strong><\/p>\t\t\t\t\t\t<\/div>\n\t\t\t\t<\/div>\n\t\t\t\t<div class=\"elementor-element elementor-element-lkj62ub elementor-widget-divider--view-line elementor-widget elementor-widget-divider\" data-id=\"lkj62ub\" data-element_type=\"widget\" data-widget_type=\"divider.default\">\n\t\t\t\t<div class=\"elementor-widget-container\">\n\t\t\t\t\t<div class=\"elementor-divider\">\n\t\t\t<span class=\"elementor-divider-separator\">\n\t\t\t\t\t\t<\/span>\n\t\t<\/div>\n\t\t\t\t<\/div>\n\t\t\t\t<\/div>\n\t\t\t\t<div class=\"elementor-element elementor-element-c98jtdz elementor-widget elementor-widget-google_maps\" data-id=\"c98jtdz\" data-element_type=\"widget\" data-widget_type=\"google_maps.default\">\n\t\t\t\t<div class=\"elementor-widget-container\">\n\t\t\t\t\t<div class=\"elementor-custom-embed\">\n\t\t\t<iframe loading=\"lazy\"\n\t\t\t\t\tsrc=\"https:\/\/maps.google.com\/maps?q=Otto-Schrimpff-Stra%C3%9Fe%2C%20Roth%2C%20Deutschland&#038;t=m&#038;z=15&#038;output=embed&#038;iwloc=near\"\n\t\t\t\t\ttitle=\"Otto-Schrimpff-Stra\u00dfe, Roth, Deutschland\"\n\t\t\t\t\taria-label=\"Otto-Schrimpff-Stra\u00dfe, Roth, Deutschland\"\n\t\t\t><\/iframe>\n\t\t<\/div>\n\t\t\t\t<\/div>\n\t\t\t\t<\/div>\n\t\t\t\t\t<\/div>\n\t\t<\/div>\n\t\t\t\t<div class=\"elementor-column elementor-col-33 elementor-top-column elementor-element elementor-element-flkv3o5\" data-id=\"flkv3o5\" data-element_type=\"column\">\n\t\t\t<div class=\"elementor-widget-wrap elementor-element-populated\">\n\t\t\t\t\t\t<div class=\"elementor-element elementor-element-bpvimlk elementor-widget elementor-widget-image\" data-id=\"bpvimlk\" data-element_type=\"widget\" data-widget_type=\"image.default\">\n\t\t\t\t<div class=\"elementor-widget-container\">\n\t\t\t\t\t\t\t\t\t\t\t\t\t\t<a href=\"http:\/\/www.region-schwabach.de\/wordpress\/werben-auf-region-schwabach\/\" target=\"_blank\">\n\t\t\t\t\t\t\t<img fetchpriority=\"high\" decoding=\"async\" width=\"1024\" height=\"1024\" src=\"https:\/\/www.region-schwabach.de\/wordpress\/wp-content\/uploads\/2017\/06\/werbung8-1024x1024.png\" class=\"attachment-large size-large wp-image-2484\" alt=\"\" srcset=\"https:\/\/www.region-schwabach.de\/wordpress\/wp-content\/uploads\/2017\/06\/werbung8-1024x1024.png 1024w, https:\/\/www.region-schwabach.de\/wordpress\/wp-content\/uploads\/2017\/06\/werbung8-150x150.png 150w, https:\/\/www.region-schwabach.de\/wordpress\/wp-content\/uploads\/2017\/06\/werbung8-300x300.png 300w, https:\/\/www.region-schwabach.de\/wordpress\/wp-content\/uploads\/2017\/06\/werbung8-768x768.png 768w, https:\/\/www.region-schwabach.de\/wordpress\/wp-content\/uploads\/2017\/06\/werbung8-600x600.png 600w, https:\/\/www.region-schwabach.de\/wordpress\/wp-content\/uploads\/2017\/06\/werbung8.png 1200w\" sizes=\"(max-width: 1024px) 100vw, 1024px\" \/>\t\t\t\t\t\t\t\t<\/a>\n\t\t\t\t\t\t\t\t\t\t\t\t\t<\/div>\n\t\t\t\t<\/div>\n\t\t\t\t\t<\/div>\n\t\t<\/div>\n\t\t\t\t\t<\/div>\n\t\t<\/section>\n\t\t\t\t<\/div>\n\t\t","protected":false},"excerpt":{"rendered":"<div class=\"mh-excerpt\"><p>\u00dcberwiegend positive Bilanz der Polizei nach dem Rother Fr\u00fchlingsfestwochenende Die ausgelassene und friedliche Stimmung im Festzelt und auf dem Festplatz spiegelt sich auch positiv in der Bilanz der Polizei nach dem Fr\u00fchlingsfestwochenende wider. Gr\u00f6\u00dfere Sicherheitsst\u00f6rungen <a class=\"mh-excerpt-more\" href=\"https:\/\/www.region-schwabach.de\/wordpress\/bilanz-der-polizei-nach-dem-rother-fruehlingsfestwochenende\/\" title=\"Bilanz der Polizei nach dem Rother Fr\u00fchlingsfestwochenende\">[&#8230;]<\/a><\/p>\n<\/div>","protected":false},"author":1,"featured_media":37798,"comment_status":"open","ping_status":"open","sticky":false,"template":"","format":"standard","meta":{"_cbd_carousel_blocks":"[]","footnotes":""},"categories":[15],"tags":[3247,3248,3249,470,3754,2100,981,32,3755,2040],"class_list":{"0":"post-37797","1":"post","2":"type-post","3":"status-publish","4":"format-standard","5":"has-post-thumbnail","7":"category-polizeimeldungen","8":"tag-27-04-2018","9":"tag-28-04-2018","10":"tag-29-04-2018","11":"tag-alkohol","12":"tag-fruehlingsfest","13":"tag-marihuana","14":"tag-polizei","15":"tag-roth","16":"tag-rother-sicherheitswacht","17":"tag-ruhestoerungen"},"_links":{"self":[{"href":"https:\/\/www.region-schwabach.de\/wordpress\/wp-json\/wp\/v2\/posts\/37797","targetHints":{"allow":["GET"]}}],"collection":[{"href":"https:\/\/www.region-schwabach.de\/wordpress\/wp-json\/wp\/v2\/posts"}],"about":[{"href":"https:\/\/www.region-schwabach.de\/wordpress\/wp-json\/wp\/v2\/types\/post"}],"author":[{"embeddable":true,"href":"https:\/\/www.region-schwabach.de\/wordpress\/wp-json\/wp\/v2\/users\/1"}],"replies":[{"embeddable":true,"href":"https:\/\/www.region-schwabach.de\/wordpress\/wp-json\/wp\/v2\/comments?post=37797"}],"version-history":[{"count":0,"href":"https:\/\/www.region-schwabach.de\/wordpress\/wp-json\/wp\/v2\/posts\/37797\/revisions"}],"wp:featuredmedia":[{"embeddable":true,"href":"https:\/\/www.region-schwabach.de\/wordpress\/wp-json\/wp\/v2\/media\/37798"}],"wp:attachment":[{"href":"https:\/\/www.region-schwabach.de\/wordpress\/wp-json\/wp\/v2\/media?parent=37797"}],"wp:term":[{"taxonomy":"category","embeddable":true,"href":"https:\/\/www.region-schwabach.de\/wordpress\/wp-json\/wp\/v2\/categories?post=37797"},{"taxonomy":"post_tag","embeddable":true,"href":"https:\/\/www.region-schwabach.de\/wordpress\/wp-json\/wp\/v2\/tags?post=37797"}],"curies":[{"name":"wp","href":"https:\/\/api.w.org\/{rel}","templated":true}]}}