{"id":37832,"date":"2018-05-01T11:25:37","date_gmt":"2018-05-01T09:25:37","guid":{"rendered":"http:\/\/www.region-schwabach.de\/wordpress\/?p=37832"},"modified":"2018-05-01T11:44:23","modified_gmt":"2018-05-01T09:44:23","slug":"maibaumkraenze-aus-feuerwehrhaus-in-oesterberg-entwendet","status":"publish","type":"post","link":"https:\/\/www.region-schwabach.de\/wordpress\/maibaumkraenze-aus-feuerwehrhaus-in-oesterberg-entwendet\/","title":{"rendered":"Maibaumkr\u00e4nze aus Feuerwehrhaus in \u00d6sterberg entwendet"},"content":{"rendered":"\t\t<div data-elementor-type=\"wp-post\" data-elementor-id=\"37832\" class=\"elementor elementor-37832 elementor-bc-flex-widget\">\n\t\t\t\t\t\t<section class=\"elementor-section elementor-top-section elementor-element elementor-element-tlus4ia elementor-section-boxed elementor-section-height-default elementor-section-height-default\" data-id=\"tlus4ia\" data-element_type=\"section\">\n\t\t\t\t\t\t<div class=\"elementor-container elementor-column-gap-default\">\n\t\t\t\t\t<div class=\"elementor-column elementor-col-66 elementor-top-column elementor-element elementor-element-sphcucl\" data-id=\"sphcucl\" data-element_type=\"column\">\n\t\t\t<div class=\"elementor-widget-wrap elementor-element-populated\">\n\t\t\t\t\t\t<div class=\"elementor-element elementor-element-4f2h2af elementor-widget elementor-widget-text-editor\" data-id=\"4f2h2af\" data-element_type=\"widget\" data-widget_type=\"text-editor.default\">\n\t\t\t\t<div class=\"elementor-widget-container\">\n\t\t\t\t\t\t\t<h3>Einbruch in Feuerwehrhaus\u00a0<\/h3><p>Greding &#8211; In der Zeit zwischen Samstag, den 28.04.2018, und Montag, den 30.04.2018, brach ein zun\u00e4chst Unbekannter in das Feuerwehrhaus der FFW \u00d6sterberg ein &#8211; in dem er zwei Schl\u00f6sser aufbrach &#8211; um die dort\u00a0gelagerten Maibaumkr\u00e4nze zu entwenden.<\/p><h3>T\u00e4ter kann ermittelt werden<\/h3><p>Nachdem der T\u00e4ter telefonisch mit der Feuerwehr in Kontakt trat &#8211; damit diese die Kr\u00e4nze \u201ebrauchtumsgerecht\u201c ausl\u00f6sen k\u00f6nne &#8211; konnte 22-j\u00e4hrige\u00a0Anrufer ermittelt werden.<\/p><h3>&#8222;Brauchtum&#8220; oder Straftat<\/h3><p>Da von der Feuerwehr aber inzwischen Anzeige erstattet worden war, wurde gegen den Einbrecher ein Ermittlungsverfahren eingeleitet, wobei die Staatsanwaltschaft jetzt pr\u00fcfen mu\u00df, ob es sich bei der Tat noch um &#8222;Brauchtum&#8220;, oder bereits um eine Straftat handelt. Die besch\u00e4digten Schl\u00f6sser muss er auf jeden Fall bezahlen.<\/p>\t\t\t\t\t\t<\/div>\n\t\t\t\t<\/div>\n\t\t\t\t<div class=\"elementor-element elementor-element-lkj62ub elementor-widget-divider--view-line elementor-widget elementor-widget-divider\" data-id=\"lkj62ub\" data-element_type=\"widget\" data-widget_type=\"divider.default\">\n\t\t\t\t<div class=\"elementor-widget-container\">\n\t\t\t\t\t<div class=\"elementor-divider\">\n\t\t\t<span class=\"elementor-divider-separator\">\n\t\t\t\t\t\t<\/span>\n\t\t<\/div>\n\t\t\t\t<\/div>\n\t\t\t\t<\/div>\n\t\t\t\t<div class=\"elementor-element elementor-element-c98jtdz elementor-widget elementor-widget-google_maps\" data-id=\"c98jtdz\" data-element_type=\"widget\" data-widget_type=\"google_maps.default\">\n\t\t\t\t<div class=\"elementor-widget-container\">\n\t\t\t\t\t<div class=\"elementor-custom-embed\">\n\t\t\t<iframe loading=\"lazy\"\n\t\t\t\t\tsrc=\"https:\/\/maps.google.com\/maps?q=%C3%96sterberg%2C%20Greding%2C%20Deutschland&#038;t=m&#038;z=15&#038;output=embed&#038;iwloc=near\"\n\t\t\t\t\ttitle=\"\u00d6sterberg, Greding, Deutschland\"\n\t\t\t\t\taria-label=\"\u00d6sterberg, Greding, Deutschland\"\n\t\t\t><\/iframe>\n\t\t<\/div>\n\t\t\t\t<\/div>\n\t\t\t\t<\/div>\n\t\t\t\t\t<\/div>\n\t\t<\/div>\n\t\t\t\t<div class=\"elementor-column elementor-col-33 elementor-top-column elementor-element elementor-element-flkv3o5\" data-id=\"flkv3o5\" data-element_type=\"column\">\n\t\t\t<div class=\"elementor-widget-wrap elementor-element-populated\">\n\t\t\t\t\t\t<div class=\"elementor-element elementor-element-bpvimlk elementor-widget elementor-widget-image\" data-id=\"bpvimlk\" data-element_type=\"widget\" data-widget_type=\"image.default\">\n\t\t\t\t<div class=\"elementor-widget-container\">\n\t\t\t\t\t\t\t\t\t\t\t\t\t\t<a href=\"http:\/\/www.region-schwabach.de\/wordpress\/werben-auf-region-schwabach\/\" target=\"_blank\">\n\t\t\t\t\t\t\t<img fetchpriority=\"high\" decoding=\"async\" width=\"1024\" height=\"1024\" src=\"https:\/\/www.region-schwabach.de\/wordpress\/wp-content\/uploads\/2017\/06\/werbung8-1024x1024.png\" class=\"attachment-large size-large wp-image-2484\" alt=\"\" srcset=\"https:\/\/www.region-schwabach.de\/wordpress\/wp-content\/uploads\/2017\/06\/werbung8-1024x1024.png 1024w, https:\/\/www.region-schwabach.de\/wordpress\/wp-content\/uploads\/2017\/06\/werbung8-150x150.png 150w, https:\/\/www.region-schwabach.de\/wordpress\/wp-content\/uploads\/2017\/06\/werbung8-300x300.png 300w, https:\/\/www.region-schwabach.de\/wordpress\/wp-content\/uploads\/2017\/06\/werbung8-768x768.png 768w, https:\/\/www.region-schwabach.de\/wordpress\/wp-content\/uploads\/2017\/06\/werbung8-600x600.png 600w, https:\/\/www.region-schwabach.de\/wordpress\/wp-content\/uploads\/2017\/06\/werbung8.png 1200w\" sizes=\"(max-width: 1024px) 100vw, 1024px\" \/>\t\t\t\t\t\t\t\t<\/a>\n\t\t\t\t\t\t\t\t\t\t\t\t\t<\/div>\n\t\t\t\t<\/div>\n\t\t\t\t\t<\/div>\n\t\t<\/div>\n\t\t\t\t\t<\/div>\n\t\t<\/section>\n\t\t\t\t<\/div>\n\t\t","protected":false},"excerpt":{"rendered":"<div class=\"mh-excerpt\"><p>Einbruch in Feuerwehrhaus\u00a0 Greding &#8211; In der Zeit zwischen Samstag, den 28.04.2018, und Montag, den 30.04.2018, brach ein zun\u00e4chst Unbekannter in das Feuerwehrhaus der FFW \u00d6sterberg ein &#8211; in dem er zwei Schl\u00f6sser aufbrach &#8211; <a class=\"mh-excerpt-more\" href=\"https:\/\/www.region-schwabach.de\/wordpress\/maibaumkraenze-aus-feuerwehrhaus-in-oesterberg-entwendet\/\" title=\"Maibaumkr\u00e4nze aus Feuerwehrhaus in \u00d6sterberg entwendet\">[&#8230;]<\/a><\/p>\n<\/div>","protected":false},"author":1,"featured_media":37833,"comment_status":"open","ping_status":"open","sticky":false,"template":"","format":"standard","meta":{"_cbd_carousel_blocks":"[]","footnotes":""},"categories":[15],"tags":[3248,3249,3250,1301,3771,3768,297,3769,3770,2615,3772],"class_list":{"0":"post-37832","1":"post","2":"type-post","3":"status-publish","4":"format-standard","5":"has-post-thumbnail","7":"category-polizeimeldungen","8":"tag-28-04-2018","9":"tag-29-04-2018","10":"tag-30-04-2018","11":"tag-anzeige","12":"tag-brauchtum","13":"tag-feuerwehrhaus","14":"tag-hilpoltstein","15":"tag-maibaum","16":"tag-maibaumkranz","17":"tag-oesterberg","18":"tag-straftat"},"_links":{"self":[{"href":"https:\/\/www.region-schwabach.de\/wordpress\/wp-json\/wp\/v2\/posts\/37832","targetHints":{"allow":["GET"]}}],"collection":[{"href":"https:\/\/www.region-schwabach.de\/wordpress\/wp-json\/wp\/v2\/posts"}],"about":[{"href":"https:\/\/www.region-schwabach.de\/wordpress\/wp-json\/wp\/v2\/types\/post"}],"author":[{"embeddable":true,"href":"https:\/\/www.region-schwabach.de\/wordpress\/wp-json\/wp\/v2\/users\/1"}],"replies":[{"embeddable":true,"href":"https:\/\/www.region-schwabach.de\/wordpress\/wp-json\/wp\/v2\/comments?post=37832"}],"version-history":[{"count":0,"href":"https:\/\/www.region-schwabach.de\/wordpress\/wp-json\/wp\/v2\/posts\/37832\/revisions"}],"wp:featuredmedia":[{"embeddable":true,"href":"https:\/\/www.region-schwabach.de\/wordpress\/wp-json\/wp\/v2\/media\/37833"}],"wp:attachment":[{"href":"https:\/\/www.region-schwabach.de\/wordpress\/wp-json\/wp\/v2\/media?parent=37832"}],"wp:term":[{"taxonomy":"category","embeddable":true,"href":"https:\/\/www.region-schwabach.de\/wordpress\/wp-json\/wp\/v2\/categories?post=37832"},{"taxonomy":"post_tag","embeddable":true,"href":"https:\/\/www.region-schwabach.de\/wordpress\/wp-json\/wp\/v2\/tags?post=37832"}],"curies":[{"name":"wp","href":"https:\/\/api.w.org\/{rel}","templated":true}]}}