{"id":37841,"date":"2018-05-01T12:53:50","date_gmt":"2018-05-01T10:53:50","guid":{"rendered":"http:\/\/www.region-schwabach.de\/wordpress\/?p=37841"},"modified":"2018-05-01T13:09:57","modified_gmt":"2018-05-01T11:09:57","slug":"inklusives-familiencafe-schatzkinder-laedt-zu-musikalischem-aktionsnachmittag-am-4-mai-2018-ein","status":"publish","type":"post","link":"https:\/\/www.region-schwabach.de\/wordpress\/inklusives-familiencafe-schatzkinder-laedt-zu-musikalischem-aktionsnachmittag-am-4-mai-2018-ein\/","title":{"rendered":"Inklusives Familiencaf\u00e9 &#8222;Schatzkinder&#8220; l\u00e4dt zu musikalischem Aktionsnachmittag am 4. Mai 2018 ein"},"content":{"rendered":"\t\t<div data-elementor-type=\"wp-post\" data-elementor-id=\"37841\" class=\"elementor elementor-37841 elementor-bc-flex-widget\">\n\t\t\t\t\t\t<section class=\"elementor-section elementor-top-section elementor-element elementor-element-tlus4ia elementor-section-boxed elementor-section-height-default elementor-section-height-default\" data-id=\"tlus4ia\" data-element_type=\"section\">\n\t\t\t\t\t\t<div class=\"elementor-container elementor-column-gap-default\">\n\t\t\t\t\t<div class=\"elementor-column elementor-col-66 elementor-top-column elementor-element elementor-element-sphcucl\" data-id=\"sphcucl\" data-element_type=\"column\">\n\t\t\t<div class=\"elementor-widget-wrap elementor-element-populated\">\n\t\t\t\t\t\t<div class=\"elementor-element elementor-element-4f2h2af elementor-widget elementor-widget-text-editor\" data-id=\"4f2h2af\" data-element_type=\"widget\" data-widget_type=\"text-editor.default\">\n\t\t\t\t<div class=\"elementor-widget-container\">\n\t\t\t\t\t\t\t<h3>Familiencafe &#8222;Schatzkinder<\/h3><p>Am Freitag, den 4. Mai 2018, l\u00e4dt das Familiencaf\u00e9 &#8222;Schatzkinder&#8220; in der Zeit von 15.00 Uhr bis 17.00 Uhr Uhr, alle Kinder zwischen 2 und 6 Jahren zusammen mit ihren Eltern zu einem besonderen Aktionsnachmittag ein.<\/p><p><strong>Jeder ist wichtig, weil Jeder was kann! Wir geh\u00f6ren zusammen!<\/strong><\/p><p>Im K\u00e4nguruh Familienzentrum Schwabach e.V. in der Walpersdorfer Stra\u00dfe 23 in Schwabach gestaltet eine M\u00e4rchenerz\u00e4hlerin mit den Kindern eine Mitspielgeschichte mit Instrumenten unter dem Motto &#8222;Inklusion von Anfang an&#8220;.<\/p><p>Im Anschluss daran k\u00f6nnen sich alle noch an einem kleinen Buffet st\u00e4rken.<\/p><p>Eine telefonische Anmeldung unter Tel. 09122 888226 ist aufgrund begrenzter Teilnehmerpl\u00e4tze unbedingt erforderlich.<\/p><p><a href=\"http:\/\/www.schwabach.de\/images\/referate\/oberbuergermeister\/Gleichstellungsstelle\/Inklusion\/Downloads\/Flyer_Aktionsnachmittag_Familienzentrum_Kaenguruh.pdf\" target=\"_blank\" rel=\"noopener\">Hier geht&#8217;s zum\u00a0Flyer &#8222;Aktionsnachmittag mit M\u00e4rchenerz\u00e4hlerin&#8220; &#8230;<\/a><\/p>\t\t\t\t\t\t<\/div>\n\t\t\t\t<\/div>\n\t\t\t\t\t<\/div>\n\t\t<\/div>\n\t\t\t\t<div class=\"elementor-column elementor-col-33 elementor-top-column elementor-element elementor-element-flkv3o5\" data-id=\"flkv3o5\" data-element_type=\"column\">\n\t\t\t<div class=\"elementor-widget-wrap elementor-element-populated\">\n\t\t\t\t\t\t<div class=\"elementor-element elementor-element-bpvimlk elementor-widget elementor-widget-image\" data-id=\"bpvimlk\" data-element_type=\"widget\" data-widget_type=\"image.default\">\n\t\t\t\t<div class=\"elementor-widget-container\">\n\t\t\t\t\t\t\t\t\t\t\t\t\t\t<a href=\"http:\/\/www.region-schwabach.de\/wordpress\/werben-auf-region-schwabach\/\" target=\"_blank\">\n\t\t\t\t\t\t\t<img fetchpriority=\"high\" decoding=\"async\" width=\"1024\" height=\"1024\" src=\"https:\/\/www.region-schwabach.de\/wordpress\/wp-content\/uploads\/2017\/06\/werbung8-1024x1024.png\" class=\"attachment-large size-large wp-image-2484\" alt=\"\" srcset=\"https:\/\/www.region-schwabach.de\/wordpress\/wp-content\/uploads\/2017\/06\/werbung8-1024x1024.png 1024w, https:\/\/www.region-schwabach.de\/wordpress\/wp-content\/uploads\/2017\/06\/werbung8-150x150.png 150w, https:\/\/www.region-schwabach.de\/wordpress\/wp-content\/uploads\/2017\/06\/werbung8-300x300.png 300w, https:\/\/www.region-schwabach.de\/wordpress\/wp-content\/uploads\/2017\/06\/werbung8-768x768.png 768w, https:\/\/www.region-schwabach.de\/wordpress\/wp-content\/uploads\/2017\/06\/werbung8-600x600.png 600w, https:\/\/www.region-schwabach.de\/wordpress\/wp-content\/uploads\/2017\/06\/werbung8.png 1200w\" sizes=\"(max-width: 1024px) 100vw, 1024px\" \/>\t\t\t\t\t\t\t\t<\/a>\n\t\t\t\t\t\t\t\t\t\t\t\t\t<\/div>\n\t\t\t\t<\/div>\n\t\t\t\t\t<\/div>\n\t\t<\/div>\n\t\t\t\t\t<\/div>\n\t\t<\/section>\n\t\t\t\t<\/div>\n\t\t","protected":false},"excerpt":{"rendered":"<div class=\"mh-excerpt\"><p>Familiencafe &#8222;Schatzkinder Am Freitag, den 4. Mai 2018, l\u00e4dt das Familiencaf\u00e9 &#8222;Schatzkinder&#8220; in der Zeit von 15.00 Uhr bis 17.00 Uhr Uhr, alle Kinder zwischen 2 und 6 Jahren zusammen mit ihren Eltern zu einem <a class=\"mh-excerpt-more\" href=\"https:\/\/www.region-schwabach.de\/wordpress\/inklusives-familiencafe-schatzkinder-laedt-zu-musikalischem-aktionsnachmittag-am-4-mai-2018-ein\/\" title=\"Inklusives Familiencaf\u00e9 &#8222;Schatzkinder&#8220; l\u00e4dt zu musikalischem Aktionsnachmittag am 4. Mai 2018 ein\">[&#8230;]<\/a><\/p>\n<\/div>","protected":false},"author":1,"featured_media":37843,"comment_status":"open","ping_status":"open","sticky":false,"template":"","format":"standard","meta":{"_cbd_carousel_blocks":"[]","footnotes":""},"categories":[16,1,287,13,61],"tags":[3254,3778,3776,3779,3780,1126,3777,19,544],"class_list":{"0":"post-37841","1":"post","2":"type-post","3":"status-publish","4":"format-standard","5":"has-post-thumbnail","7":"category-aktuell","8":"category-allgemein","9":"category-jugend-und-familie","10":"category-nachrichten","11":"category-rathaus","12":"tag-04-05-2018","13":"tag-eltern","14":"tag-familiencafe-schatzkinder","15":"tag-familienzentrum","16":"tag-kaenguruh","17":"tag-kinder","18":"tag-musikalischer-aktionsnachmittag","19":"tag-schwabach","20":"tag-walpersdorfer-strasse"},"_links":{"self":[{"href":"https:\/\/www.region-schwabach.de\/wordpress\/wp-json\/wp\/v2\/posts\/37841","targetHints":{"allow":["GET"]}}],"collection":[{"href":"https:\/\/www.region-schwabach.de\/wordpress\/wp-json\/wp\/v2\/posts"}],"about":[{"href":"https:\/\/www.region-schwabach.de\/wordpress\/wp-json\/wp\/v2\/types\/post"}],"author":[{"embeddable":true,"href":"https:\/\/www.region-schwabach.de\/wordpress\/wp-json\/wp\/v2\/users\/1"}],"replies":[{"embeddable":true,"href":"https:\/\/www.region-schwabach.de\/wordpress\/wp-json\/wp\/v2\/comments?post=37841"}],"version-history":[{"count":0,"href":"https:\/\/www.region-schwabach.de\/wordpress\/wp-json\/wp\/v2\/posts\/37841\/revisions"}],"wp:featuredmedia":[{"embeddable":true,"href":"https:\/\/www.region-schwabach.de\/wordpress\/wp-json\/wp\/v2\/media\/37843"}],"wp:attachment":[{"href":"https:\/\/www.region-schwabach.de\/wordpress\/wp-json\/wp\/v2\/media?parent=37841"}],"wp:term":[{"taxonomy":"category","embeddable":true,"href":"https:\/\/www.region-schwabach.de\/wordpress\/wp-json\/wp\/v2\/categories?post=37841"},{"taxonomy":"post_tag","embeddable":true,"href":"https:\/\/www.region-schwabach.de\/wordpress\/wp-json\/wp\/v2\/tags?post=37841"}],"curies":[{"name":"wp","href":"https:\/\/api.w.org\/{rel}","templated":true}]}}