{"id":37850,"date":"2018-05-01T15:05:09","date_gmt":"2018-05-01T13:05:09","guid":{"rendered":"http:\/\/www.region-schwabach.de\/wordpress\/?p=37850"},"modified":"2018-05-01T15:20:45","modified_gmt":"2018-05-01T13:20:45","slug":"unfaelle-in-weissenburg-und-holzingen","status":"publish","type":"post","link":"https:\/\/www.region-schwabach.de\/wordpress\/unfaelle-in-weissenburg-und-holzingen\/","title":{"rendered":"Unf\u00e4lle in Wei\u00dfenburg und Holzingen"},"content":{"rendered":"\t\t<div data-elementor-type=\"wp-post\" data-elementor-id=\"37850\" class=\"elementor elementor-37850 elementor-bc-flex-widget\">\n\t\t\t\t\t\t<section class=\"elementor-section elementor-top-section elementor-element elementor-element-tlus4ia elementor-section-boxed elementor-section-height-default elementor-section-height-default\" data-id=\"tlus4ia\" data-element_type=\"section\">\n\t\t\t\t\t\t<div class=\"elementor-container elementor-column-gap-default\">\n\t\t\t\t\t<div class=\"elementor-column elementor-col-66 elementor-top-column elementor-element elementor-element-sphcucl\" data-id=\"sphcucl\" data-element_type=\"column\">\n\t\t\t<div class=\"elementor-widget-wrap elementor-element-populated\">\n\t\t\t\t\t\t<div class=\"elementor-element elementor-element-4f2h2af elementor-widget elementor-widget-text-editor\" data-id=\"4f2h2af\" data-element_type=\"widget\" data-widget_type=\"text-editor.default\">\n\t\t\t\t<div class=\"elementor-widget-container\">\n\t\t\t\t\t\t\t<h3>Zusammensto\u00df in Wei\u00dfenburg\u00a0<\/h3><p>Wei\u00dfenburg &#8211; Am sp\u00e4ten Montagnachmittag, den 30.04.2018,\u00a0 kam es an der Kreuzung der Augsburger Stra\u00dfe mit der Dettenheimer Stra\u00dfe in Wei\u00dfenburg zu einem Unfall, als\u00a0eine 78-j\u00e4hrige PKW-Fahrerin beim Linksabbiegen mit einem entgegenkommenden 47-j\u00e4hrigen PKW-Fahrer zusammenstie\u00df, wobei sich die Seniorin leicht verletzte, und ins Krankenhaus gebracht wurde, w\u00e4hrend der Unfallgegner und sein 11-j\u00e4hriger Sohn gl\u00fccklicherweise unverletzt blieben. An den beiden beteiligten Fahrzeugen &#8211; die abgeschleppt werden mu\u00dften &#8211; entstand ein Sachschaden in H\u00f6he von insgesamt ca. 16.000 Euro, die Unfallverursacherin erwartet nun au\u00dferdem ein Bu\u00dfgeld.<\/p><h3>Auffahrunfall in Holzingen<\/h3><p>Holzingen &#8211; In der Nacht von Montag, den 30.04.2018, auf Dienstag, den 01.05.2018, ereignete sich in der Ortsmitte von Holzingen ein Auffahrunfall, an dem insgesamt drei Fahrzeuge beteiligt waren. Eine 55 J\u00e4hrige bemerkte dabei das Abbremsen einer vorrausfahrenden 29 J\u00e4hrigen zu sp\u00e4t und fuhr deshalb auf deren Fahrzeug auf, wobei sie dieses auch noch auf das Fahrzeug eines 69 J\u00e4hrigen schob. Bei der Kollision wurden alle drei Fahrzeuge besch\u00e4digt, wodurch ein Sachschaden in H\u00f6he von ca. 5.000 Euro verursacht wurde. Die Unfallverursacherin musste auch noch ein Verwarnungsgeld bezahlen.<\/p>\t\t\t\t\t\t<\/div>\n\t\t\t\t<\/div>\n\t\t\t\t<div class=\"elementor-element elementor-element-lkj62ub elementor-widget-divider--view-line elementor-widget elementor-widget-divider\" data-id=\"lkj62ub\" data-element_type=\"widget\" data-widget_type=\"divider.default\">\n\t\t\t\t<div class=\"elementor-widget-container\">\n\t\t\t\t\t<div class=\"elementor-divider\">\n\t\t\t<span class=\"elementor-divider-separator\">\n\t\t\t\t\t\t<\/span>\n\t\t<\/div>\n\t\t\t\t<\/div>\n\t\t\t\t<\/div>\n\t\t\t\t<div class=\"elementor-element elementor-element-c98jtdz elementor-widget elementor-widget-google_maps\" data-id=\"c98jtdz\" data-element_type=\"widget\" data-widget_type=\"google_maps.default\">\n\t\t\t\t<div class=\"elementor-widget-container\">\n\t\t\t\t\t<div class=\"elementor-custom-embed\">\n\t\t\t<iframe loading=\"lazy\"\n\t\t\t\t\tsrc=\"https:\/\/maps.google.com\/maps?q=49.016760%2C%2010.960326&#038;t=m&#038;z=15&#038;output=embed&#038;iwloc=near\"\n\t\t\t\t\ttitle=\"49.016760, 10.960326\"\n\t\t\t\t\taria-label=\"49.016760, 10.960326\"\n\t\t\t><\/iframe>\n\t\t<\/div>\n\t\t\t\t<\/div>\n\t\t\t\t<\/div>\n\t\t\t\t<div class=\"elementor-element elementor-element-9ce694e elementor-widget elementor-widget-google_maps\" data-id=\"9ce694e\" data-element_type=\"widget\" data-widget_type=\"google_maps.default\">\n\t\t\t\t<div class=\"elementor-widget-container\">\n\t\t\t\t\t<div class=\"elementor-custom-embed\">\n\t\t\t<iframe loading=\"lazy\"\n\t\t\t\t\tsrc=\"https:\/\/maps.google.com\/maps?q=Holzingen%2C%20Wei%C3%9Fenburg%2C%20Deutschland&#038;t=m&#038;z=15&#038;output=embed&#038;iwloc=near\"\n\t\t\t\t\ttitle=\"Holzingen, Wei\u00dfenburg, Deutschland\"\n\t\t\t\t\taria-label=\"Holzingen, Wei\u00dfenburg, Deutschland\"\n\t\t\t><\/iframe>\n\t\t<\/div>\n\t\t\t\t<\/div>\n\t\t\t\t<\/div>\n\t\t\t\t\t<\/div>\n\t\t<\/div>\n\t\t\t\t<div class=\"elementor-column elementor-col-33 elementor-top-column elementor-element elementor-element-flkv3o5\" data-id=\"flkv3o5\" data-element_type=\"column\">\n\t\t\t<div class=\"elementor-widget-wrap elementor-element-populated\">\n\t\t\t\t\t\t<div class=\"elementor-element elementor-element-bpvimlk elementor-widget elementor-widget-image\" data-id=\"bpvimlk\" data-element_type=\"widget\" data-widget_type=\"image.default\">\n\t\t\t\t<div class=\"elementor-widget-container\">\n\t\t\t\t\t\t\t\t\t\t\t\t\t\t<a href=\"http:\/\/www.region-schwabach.de\/wordpress\/werben-auf-region-schwabach\/\" target=\"_blank\">\n\t\t\t\t\t\t\t<img fetchpriority=\"high\" decoding=\"async\" width=\"1024\" height=\"1024\" src=\"https:\/\/www.region-schwabach.de\/wordpress\/wp-content\/uploads\/2017\/06\/werbung8-1024x1024.png\" class=\"attachment-large size-large wp-image-2484\" alt=\"\" srcset=\"https:\/\/www.region-schwabach.de\/wordpress\/wp-content\/uploads\/2017\/06\/werbung8-1024x1024.png 1024w, https:\/\/www.region-schwabach.de\/wordpress\/wp-content\/uploads\/2017\/06\/werbung8-150x150.png 150w, https:\/\/www.region-schwabach.de\/wordpress\/wp-content\/uploads\/2017\/06\/werbung8-300x300.png 300w, https:\/\/www.region-schwabach.de\/wordpress\/wp-content\/uploads\/2017\/06\/werbung8-768x768.png 768w, https:\/\/www.region-schwabach.de\/wordpress\/wp-content\/uploads\/2017\/06\/werbung8-600x600.png 600w, https:\/\/www.region-schwabach.de\/wordpress\/wp-content\/uploads\/2017\/06\/werbung8.png 1200w\" sizes=\"(max-width: 1024px) 100vw, 1024px\" \/>\t\t\t\t\t\t\t\t<\/a>\n\t\t\t\t\t\t\t\t\t\t\t\t\t<\/div>\n\t\t\t\t<\/div>\n\t\t\t\t\t<\/div>\n\t\t<\/div>\n\t\t\t\t\t<\/div>\n\t\t<\/section>\n\t\t\t\t<\/div>\n\t\t","protected":false},"excerpt":{"rendered":"<div class=\"mh-excerpt\"><p>Zusammensto\u00df in Wei\u00dfenburg\u00a0 Wei\u00dfenburg &#8211; Am sp\u00e4ten Montagnachmittag, den 30.04.2018,\u00a0 kam es an der Kreuzung der Augsburger Stra\u00dfe mit der Dettenheimer Stra\u00dfe in Wei\u00dfenburg zu einem Unfall, als\u00a0eine 78-j\u00e4hrige PKW-Fahrerin beim Linksabbiegen mit einem entgegenkommenden <a class=\"mh-excerpt-more\" href=\"https:\/\/www.region-schwabach.de\/wordpress\/unfaelle-in-weissenburg-und-holzingen\/\" title=\"Unf\u00e4lle in Wei\u00dfenburg und Holzingen\">[&#8230;]<\/a><\/p>\n<\/div>","protected":false},"author":1,"featured_media":37851,"comment_status":"open","ping_status":"open","sticky":false,"template":"","format":"standard","meta":{"_cbd_carousel_blocks":"[]","footnotes":""},"categories":[15],"tags":[3251,3250,540,1025,559,1473,3783,2342,2103,3782,249,584],"class_list":{"0":"post-37850","1":"post","2":"type-post","3":"status-publish","4":"format-standard","5":"has-post-thumbnail","7":"category-polizeimeldungen","8":"tag-01-05-2018","9":"tag-30-04-2018","10":"tag-auffahrunfall","11":"tag-augsburger-strasse","12":"tag-dettenheimer-strasse","13":"tag-holzingen","14":"tag-kankenhaus","15":"tag-ortsmitte","16":"tag-rettungsdienst","17":"tag-unfall-pkw","18":"tag-weissenburg","19":"tag-zusammenstoss"},"_links":{"self":[{"href":"https:\/\/www.region-schwabach.de\/wordpress\/wp-json\/wp\/v2\/posts\/37850","targetHints":{"allow":["GET"]}}],"collection":[{"href":"https:\/\/www.region-schwabach.de\/wordpress\/wp-json\/wp\/v2\/posts"}],"about":[{"href":"https:\/\/www.region-schwabach.de\/wordpress\/wp-json\/wp\/v2\/types\/post"}],"author":[{"embeddable":true,"href":"https:\/\/www.region-schwabach.de\/wordpress\/wp-json\/wp\/v2\/users\/1"}],"replies":[{"embeddable":true,"href":"https:\/\/www.region-schwabach.de\/wordpress\/wp-json\/wp\/v2\/comments?post=37850"}],"version-history":[{"count":0,"href":"https:\/\/www.region-schwabach.de\/wordpress\/wp-json\/wp\/v2\/posts\/37850\/revisions"}],"wp:featuredmedia":[{"embeddable":true,"href":"https:\/\/www.region-schwabach.de\/wordpress\/wp-json\/wp\/v2\/media\/37851"}],"wp:attachment":[{"href":"https:\/\/www.region-schwabach.de\/wordpress\/wp-json\/wp\/v2\/media?parent=37850"}],"wp:term":[{"taxonomy":"category","embeddable":true,"href":"https:\/\/www.region-schwabach.de\/wordpress\/wp-json\/wp\/v2\/categories?post=37850"},{"taxonomy":"post_tag","embeddable":true,"href":"https:\/\/www.region-schwabach.de\/wordpress\/wp-json\/wp\/v2\/tags?post=37850"}],"curies":[{"name":"wp","href":"https:\/\/api.w.org\/{rel}","templated":true}]}}