{"id":37938,"date":"2018-05-02T18:45:20","date_gmt":"2018-05-02T16:45:20","guid":{"rendered":"http:\/\/www.region-schwabach.de\/wordpress\/?p=37938"},"modified":"2018-05-02T20:25:11","modified_gmt":"2018-05-02T18:25:11","slug":"messerstich-bei-streitigkeit-mordkommission-ermittelt","status":"publish","type":"post","link":"https:\/\/www.region-schwabach.de\/wordpress\/messerstich-bei-streitigkeit-mordkommission-ermittelt\/","title":{"rendered":"Messerstich bei Streitigkeit in Schwabach &#8211; Mordkommission ermittelt"},"content":{"rendered":"\t\t<div data-elementor-type=\"wp-post\" data-elementor-id=\"37938\" class=\"elementor elementor-37938 elementor-bc-flex-widget\">\n\t\t\t\t\t\t<section class=\"elementor-section elementor-top-section elementor-element elementor-element-tlus4ia elementor-section-boxed elementor-section-height-default elementor-section-height-default\" data-id=\"tlus4ia\" data-element_type=\"section\">\n\t\t\t\t\t\t<div class=\"elementor-container elementor-column-gap-default\">\n\t\t\t\t\t<div class=\"elementor-column elementor-col-66 elementor-top-column elementor-element elementor-element-sphcucl\" data-id=\"sphcucl\" data-element_type=\"column\">\n\t\t\t<div class=\"elementor-widget-wrap elementor-element-populated\">\n\t\t\t\t\t\t<div class=\"elementor-element elementor-element-4f2h2af elementor-widget elementor-widget-text-editor\" data-id=\"4f2h2af\" data-element_type=\"widget\" data-widget_type=\"text-editor.default\">\n\t\t\t\t<div class=\"elementor-widget-container\">\n\t\t\t\t\t\t\t<h3>Messerstich bei Streitigkeit in Schwabach<\/h3><p>Schwabach &#8211; Bereits am Montagabend (30.04.2018) ist offensichtlich ein Streit zwischen einer 50-j\u00e4hrigen Frau und ihrem Bekannten in Schwabach eskaliert. Da die Frau dabei mit einem Messer auf den 55-J\u00e4hrigen eingestochen haben soll, ermittelt nun die Mordkommission.<\/p><p>Um kurz nach 20:30 Uhr hatte ein Passant den 55-j\u00e4hrigen Mann mit einer Stichverletzung im Oberk\u00f6rper in der Regelsbacher Stra\u00dfe aufgegriffen und umgehend in das Stadtkrankenhaus Schwabach gebracht. Dort stellte sich heraus, dass sich der stark alkoholisierte Verletzte zuvor mit einer Bekannten im Garten eines Mehrfamilienhauses in der Regelsbacher Stra\u00dfe aufgehalten hatte. Als es beim Grillen zu einem Streit zwischen den beiden gekommen sein soll, habe die Tatverd\u00e4chtige mit einem Messer auf den 55-J\u00e4hrigen eingestochen und diesen hierdurch lebensgef\u00e4hrlich verletzt.<\/p><p>Eine Streifenbesatzung der Polizeiinspektion Schwabach nahm die Tatverd\u00e4chtige daraufhin in der N\u00e4he des Tatortanwesens fest. Sie wies ebenfalls eine deutliche Alkoholisierung auf. Die Staatsanwaltschaft N\u00fcrnberg-F\u00fcrth stellte gegen die Tatverd\u00e4chtige Haftantrag. Ein Ermittlungsrichter erlie\u00df im Zuge der Vorf\u00fchrung am gestrigen Tag (01.05.2018) Haftbefehl wegen versuchten Totschlags gegen die 50-j\u00e4hrige Frau. Die Hintergr\u00fcnde des Streits sowie dessen Verlauf sind nun Gegenstand der Ermittlungen durch die Mordkommission der Schwabacher Kriminalpolizei.<\/p><p><strong>Michael Konrad\/n<\/strong><\/p><p><span style=\"color: #000000; font-family: georgia, palatino, serif; font-size: 12pt; font-style: normal; font-variant-ligatures: normal; font-variant-caps: normal; font-weight: 400; letter-spacing: 0.68px;\">Original-Content von: Polizeipr\u00e4sidium Mittelfranken<\/span><strong><br \/><\/strong><\/p>\t\t\t\t\t\t<\/div>\n\t\t\t\t<\/div>\n\t\t\t\t<div class=\"elementor-element elementor-element-lkj62ub elementor-widget-divider--view-line elementor-widget elementor-widget-divider\" data-id=\"lkj62ub\" data-element_type=\"widget\" data-widget_type=\"divider.default\">\n\t\t\t\t<div class=\"elementor-widget-container\">\n\t\t\t\t\t<div class=\"elementor-divider\">\n\t\t\t<span class=\"elementor-divider-separator\">\n\t\t\t\t\t\t<\/span>\n\t\t<\/div>\n\t\t\t\t<\/div>\n\t\t\t\t<\/div>\n\t\t\t\t<div class=\"elementor-element elementor-element-c98jtdz elementor-widget elementor-widget-google_maps\" data-id=\"c98jtdz\" data-element_type=\"widget\" data-widget_type=\"google_maps.default\">\n\t\t\t\t<div class=\"elementor-widget-container\">\n\t\t\t\t\t<div class=\"elementor-custom-embed\">\n\t\t\t<iframe loading=\"lazy\"\n\t\t\t\t\tsrc=\"https:\/\/maps.google.com\/maps?q=Regelsbacher%20Stra%C3%9Fe%2C%20Schwabach%2C%20Deutschland&#038;t=m&#038;z=15&#038;output=embed&#038;iwloc=near\"\n\t\t\t\t\ttitle=\"Regelsbacher Stra\u00dfe, Schwabach, Deutschland\"\n\t\t\t\t\taria-label=\"Regelsbacher Stra\u00dfe, Schwabach, Deutschland\"\n\t\t\t><\/iframe>\n\t\t<\/div>\n\t\t\t\t<\/div>\n\t\t\t\t<\/div>\n\t\t\t\t\t<\/div>\n\t\t<\/div>\n\t\t\t\t<div class=\"elementor-column elementor-col-33 elementor-top-column elementor-element elementor-element-flkv3o5\" data-id=\"flkv3o5\" data-element_type=\"column\">\n\t\t\t<div class=\"elementor-widget-wrap elementor-element-populated\">\n\t\t\t\t\t\t<div class=\"elementor-element elementor-element-bpvimlk elementor-widget elementor-widget-image\" data-id=\"bpvimlk\" data-element_type=\"widget\" data-widget_type=\"image.default\">\n\t\t\t\t<div class=\"elementor-widget-container\">\n\t\t\t\t\t\t\t\t\t\t\t\t\t\t<a href=\"http:\/\/www.region-schwabach.de\/wordpress\/werben-auf-region-schwabach\/\" target=\"_blank\">\n\t\t\t\t\t\t\t<img fetchpriority=\"high\" decoding=\"async\" width=\"1024\" height=\"1024\" src=\"https:\/\/www.region-schwabach.de\/wordpress\/wp-content\/uploads\/2017\/06\/werbung8-1024x1024.png\" class=\"attachment-large size-large wp-image-2484\" alt=\"\" srcset=\"https:\/\/www.region-schwabach.de\/wordpress\/wp-content\/uploads\/2017\/06\/werbung8-1024x1024.png 1024w, https:\/\/www.region-schwabach.de\/wordpress\/wp-content\/uploads\/2017\/06\/werbung8-150x150.png 150w, https:\/\/www.region-schwabach.de\/wordpress\/wp-content\/uploads\/2017\/06\/werbung8-300x300.png 300w, https:\/\/www.region-schwabach.de\/wordpress\/wp-content\/uploads\/2017\/06\/werbung8-768x768.png 768w, https:\/\/www.region-schwabach.de\/wordpress\/wp-content\/uploads\/2017\/06\/werbung8-600x600.png 600w, https:\/\/www.region-schwabach.de\/wordpress\/wp-content\/uploads\/2017\/06\/werbung8.png 1200w\" sizes=\"(max-width: 1024px) 100vw, 1024px\" \/>\t\t\t\t\t\t\t\t<\/a>\n\t\t\t\t\t\t\t\t\t\t\t\t\t<\/div>\n\t\t\t\t<\/div>\n\t\t\t\t\t<\/div>\n\t\t<\/div>\n\t\t\t\t\t<\/div>\n\t\t<\/section>\n\t\t\t\t<\/div>\n\t\t","protected":false},"excerpt":{"rendered":"<div class=\"mh-excerpt\"><p>Messerstich bei Streitigkeit in Schwabach Schwabach &#8211; Bereits am Montagabend (30.04.2018) ist offensichtlich ein Streit zwischen einer 50-j\u00e4hrigen Frau und ihrem Bekannten in Schwabach eskaliert. Da die Frau dabei mit einem Messer auf den 55-J\u00e4hrigen <a class=\"mh-excerpt-more\" href=\"https:\/\/www.region-schwabach.de\/wordpress\/messerstich-bei-streitigkeit-mordkommission-ermittelt\/\" title=\"Messerstich bei Streitigkeit in Schwabach &#8211; Mordkommission ermittelt\">[&#8230;]<\/a><\/p>\n<\/div>","protected":false},"author":1,"featured_media":37939,"comment_status":"open","ping_status":"open","sticky":false,"template":"","format":"standard","meta":{"_cbd_carousel_blocks":"[]","footnotes":""},"categories":[15],"tags":[3250,2065,515,1856,1548,254,3815,1390,19,3816,646,3817],"class_list":{"0":"post-37938","1":"post","2":"type-post","3":"status-publish","4":"format-standard","5":"has-post-thumbnail","7":"category-polizeimeldungen","8":"tag-30-04-2018","9":"tag-frau","10":"tag-koerperverletzung","11":"tag-krankenhaus","12":"tag-mann","13":"tag-messer","14":"tag-mordkommission","15":"tag-regelsbacher-strasse","16":"tag-schwabach","17":"tag-stichverletzung","18":"tag-streit","19":"tag-verhaftung"},"_links":{"self":[{"href":"https:\/\/www.region-schwabach.de\/wordpress\/wp-json\/wp\/v2\/posts\/37938","targetHints":{"allow":["GET"]}}],"collection":[{"href":"https:\/\/www.region-schwabach.de\/wordpress\/wp-json\/wp\/v2\/posts"}],"about":[{"href":"https:\/\/www.region-schwabach.de\/wordpress\/wp-json\/wp\/v2\/types\/post"}],"author":[{"embeddable":true,"href":"https:\/\/www.region-schwabach.de\/wordpress\/wp-json\/wp\/v2\/users\/1"}],"replies":[{"embeddable":true,"href":"https:\/\/www.region-schwabach.de\/wordpress\/wp-json\/wp\/v2\/comments?post=37938"}],"version-history":[{"count":0,"href":"https:\/\/www.region-schwabach.de\/wordpress\/wp-json\/wp\/v2\/posts\/37938\/revisions"}],"wp:featuredmedia":[{"embeddable":true,"href":"https:\/\/www.region-schwabach.de\/wordpress\/wp-json\/wp\/v2\/media\/37939"}],"wp:attachment":[{"href":"https:\/\/www.region-schwabach.de\/wordpress\/wp-json\/wp\/v2\/media?parent=37938"}],"wp:term":[{"taxonomy":"category","embeddable":true,"href":"https:\/\/www.region-schwabach.de\/wordpress\/wp-json\/wp\/v2\/categories?post=37938"},{"taxonomy":"post_tag","embeddable":true,"href":"https:\/\/www.region-schwabach.de\/wordpress\/wp-json\/wp\/v2\/tags?post=37938"}],"curies":[{"name":"wp","href":"https:\/\/api.w.org\/{rel}","templated":true}]}}