{"id":38094,"date":"2018-05-05T16:59:31","date_gmt":"2018-05-05T14:59:31","guid":{"rendered":"http:\/\/www.region-schwabach.de\/wordpress\/?p=38094"},"modified":"2018-10-31T12:07:31","modified_gmt":"2018-10-31T11:07:31","slug":"sulzbuergstrasse-vom-14-mai-bis-18-mai-2018-gesperrt","status":"publish","type":"post","link":"https:\/\/www.region-schwabach.de\/wordpress\/sulzbuergstrasse-vom-14-mai-bis-18-mai-2018-gesperrt\/","title":{"rendered":"Sulzb\u00fcrgstra\u00dfe vom 14. Mai bis 18. Mai 2018 gesperrt"},"content":{"rendered":"\t\t<div data-elementor-type=\"wp-post\" data-elementor-id=\"38094\" class=\"elementor elementor-38094 elementor-bc-flex-widget\">\n\t\t\t\t\t\t<section class=\"elementor-section elementor-top-section elementor-element elementor-element-1dzeyuh elementor-section-boxed elementor-section-height-default elementor-section-height-default\" data-id=\"1dzeyuh\" data-element_type=\"section\">\n\t\t\t\t\t\t<div class=\"elementor-container elementor-column-gap-default\">\n\t\t\t\t\t<div class=\"elementor-column elementor-col-66 elementor-top-column elementor-element elementor-element-aam59ft\" data-id=\"aam59ft\" data-element_type=\"column\">\n\t\t\t<div class=\"elementor-widget-wrap elementor-element-populated\">\n\t\t\t\t\t\t<div class=\"elementor-element elementor-element-k9p1oyc elementor-widget elementor-widget-text-editor\" data-id=\"k9p1oyc\" data-element_type=\"widget\" data-widget_type=\"text-editor.default\">\n\t\t\t\t<div class=\"elementor-widget-container\">\n\t\t\t\t\t\t\t<h3>Sperrung vom 14. Mai 2018 bis 18. Mai 2018 n\u00f6tig<\/h3><p>Von Montag, den 14.05.2018, bis Freitag, den 18.05.2018, kommt es zur Sperrung der Sulzb\u00fcrgstra\u00dfe in Schwabach.<\/p><h3><strong>Verlegung eines neuen Gashausanschlusses\u00a0f\u00fcr Sperrung verantwortlich<\/strong><\/h3><p>Grund der Sperrung ist dei Verlegung eines neuen Gashausanschlusses auf H\u00f6he der Hausnummer 6.<\/p><h3>Anliegerverkehr bis zur Baustelle m\u00f6glich<\/h3><p>F\u00fcr die Dauer der Sperrung ist die Zufahrt f\u00fcr Anlieger beidseitig bis zur Baustelle m\u00f6glich.<\/p>\t\t\t\t\t\t<\/div>\n\t\t\t\t<\/div>\n\t\t\t\t<div class=\"elementor-element elementor-element-rf47wqh elementor-widget elementor-widget-google_maps\" data-id=\"rf47wqh\" data-element_type=\"widget\" data-widget_type=\"google_maps.default\">\n\t\t\t\t<div class=\"elementor-widget-container\">\n\t\t\t\t\t<div class=\"elementor-custom-embed\">\n\t\t\t<iframe loading=\"lazy\"\n\t\t\t\t\tsrc=\"https:\/\/maps.google.com\/maps?q=Sulzb%C3%BCrgstra%C3%9Fe%206%2C%20Schwabach%2C%20Deutschland&#038;t=m&#038;z=17&#038;output=embed&#038;iwloc=near\"\n\t\t\t\t\ttitle=\"Sulzb\u00fcrgstra\u00dfe 6, Schwabach, Deutschland\"\n\t\t\t\t\taria-label=\"Sulzb\u00fcrgstra\u00dfe 6, Schwabach, Deutschland\"\n\t\t\t><\/iframe>\n\t\t<\/div>\n\t\t\t\t<\/div>\n\t\t\t\t<\/div>\n\t\t\t\t\t<\/div>\n\t\t<\/div>\n\t\t\t\t<div class=\"elementor-column elementor-col-33 elementor-top-column elementor-element elementor-element-uferl75\" data-id=\"uferl75\" data-element_type=\"column\">\n\t\t\t<div class=\"elementor-widget-wrap elementor-element-populated\">\n\t\t\t\t\t\t<div class=\"elementor-element elementor-element-xuttsc2 elementor-widget elementor-widget-image\" data-id=\"xuttsc2\" data-element_type=\"widget\" data-widget_type=\"image.default\">\n\t\t\t\t<div class=\"elementor-widget-container\">\n\t\t\t\t\t\t\t\t\t\t\t\t\t<img fetchpriority=\"high\" decoding=\"async\" width=\"300\" height=\"300\" src=\"https:\/\/www.region-schwabach.de\/wordpress\/wp-content\/uploads\/2017\/06\/werbung8-300x300.png\" class=\"attachment-medium size-medium wp-image-2484\" alt=\"\" srcset=\"https:\/\/www.region-schwabach.de\/wordpress\/wp-content\/uploads\/2017\/06\/werbung8-300x300.png 300w, https:\/\/www.region-schwabach.de\/wordpress\/wp-content\/uploads\/2017\/06\/werbung8-150x150.png 150w, https:\/\/www.region-schwabach.de\/wordpress\/wp-content\/uploads\/2017\/06\/werbung8-768x768.png 768w, https:\/\/www.region-schwabach.de\/wordpress\/wp-content\/uploads\/2017\/06\/werbung8-1024x1024.png 1024w, https:\/\/www.region-schwabach.de\/wordpress\/wp-content\/uploads\/2017\/06\/werbung8-600x600.png 600w, https:\/\/www.region-schwabach.de\/wordpress\/wp-content\/uploads\/2017\/06\/werbung8.png 1200w\" sizes=\"(max-width: 300px) 100vw, 300px\" \/>\t\t\t\t\t\t\t\t\t\t\t\t\t<\/div>\n\t\t\t\t<\/div>\n\t\t\t\t\t<\/div>\n\t\t<\/div>\n\t\t\t\t\t<\/div>\n\t\t<\/section>\n\t\t\t\t<\/div>\n\t\t","protected":false},"excerpt":{"rendered":"<div class=\"mh-excerpt\"><p>Sperrung vom 14. Mai 2018 bis 18. Mai 2018 n\u00f6tig Von Montag, den 14.05.2018, bis Freitag, den 18.05.2018, kommt es zur Sperrung der Sulzb\u00fcrgstra\u00dfe in Schwabach. Verlegung eines neuen Gashausanschlusses\u00a0f\u00fcr Sperrung verantwortlich Grund der Sperrung <a class=\"mh-excerpt-more\" href=\"https:\/\/www.region-schwabach.de\/wordpress\/sulzbuergstrasse-vom-14-mai-bis-18-mai-2018-gesperrt\/\" title=\"Sulzb\u00fcrgstra\u00dfe vom 14. Mai bis 18. Mai 2018 gesperrt\">[&#8230;]<\/a><\/p>\n<\/div>","protected":false},"author":1,"featured_media":38095,"comment_status":"open","ping_status":"open","sticky":false,"template":"template-full.php","format":"standard","meta":{"_cbd_carousel_blocks":"[]","footnotes":""},"categories":[16,14],"tags":[6682,19,276,3858,3859],"class_list":{"0":"post-38094","1":"post","2":"type-post","3":"status-publish","4":"format-standard","5":"has-post-thumbnail","7":"category-aktuell","8":"category-verkehrsinfos","9":"tag-14-mai-bis-18-mai-2018","10":"tag-schwabach","11":"tag-sperrung","12":"tag-suelzburgstrasse","13":"tag-verlegung-von-gashausanschluss"},"_links":{"self":[{"href":"https:\/\/www.region-schwabach.de\/wordpress\/wp-json\/wp\/v2\/posts\/38094","targetHints":{"allow":["GET"]}}],"collection":[{"href":"https:\/\/www.region-schwabach.de\/wordpress\/wp-json\/wp\/v2\/posts"}],"about":[{"href":"https:\/\/www.region-schwabach.de\/wordpress\/wp-json\/wp\/v2\/types\/post"}],"author":[{"embeddable":true,"href":"https:\/\/www.region-schwabach.de\/wordpress\/wp-json\/wp\/v2\/users\/1"}],"replies":[{"embeddable":true,"href":"https:\/\/www.region-schwabach.de\/wordpress\/wp-json\/wp\/v2\/comments?post=38094"}],"version-history":[{"count":0,"href":"https:\/\/www.region-schwabach.de\/wordpress\/wp-json\/wp\/v2\/posts\/38094\/revisions"}],"wp:featuredmedia":[{"embeddable":true,"href":"https:\/\/www.region-schwabach.de\/wordpress\/wp-json\/wp\/v2\/media\/38095"}],"wp:attachment":[{"href":"https:\/\/www.region-schwabach.de\/wordpress\/wp-json\/wp\/v2\/media?parent=38094"}],"wp:term":[{"taxonomy":"category","embeddable":true,"href":"https:\/\/www.region-schwabach.de\/wordpress\/wp-json\/wp\/v2\/categories?post=38094"},{"taxonomy":"post_tag","embeddable":true,"href":"https:\/\/www.region-schwabach.de\/wordpress\/wp-json\/wp\/v2\/tags?post=38094"}],"curies":[{"name":"wp","href":"https:\/\/api.w.org\/{rel}","templated":true}]}}