{"id":38706,"date":"2018-05-08T08:21:40","date_gmt":"2018-05-08T06:21:40","guid":{"rendered":"http:\/\/www.region-schwabach.de\/wordpress\/?p=38706"},"modified":"2018-05-14T12:30:08","modified_gmt":"2018-05-14T10:30:08","slug":"wohnbaufoebufdis-im-schwabacher-umweltschutzamt-ab-september-2018-gesucht","status":"publish","type":"post","link":"https:\/\/www.region-schwabach.de\/wordpress\/wohnbaufoebufdis-im-schwabacher-umweltschutzamt-ab-september-2018-gesucht\/","title":{"rendered":"Bufdis im Schwabacher Umweltschutzamt ab September 2018 gesucht"},"content":{"rendered":"\t\t<div data-elementor-type=\"wp-post\" data-elementor-id=\"38706\" class=\"elementor elementor-38706 elementor-bc-flex-widget\">\n\t\t\t\t\t\t<section class=\"elementor-section elementor-top-section elementor-element elementor-element-678181b elementor-section-boxed elementor-section-height-default elementor-section-height-default\" data-id=\"678181b\" data-element_type=\"section\">\n\t\t\t\t\t\t<div class=\"elementor-container elementor-column-gap-default\">\n\t\t\t\t\t<div class=\"elementor-column elementor-col-66 elementor-top-column elementor-element elementor-element-6b34026\" data-id=\"6b34026\" data-element_type=\"column\">\n\t\t\t<div class=\"elementor-widget-wrap elementor-element-populated\">\n\t\t\t\t\t\t<div class=\"elementor-element elementor-element-443ab98 elementor-widget elementor-widget-text-editor\" data-id=\"443ab98\" data-element_type=\"widget\" data-widget_type=\"text-editor.default\">\n\t\t\t\t<div class=\"elementor-widget-container\">\n\t\t\t\t\t\t\t<h3>Berufliche Orientierung im Naturschutz:<br \/>Bufdis im Umweltschutzamt haben viel zu tun<\/h3><p>Zwei neue Mitarbeitende sucht das Umweltschutzamt der Stadt Schwabach\u00a0sp\u00e4testens ab September 2018. Im Rahmen des bundesfreiwilligendienstes\u00a0(Bufdi) arbeiten diese f\u00fcr ein Jahr im Bereich Umwelt- und Naturschutz.<\/p><h3>Taschengeld, Urlaub, Weiterbildungen<\/h3><p>Es gibt\u00a0ein monatliches Taschengeld, Jahresurlaub sowie f\u00fcnf einw\u00f6chige Seminare\u00a0zur Weiterbildung.\u00a0Bestens geeignet sind die Stellen f\u00fcr (m\u00e4nnliche wie weibliche) Jugendliche,\u00a0die sich nach dem Schulabschluss f\u00fcr das Berufsleben orientieren wollen. Die\u00a0Aufgaben in der Natur machen viel Spa\u00df und vermitteln zahlreiche\u00a0Erfahrungen.<\/p><h3>Aufgabenbereiche<\/h3><ul style=\"list-style-type: disc;\"><li>So pflegen die Jugendlichen Biotope wie Hecken, Sandmagerrasen\u00a0und B\u00e4che.<\/li><li>Sie reinigen Nistk\u00e4sten und stellen Amphibienschutzz\u00e4une\u00a0auf.<\/li><li>Bei der biobrotboxaktion oder dem Regionalmarkt sind sie ebenfalls im\u00a0Einsatz.<\/li><li>Kontrollg\u00e4nge \u00fcber den Schwabacher Naturspaziergang, Kartierungen\u00a0oder das Entsorgen von illegalen M\u00fcllablagerungen sind weitere T\u00e4tigkeiten.<\/li><\/ul><h3>Noch Fragen ?<\/h3><p>Weitere Informationen gibt es beim Umweltschutzamt unter Telefon 09122\u00a0860-341 oder im Internet unter <a href=\"http:\/\/www.schwabach. de\/umwelt\/bufdi\" target=\"_blank\" rel=\"noopener\" data-wplink-url-error=\"true\">www.schwabach. de\/umwelt\/bufdi<\/a>.<\/p><p><strong>Foto:<\/strong> Die Aufgaben des Bundesfreiwilligendienstes im Umweltschutzamt\u00a0k\u00f6nnen junge Frauen genauso aus\u00fcben wie M\u00e4nner.<\/p>\t\t\t\t\t\t<\/div>\n\t\t\t\t<\/div>\n\t\t\t\t\t<\/div>\n\t\t<\/div>\n\t\t\t\t<div class=\"elementor-column elementor-col-33 elementor-top-column elementor-element elementor-element-f645137\" data-id=\"f645137\" data-element_type=\"column\">\n\t\t\t<div class=\"elementor-widget-wrap elementor-element-populated\">\n\t\t\t\t\t\t<div class=\"elementor-element elementor-element-25043c1 elementor-widget elementor-widget-image\" data-id=\"25043c1\" data-element_type=\"widget\" data-widget_type=\"image.default\">\n\t\t\t\t<div class=\"elementor-widget-container\">\n\t\t\t\t\t\t\t\t\t\t\t\t\t<img fetchpriority=\"high\" decoding=\"async\" width=\"300\" height=\"300\" src=\"https:\/\/www.region-schwabach.de\/wordpress\/wp-content\/uploads\/2018\/04\/werbung1-300x300.png\" class=\"attachment-medium size-medium wp-image-35382\" alt=\"\" srcset=\"https:\/\/www.region-schwabach.de\/wordpress\/wp-content\/uploads\/2018\/04\/werbung1-300x300.png 300w, https:\/\/www.region-schwabach.de\/wordpress\/wp-content\/uploads\/2018\/04\/werbung1-150x150.png 150w, https:\/\/www.region-schwabach.de\/wordpress\/wp-content\/uploads\/2018\/04\/werbung1-768x768.png 768w, https:\/\/www.region-schwabach.de\/wordpress\/wp-content\/uploads\/2018\/04\/werbung1-1024x1024.png 1024w, https:\/\/www.region-schwabach.de\/wordpress\/wp-content\/uploads\/2018\/04\/werbung1.png 1200w\" sizes=\"(max-width: 300px) 100vw, 300px\" \/>\t\t\t\t\t\t\t\t\t\t\t\t\t<\/div>\n\t\t\t\t<\/div>\n\t\t\t\t\t<\/div>\n\t\t<\/div>\n\t\t\t\t\t<\/div>\n\t\t<\/section>\n\t\t\t\t<\/div>\n\t\t","protected":false},"excerpt":{"rendered":"<div class=\"mh-excerpt\"><p>Berufliche Orientierung im Naturschutz: Bufdis im Umweltschutzamt haben viel zu tun Zwei neue Mitarbeitende sucht das Umweltschutzamt der Stadt Schwabach\u00a0sp\u00e4testens ab September 2018. Im Rahmen des bundesfreiwilligendienstes\u00a0(Bufdi) arbeiten diese f\u00fcr ein Jahr im Bereich Umwelt- <a class=\"mh-excerpt-more\" href=\"https:\/\/www.region-schwabach.de\/wordpress\/wohnbaufoebufdis-im-schwabacher-umweltschutzamt-ab-september-2018-gesucht\/\" title=\"Bufdis im Schwabacher Umweltschutzamt ab September 2018 gesucht\">[&#8230;]<\/a><\/p>\n<\/div>","protected":false},"author":1,"featured_media":38712,"comment_status":"open","ping_status":"open","sticky":false,"template":"","format":"standard","meta":{"_cbd_carousel_blocks":"[]","footnotes":""},"categories":[16,1,61,203],"tags":[3882,3883,1480,19,3881,3151,207],"class_list":{"0":"post-38706","1":"post","2":"type-post","3":"status-publish","4":"format-standard","5":"has-post-thumbnail","7":"category-aktuell","8":"category-allgemein","9":"category-rathaus","10":"category-umwelt-nachrichten","11":"tag-bufdis","12":"tag-mitarbeitende","13":"tag-rathaus","14":"tag-schwabach","15":"tag-september-2018","16":"tag-stadt-schwabach","17":"tag-umweltschutzamt"},"_links":{"self":[{"href":"https:\/\/www.region-schwabach.de\/wordpress\/wp-json\/wp\/v2\/posts\/38706","targetHints":{"allow":["GET"]}}],"collection":[{"href":"https:\/\/www.region-schwabach.de\/wordpress\/wp-json\/wp\/v2\/posts"}],"about":[{"href":"https:\/\/www.region-schwabach.de\/wordpress\/wp-json\/wp\/v2\/types\/post"}],"author":[{"embeddable":true,"href":"https:\/\/www.region-schwabach.de\/wordpress\/wp-json\/wp\/v2\/users\/1"}],"replies":[{"embeddable":true,"href":"https:\/\/www.region-schwabach.de\/wordpress\/wp-json\/wp\/v2\/comments?post=38706"}],"version-history":[{"count":0,"href":"https:\/\/www.region-schwabach.de\/wordpress\/wp-json\/wp\/v2\/posts\/38706\/revisions"}],"wp:featuredmedia":[{"embeddable":true,"href":"https:\/\/www.region-schwabach.de\/wordpress\/wp-json\/wp\/v2\/media\/38712"}],"wp:attachment":[{"href":"https:\/\/www.region-schwabach.de\/wordpress\/wp-json\/wp\/v2\/media?parent=38706"}],"wp:term":[{"taxonomy":"category","embeddable":true,"href":"https:\/\/www.region-schwabach.de\/wordpress\/wp-json\/wp\/v2\/categories?post=38706"},{"taxonomy":"post_tag","embeddable":true,"href":"https:\/\/www.region-schwabach.de\/wordpress\/wp-json\/wp\/v2\/tags?post=38706"}],"curies":[{"name":"wp","href":"https:\/\/api.w.org\/{rel}","templated":true}]}}