{"id":38711,"date":"2018-05-07T15:59:34","date_gmt":"2018-05-07T13:59:34","guid":{"rendered":"http:\/\/www.region-schwabach.de\/wordpress\/?p=38711"},"modified":"2018-05-07T17:27:30","modified_gmt":"2018-05-07T15:27:30","slug":"wohnbaufoerderung-antrag-bei-der-stadt-stellen","status":"publish","type":"post","link":"https:\/\/www.region-schwabach.de\/wordpress\/wohnbaufoerderung-antrag-bei-der-stadt-stellen\/","title":{"rendered":"Wohnbauf\u00f6rderung: Antrag bei der Stadt stellen"},"content":{"rendered":"\t\t<div data-elementor-type=\"wp-post\" data-elementor-id=\"38711\" class=\"elementor elementor-38711 elementor-bc-flex-widget\">\n\t\t\t\t\t\t<section class=\"elementor-section elementor-top-section elementor-element elementor-element-678181b elementor-section-boxed elementor-section-height-default elementor-section-height-default\" data-id=\"678181b\" data-element_type=\"section\">\n\t\t\t\t\t\t<div class=\"elementor-container elementor-column-gap-default\">\n\t\t\t\t\t<div class=\"elementor-column elementor-col-66 elementor-top-column elementor-element elementor-element-6b34026\" data-id=\"6b34026\" data-element_type=\"column\">\n\t\t\t<div class=\"elementor-widget-wrap elementor-element-populated\">\n\t\t\t\t\t\t<div class=\"elementor-element elementor-element-443ab98 elementor-widget elementor-widget-text-editor\" data-id=\"443ab98\" data-element_type=\"widget\" data-widget_type=\"text-editor.default\">\n\t\t\t\t<div class=\"elementor-widget-container\">\n\t\t\t\t\t\t\t<h3>Einkommensgrenzen bei Wohnbauf\u00f6rderung<br \/>angehoben:\u00a0Antrag bei der Stadt stellen<\/h3><p>Der Freistaat Bayern und die Bayerische Landesbodenkreditanstalt\u00a0unterst\u00fctzen vor allem Familien mit mittleren Einkommen beim Bau oder Kauf\u00a0eines Hauses oder einer Wohnung. Die bereits seit Jahren g\u00fcltigen\u00a0Einkommensgrenzen wurden nun zum 1. Mai 2018 erh\u00f6ht.<\/p><h3>Darlehen und Zusch\u00fcsse<\/h3><p>F\u00fcr Ehepaare, die noch nicht l\u00e4nger als sieben Jahre verheiratet sind, erh\u00f6ht\u00a0sich die Einkommensgrenze um 7.100 Euro. Bei Vorliegen einer Minderung der\u00a0Erwerbsf\u00e4higkeit von mindesten 50 Prozent erfolgt ebenfalls eine Erh\u00f6hung der\u00a0Einkommensgrenze um 6.000 Euro. Es werden Darlehen und Zusch\u00fcsse f\u00fcr\u00a0Kinder aus dem Bayerischen Wohnungsbauprogramm sowie dem Bayerischen\u00a0Zinsverbilligungsprogramm f\u00fcr den eigenen neuen oder gebrauchten\u00a0Wohnraum vergeben.<\/p><h3>Beispiele:<\/h3><ul style=\"list-style-type: disc;\"><li>Familie mit 1 Kind: neue Einkommensgrenze Bruttojahreseinkommen 67.000<br \/>Euro (bisher 52.700 Euro)<\/li><li>Familie mit 2 Kindern neu 82.500 Euro (bisher 63.400 Euro)<\/li><li>Alleinerziehende\/r mit 2 Kindern: neu 69.500 Euro (bisher 54.100 Euro)<\/li><\/ul><h3>Bayerisches Zinsverbilligungsprogramm<\/h3><p>Im Rahmen des Bayerischen Zinsverbilligungsprogrammes wird auch ein\u00a0Volltilgerdarlehen (Laufzeit 30 Jahre) angeboten. Der effektive Jahreszins\u00a0betr\u00e4gt derzeit 2,05 Prozent, die Tilgung 2,53 Prozent. F\u00fcr alle Objekte auf\u00a0dem Gebiet der Stadt Schwabach ist die Stadt auch die \u00f6rtliche\u00a0Bewilligungsstelle.<\/p><h3>Beantragung vor Baubeginn bzw. vor Abschluss eines Kaufvertrages<\/h3><p>Die F\u00f6rdergelder m\u00fcssen vor Baubeginn bzw. vor dem Abschluss eines\u00a0Kaufvertrages beantragt werden. Es m\u00fcssen mindestens 15 Prozent der\u00a0gesamten anfallenden Kosten an Bargeld eingesetzt werden k\u00f6nnen,\u00a0empfohlen werden jedoch 25 Prozent. Als Eigenleistung z\u00e4hlt auch der Wert\u00a0des eigenen Grundst\u00fcckes.<\/p><h3>F\u00f6rderung\u00a0auch f\u00fcr die Anpassung von eigenem Wohnraum f\u00fcr Behinderte und\u00a0Schwerkranke m\u00f6glich<\/h3><p>Im Rahmen der staatlichen Wohnungsbauf\u00f6rderung\u00a0kann auch die Anpassung von eigenem Wohnraum f\u00fcr Behinderte und\u00a0Schwerkranke gef\u00f6rdert werden. In Frage kommen alle Ma\u00dfnahmen, die dem\u00a0Behinderten die Lebensf\u00fchrung erleichtern und den Funktionsablauf in der\u00a0Wohnung verbessern.<\/p><h3>Noch Fragen ?<\/h3><p>In der Bauverwaltung (Albrecht- Achilles-Str. 6\/8),\u00a0beantworten Fragen: Claudia Luxenburger, Telefon 09122 860-513, Margit\u00a0Stengel, Telefon 09122 860-512, sowie f\u00fcr die F\u00f6rderung im Rahmen des\u00a0Mietwohnungsbaues Cornelia Breitzke von der Regierung von Mittelfranken,\u00a0Sachgebiet Wohnungswesen, Telefon 0981 53-1254.<\/p>\t\t\t\t\t\t<\/div>\n\t\t\t\t<\/div>\n\t\t\t\t\t<\/div>\n\t\t<\/div>\n\t\t\t\t<div class=\"elementor-column elementor-col-33 elementor-top-column elementor-element elementor-element-f645137\" data-id=\"f645137\" data-element_type=\"column\">\n\t\t\t<div class=\"elementor-widget-wrap elementor-element-populated\">\n\t\t\t\t\t\t<div class=\"elementor-element elementor-element-25043c1 elementor-widget elementor-widget-image\" data-id=\"25043c1\" data-element_type=\"widget\" data-widget_type=\"image.default\">\n\t\t\t\t<div class=\"elementor-widget-container\">\n\t\t\t\t\t\t\t\t\t\t\t\t\t<img fetchpriority=\"high\" decoding=\"async\" width=\"300\" height=\"300\" src=\"https:\/\/www.region-schwabach.de\/wordpress\/wp-content\/uploads\/2018\/04\/werbung1-300x300.png\" class=\"attachment-medium size-medium wp-image-35382\" alt=\"\" srcset=\"https:\/\/www.region-schwabach.de\/wordpress\/wp-content\/uploads\/2018\/04\/werbung1-300x300.png 300w, https:\/\/www.region-schwabach.de\/wordpress\/wp-content\/uploads\/2018\/04\/werbung1-150x150.png 150w, https:\/\/www.region-schwabach.de\/wordpress\/wp-content\/uploads\/2018\/04\/werbung1-768x768.png 768w, https:\/\/www.region-schwabach.de\/wordpress\/wp-content\/uploads\/2018\/04\/werbung1-1024x1024.png 1024w, https:\/\/www.region-schwabach.de\/wordpress\/wp-content\/uploads\/2018\/04\/werbung1.png 1200w\" sizes=\"(max-width: 300px) 100vw, 300px\" \/>\t\t\t\t\t\t\t\t\t\t\t\t\t<\/div>\n\t\t\t\t<\/div>\n\t\t\t\t\t<\/div>\n\t\t<\/div>\n\t\t\t\t\t<\/div>\n\t\t<\/section>\n\t\t\t\t<\/div>\n\t\t","protected":false},"excerpt":{"rendered":"<div class=\"mh-excerpt\"><p>Einkommensgrenzen bei Wohnbauf\u00f6rderung angehoben:\u00a0Antrag bei der Stadt stellen Der Freistaat Bayern und die Bayerische Landesbodenkreditanstalt\u00a0unterst\u00fctzen vor allem Familien mit mittleren Einkommen beim Bau oder Kauf\u00a0eines Hauses oder einer Wohnung. Die bereits seit Jahren g\u00fcltigen\u00a0Einkommensgrenzen wurden <a class=\"mh-excerpt-more\" href=\"https:\/\/www.region-schwabach.de\/wordpress\/wohnbaufoerderung-antrag-bei-der-stadt-stellen\/\" title=\"Wohnbauf\u00f6rderung: Antrag bei der Stadt stellen\">[&#8230;]<\/a><\/p>\n<\/div>","protected":false},"author":1,"featured_media":38707,"comment_status":"open","ping_status":"open","sticky":false,"template":"","format":"standard","meta":{"_cbd_carousel_blocks":"[]","footnotes":""},"categories":[16,1,287,79,61],"tags":[3880,522,3878,1480,19,3151,3879],"class_list":{"0":"post-38711","1":"post","2":"type-post","3":"status-publish","4":"format-standard","5":"has-post-thumbnail","7":"category-aktuell","8":"category-allgemein","9":"category-jugend-und-familie","10":"category-politik","11":"category-rathaus","12":"tag-einkommensgrenzen","13":"tag-koenigsplatz","14":"tag-mai-2018","15":"tag-rathaus","16":"tag-schwabach","17":"tag-stadt-schwabach","18":"tag-wohnbaufoerderung"},"_links":{"self":[{"href":"https:\/\/www.region-schwabach.de\/wordpress\/wp-json\/wp\/v2\/posts\/38711","targetHints":{"allow":["GET"]}}],"collection":[{"href":"https:\/\/www.region-schwabach.de\/wordpress\/wp-json\/wp\/v2\/posts"}],"about":[{"href":"https:\/\/www.region-schwabach.de\/wordpress\/wp-json\/wp\/v2\/types\/post"}],"author":[{"embeddable":true,"href":"https:\/\/www.region-schwabach.de\/wordpress\/wp-json\/wp\/v2\/users\/1"}],"replies":[{"embeddable":true,"href":"https:\/\/www.region-schwabach.de\/wordpress\/wp-json\/wp\/v2\/comments?post=38711"}],"version-history":[{"count":0,"href":"https:\/\/www.region-schwabach.de\/wordpress\/wp-json\/wp\/v2\/posts\/38711\/revisions"}],"wp:featuredmedia":[{"embeddable":true,"href":"https:\/\/www.region-schwabach.de\/wordpress\/wp-json\/wp\/v2\/media\/38707"}],"wp:attachment":[{"href":"https:\/\/www.region-schwabach.de\/wordpress\/wp-json\/wp\/v2\/media?parent=38711"}],"wp:term":[{"taxonomy":"category","embeddable":true,"href":"https:\/\/www.region-schwabach.de\/wordpress\/wp-json\/wp\/v2\/categories?post=38711"},{"taxonomy":"post_tag","embeddable":true,"href":"https:\/\/www.region-schwabach.de\/wordpress\/wp-json\/wp\/v2\/tags?post=38711"}],"curies":[{"name":"wp","href":"https:\/\/api.w.org\/{rel}","templated":true}]}}