{"id":38736,"date":"2018-05-08T12:55:55","date_gmt":"2018-05-08T10:55:55","guid":{"rendered":"http:\/\/www.region-schwabach.de\/wordpress\/?p=38736"},"modified":"2018-05-08T13:36:18","modified_gmt":"2018-05-08T11:36:18","slug":"kontrollsaeule-an-der-b2-zwischen-schwabach-und-wolkersdorf-installiert","status":"publish","type":"post","link":"https:\/\/www.region-schwabach.de\/wordpress\/kontrollsaeule-an-der-b2-zwischen-schwabach-und-wolkersdorf-installiert\/","title":{"rendered":"Kontrolls\u00e4ule an der B2 zwischen Schwabach und Wolkersdorf installiert"},"content":{"rendered":"\t\t<div data-elementor-type=\"wp-post\" data-elementor-id=\"38736\" class=\"elementor elementor-38736 elementor-bc-flex-widget\">\n\t\t\t\t\t\t<section class=\"elementor-section elementor-top-section elementor-element elementor-element-678181b elementor-section-boxed elementor-section-height-default elementor-section-height-default\" data-id=\"678181b\" data-element_type=\"section\">\n\t\t\t\t\t\t<div class=\"elementor-container elementor-column-gap-default\">\n\t\t\t\t\t<div class=\"elementor-column elementor-col-66 elementor-top-column elementor-element elementor-element-6b34026\" data-id=\"6b34026\" data-element_type=\"column\">\n\t\t\t<div class=\"elementor-widget-wrap elementor-element-populated\">\n\t\t\t\t\t\t<div class=\"elementor-element elementor-element-443ab98 elementor-widget elementor-widget-text-editor\" data-id=\"443ab98\" data-element_type=\"widget\" data-widget_type=\"text-editor.default\">\n\t\t\t\t<div class=\"elementor-widget-container\">\n\t\t\t\t\t\t\t<h3>Aufgebaute Kontrolls\u00e4ule wirft Fragen auf<\/h3><p>Vielen Fahrern ist wahrscheinlich bereits die neu installierte Kontrolls\u00e4ule auf der Bundesstra\u00dfe 2 zwischen Wolkersdorf und Schwabach aufgefallen.<\/p><h3>Ger\u00e4t an der B2 bei Schwabach ist keine Radarfalle<\/h3><p>Doch gl\u00fccklicherweise hat sich die Bef\u00fcrchtung vieler Fahrer, es k\u00f6nnte sich um einen der neuen sog. &#8222;Superblitzer&#8220; (Neben Rots\u00fcndern haben diese Ger\u00e4te auch Raser im Visier &#8211; und das in alle vier Himmelsrichtungen) handeln, nicht bewahrheitet.<\/p><h3>Anlage dient nur zur Kontrolle der Mautpflicht<\/h3><p>Bei der hier installierten Anlage handelt es sich lediglich um ein Ger\u00e4t zur Kontrolle der ab 1. Juli 2018 auf allen Bundesstra\u00dfen g\u00fcltigen Mautpflicht.<\/p><h3>So funktionieren die Kontrolls\u00e4ulen<\/h3><p>Ca. 600 solcher Kontrolls\u00e4ulen sind bundesweit im Einsatz, um die Einhaltung der ab dem 1. Juli 2018 in Kraft tretenden Mautpflicht auf Bundesstra\u00dfen zu kontrollieren.<\/p><p>Im Prinzip funktionieren diese S\u00e4ulen \u00e4hnlich wie die an Autobahnbr\u00fccken installierten Systeme.\u00a0Von jedem Fahrzeug, da\u00df die Kontrolls\u00e4ule passiert, werden ein \u00dcbersichts-, ein Seitenansichts- und ein Kennzeichenbild gefertigt.<\/p><p>Die erfassten Daten der Kontrolls\u00e4ule werden dann mit den Daten aus dem Toll Collect-Rechenzentrum abgeglichen, und es wird umgehend festgestellt, ob f\u00fcr das ausgewertete Fahrzeug eine g\u00fcltige Einbuchung vorliegt, und ob alle Angaben korrekt gemacht wurden. Ist alles korrekt, werden die gemachten Aufnahmen umgehend wieder gel\u00f6scht.<\/p><p>Alle von den erfassten PKWs gemachten Aufnahmen werden nach Angaben des Betreibers sofort gel\u00f6scht, die Bilder werden weder gespeichert oder weitergegeben.<\/p><p style=\"padding-left: 30px;\">\u00a0<\/p>\t\t\t\t\t\t<\/div>\n\t\t\t\t<\/div>\n\t\t\t\t<div class=\"elementor-element elementor-element-21c3450 elementor-widget-divider--view-line elementor-widget elementor-widget-divider\" data-id=\"21c3450\" data-element_type=\"widget\" data-widget_type=\"divider.default\">\n\t\t\t\t<div class=\"elementor-widget-container\">\n\t\t\t\t\t<div class=\"elementor-divider\">\n\t\t\t<span class=\"elementor-divider-separator\">\n\t\t\t\t\t\t<\/span>\n\t\t<\/div>\n\t\t\t\t<\/div>\n\t\t\t\t<\/div>\n\t\t\t\t<div class=\"elementor-element elementor-element-f4c690c elementor-widget elementor-widget-google_maps\" data-id=\"f4c690c\" data-element_type=\"widget\" data-widget_type=\"google_maps.default\">\n\t\t\t\t<div class=\"elementor-widget-container\">\n\t\t\t\t\t<div class=\"elementor-custom-embed\">\n\t\t\t<iframe loading=\"lazy\"\n\t\t\t\t\tsrc=\"https:\/\/maps.google.com\/maps?q=49.344899%2C%2011.022473&#038;t=m&#038;z=14&#038;output=embed&#038;iwloc=near\"\n\t\t\t\t\ttitle=\"49.344899, 11.022473\"\n\t\t\t\t\taria-label=\"49.344899, 11.022473\"\n\t\t\t><\/iframe>\n\t\t<\/div>\n\t\t\t\t<\/div>\n\t\t\t\t<\/div>\n\t\t\t\t\t<\/div>\n\t\t<\/div>\n\t\t\t\t<div class=\"elementor-column elementor-col-33 elementor-top-column elementor-element elementor-element-f645137\" data-id=\"f645137\" data-element_type=\"column\">\n\t\t\t<div class=\"elementor-widget-wrap elementor-element-populated\">\n\t\t\t\t\t\t<div class=\"elementor-element elementor-element-25043c1 elementor-widget elementor-widget-image\" data-id=\"25043c1\" data-element_type=\"widget\" data-widget_type=\"image.default\">\n\t\t\t\t<div class=\"elementor-widget-container\">\n\t\t\t\t\t\t\t\t\t\t\t\t\t<img fetchpriority=\"high\" decoding=\"async\" width=\"300\" height=\"300\" src=\"https:\/\/www.region-schwabach.de\/wordpress\/wp-content\/uploads\/2018\/04\/werbung1-300x300.png\" class=\"attachment-medium size-medium wp-image-35382\" alt=\"\" srcset=\"https:\/\/www.region-schwabach.de\/wordpress\/wp-content\/uploads\/2018\/04\/werbung1-300x300.png 300w, https:\/\/www.region-schwabach.de\/wordpress\/wp-content\/uploads\/2018\/04\/werbung1-150x150.png 150w, https:\/\/www.region-schwabach.de\/wordpress\/wp-content\/uploads\/2018\/04\/werbung1-768x768.png 768w, https:\/\/www.region-schwabach.de\/wordpress\/wp-content\/uploads\/2018\/04\/werbung1-1024x1024.png 1024w, https:\/\/www.region-schwabach.de\/wordpress\/wp-content\/uploads\/2018\/04\/werbung1.png 1200w\" sizes=\"(max-width: 300px) 100vw, 300px\" \/>\t\t\t\t\t\t\t\t\t\t\t\t\t<\/div>\n\t\t\t\t<\/div>\n\t\t\t\t\t<\/div>\n\t\t<\/div>\n\t\t\t\t\t<\/div>\n\t\t<\/section>\n\t\t\t\t<\/div>\n\t\t","protected":false},"excerpt":{"rendered":"<div class=\"mh-excerpt\"><p>Aufgebaute Kontrolls\u00e4ule wirft Fragen auf Vielen Fahrern ist wahrscheinlich bereits die neu installierte Kontrolls\u00e4ule auf der Bundesstra\u00dfe 2 zwischen Wolkersdorf und Schwabach aufgefallen. Ger\u00e4t an der B2 bei Schwabach ist keine Radarfalle Doch gl\u00fccklicherweise hat <a class=\"mh-excerpt-more\" href=\"https:\/\/www.region-schwabach.de\/wordpress\/kontrollsaeule-an-der-b2-zwischen-schwabach-und-wolkersdorf-installiert\/\" title=\"Kontrolls\u00e4ule an der B2 zwischen Schwabach und Wolkersdorf installiert\">[&#8230;]<\/a><\/p>\n<\/div>","protected":false},"author":1,"featured_media":38737,"comment_status":"open","ping_status":"open","sticky":false,"template":"","format":"standard","meta":{"_cbd_carousel_blocks":"[]","footnotes":""},"categories":[16,1,14],"tags":[541,2292,3889,3878,3890,3888,19,2205,400],"class_list":{"0":"post-38736","1":"post","2":"type-post","3":"status-publish","4":"format-standard","5":"has-post-thumbnail","7":"category-aktuell","8":"category-allgemein","9":"category-verkehrsinfos","10":"tag-bundesstrasse-2","11":"tag-kontrolle","12":"tag-kontrollsaeule","13":"tag-mai-2018","14":"tag-mautpflicht","15":"tag-nasbach","16":"tag-schwabach","17":"tag-schwbach","18":"tag-wolkersdorf"},"_links":{"self":[{"href":"https:\/\/www.region-schwabach.de\/wordpress\/wp-json\/wp\/v2\/posts\/38736","targetHints":{"allow":["GET"]}}],"collection":[{"href":"https:\/\/www.region-schwabach.de\/wordpress\/wp-json\/wp\/v2\/posts"}],"about":[{"href":"https:\/\/www.region-schwabach.de\/wordpress\/wp-json\/wp\/v2\/types\/post"}],"author":[{"embeddable":true,"href":"https:\/\/www.region-schwabach.de\/wordpress\/wp-json\/wp\/v2\/users\/1"}],"replies":[{"embeddable":true,"href":"https:\/\/www.region-schwabach.de\/wordpress\/wp-json\/wp\/v2\/comments?post=38736"}],"version-history":[{"count":0,"href":"https:\/\/www.region-schwabach.de\/wordpress\/wp-json\/wp\/v2\/posts\/38736\/revisions"}],"wp:featuredmedia":[{"embeddable":true,"href":"https:\/\/www.region-schwabach.de\/wordpress\/wp-json\/wp\/v2\/media\/38737"}],"wp:attachment":[{"href":"https:\/\/www.region-schwabach.de\/wordpress\/wp-json\/wp\/v2\/media?parent=38736"}],"wp:term":[{"taxonomy":"category","embeddable":true,"href":"https:\/\/www.region-schwabach.de\/wordpress\/wp-json\/wp\/v2\/categories?post=38736"},{"taxonomy":"post_tag","embeddable":true,"href":"https:\/\/www.region-schwabach.de\/wordpress\/wp-json\/wp\/v2\/tags?post=38736"}],"curies":[{"name":"wp","href":"https:\/\/api.w.org\/{rel}","templated":true}]}}