{"id":38827,"date":"2018-05-10T10:30:02","date_gmt":"2018-05-10T08:30:02","guid":{"rendered":"http:\/\/www.region-schwabach.de\/wordpress\/?p=38827"},"modified":"2018-05-10T10:56:20","modified_gmt":"2018-05-10T08:56:20","slug":"schwerlastkontrollen-auf-der-autobahn-a6-bei-schwabach","status":"publish","type":"post","link":"https:\/\/www.region-schwabach.de\/wordpress\/schwerlastkontrollen-auf-der-autobahn-a6-bei-schwabach\/","title":{"rendered":"Schwerlastkontrollen auf der Autobahn A6 bei Schwabach"},"content":{"rendered":"\t\t<div data-elementor-type=\"wp-post\" data-elementor-id=\"38827\" class=\"elementor elementor-38827 elementor-bc-flex-widget\">\n\t\t\t\t\t\t<section class=\"elementor-section elementor-top-section elementor-element elementor-element-tlus4ia elementor-section-boxed elementor-section-height-default elementor-section-height-default\" data-id=\"tlus4ia\" data-element_type=\"section\">\n\t\t\t\t\t\t<div class=\"elementor-container elementor-column-gap-default\">\n\t\t\t\t\t<div class=\"elementor-column elementor-col-66 elementor-top-column elementor-element elementor-element-sphcucl\" data-id=\"sphcucl\" data-element_type=\"column\">\n\t\t\t<div class=\"elementor-widget-wrap elementor-element-populated\">\n\t\t\t\t\t\t<div class=\"elementor-element elementor-element-4f2h2af elementor-widget elementor-widget-text-editor\" data-id=\"4f2h2af\" data-element_type=\"widget\" data-widget_type=\"text-editor.default\">\n\t\t\t\t<div class=\"elementor-widget-container\">\n\t\t\t\t\t\t\t<h3>Schwerlastkontrollen auf der Autobahn<\/h3><p>Schwabach &#8211; Am Mittwochvormittag, den 09.05.2018,\u00a0f\u00fchrte der Schwabacher Einsatzzug ganzheitliche Geschwindigkeits- und Verkehrssicherheitskontrollen des Schwerlastverkehrs auf der Autobahn 6 bei Schwabach durch, in deren Verlauf es zu einigen Beanstandungen kam.<\/p><h3>Lenkzeitenverst\u00f6\u00dfe, Geschwindigkeits\u00fcberschreitungen<\/h3><p>Von 32 kontrollierten Lastkraftwagen, zumeist Sattelkombinationen, wurden 7 wegen Verst\u00f6\u00dfen nach dem Fahrpersonalrecht beanstandet. Dabei handelt es sich um \u00dcberschreitungen der Lenkzeiten und nicht eingebrachter Ruhezeiten, so dass die Brummi-Fahrer zum Teil erhebliche Geldbu\u00dfen erwarten. Zwei Fahrzeugf\u00fchrer hielten sich zudem nicht an die vorgeschriebene H\u00f6chstgeschwindigkeit von 80 km\/h. Auch diese erwartet eine Anzeige.<\/p><h3>Versto\u00df gegen\u00a0Personenbef\u00f6rderungsgesetz<\/h3><p>Zum Abschluss konnte noch ein polnischer \u201eTaxifahrer\u201c festgestellt werden, der vier seiner Landsm\u00e4nner f\u00fcr 200 Euro chauffierte, ohne die daf\u00fcr n\u00f6tigen Dokumente und Erlaubnisse zu besitzen. Diese Fahrt wurde j\u00e4h beendet und gegen den Fahrer eine Anzeige nach dem Personenbef\u00f6rderungsgesetz gefertigt.<\/p><h3>Alle Kontrollierten fahrt\u00fcchtig<\/h3><p>Die Fahrt\u00fcchtigkeit der kontrollierten Fahrzeugf\u00fchrer war erfreulicherweise nicht zu beanstanden.<\/p>\t\t\t\t\t\t<\/div>\n\t\t\t\t<\/div>\n\t\t\t\t<div class=\"elementor-element elementor-element-lkj62ub elementor-widget-divider--view-line elementor-widget elementor-widget-divider\" data-id=\"lkj62ub\" data-element_type=\"widget\" data-widget_type=\"divider.default\">\n\t\t\t\t<div class=\"elementor-widget-container\">\n\t\t\t\t\t<div class=\"elementor-divider\">\n\t\t\t<span class=\"elementor-divider-separator\">\n\t\t\t\t\t\t<\/span>\n\t\t<\/div>\n\t\t\t\t<\/div>\n\t\t\t\t<\/div>\n\t\t\t\t<div class=\"elementor-element elementor-element-c98jtdz elementor-widget elementor-widget-google_maps\" data-id=\"c98jtdz\" data-element_type=\"widget\" data-widget_type=\"google_maps.default\">\n\t\t\t\t<div class=\"elementor-widget-container\">\n\t\t\t\t\t<div class=\"elementor-custom-embed\">\n\t\t\t<iframe loading=\"lazy\"\n\t\t\t\t\tsrc=\"https:\/\/maps.google.com\/maps?q=Schwabach%2C%20Deutschland&#038;t=m&#038;z=13&#038;output=embed&#038;iwloc=near\"\n\t\t\t\t\ttitle=\"Schwabach, Deutschland\"\n\t\t\t\t\taria-label=\"Schwabach, Deutschland\"\n\t\t\t><\/iframe>\n\t\t<\/div>\n\t\t\t\t<\/div>\n\t\t\t\t<\/div>\n\t\t\t\t\t<\/div>\n\t\t<\/div>\n\t\t\t\t<div class=\"elementor-column elementor-col-33 elementor-top-column elementor-element elementor-element-flkv3o5\" data-id=\"flkv3o5\" data-element_type=\"column\">\n\t\t\t<div class=\"elementor-widget-wrap elementor-element-populated\">\n\t\t\t\t\t\t<div class=\"elementor-element elementor-element-bpvimlk elementor-widget elementor-widget-image\" data-id=\"bpvimlk\" data-element_type=\"widget\" data-widget_type=\"image.default\">\n\t\t\t\t<div class=\"elementor-widget-container\">\n\t\t\t\t\t\t\t\t\t\t\t\t\t\t<a href=\"http:\/\/www.region-schwabach.de\/wordpress\/werben-auf-region-schwabach\/\" target=\"_blank\">\n\t\t\t\t\t\t\t<img fetchpriority=\"high\" decoding=\"async\" width=\"1024\" height=\"1024\" src=\"https:\/\/www.region-schwabach.de\/wordpress\/wp-content\/uploads\/2017\/06\/werbung8-1024x1024.png\" class=\"attachment-large size-large wp-image-2484\" alt=\"\" srcset=\"https:\/\/www.region-schwabach.de\/wordpress\/wp-content\/uploads\/2017\/06\/werbung8-1024x1024.png 1024w, https:\/\/www.region-schwabach.de\/wordpress\/wp-content\/uploads\/2017\/06\/werbung8-150x150.png 150w, https:\/\/www.region-schwabach.de\/wordpress\/wp-content\/uploads\/2017\/06\/werbung8-300x300.png 300w, https:\/\/www.region-schwabach.de\/wordpress\/wp-content\/uploads\/2017\/06\/werbung8-768x768.png 768w, https:\/\/www.region-schwabach.de\/wordpress\/wp-content\/uploads\/2017\/06\/werbung8-600x600.png 600w, https:\/\/www.region-schwabach.de\/wordpress\/wp-content\/uploads\/2017\/06\/werbung8.png 1200w\" sizes=\"(max-width: 1024px) 100vw, 1024px\" \/>\t\t\t\t\t\t\t\t<\/a>\n\t\t\t\t\t\t\t\t\t\t\t\t\t<\/div>\n\t\t\t\t<\/div>\n\t\t\t\t\t<\/div>\n\t\t<\/div>\n\t\t\t\t\t<\/div>\n\t\t<\/section>\n\t\t\t\t<\/div>\n\t\t","protected":false},"excerpt":{"rendered":"<div class=\"mh-excerpt\"><p>Schwerlastkontrollen auf der Autobahn Schwabach &#8211; Am Mittwochvormittag, den 09.05.2018,\u00a0f\u00fchrte der Schwabacher Einsatzzug ganzheitliche Geschwindigkeits- und Verkehrssicherheitskontrollen des Schwerlastverkehrs auf der Autobahn 6 bei Schwabach durch, in deren Verlauf es zu einigen Beanstandungen kam. Lenkzeitenverst\u00f6\u00dfe, <a class=\"mh-excerpt-more\" href=\"https:\/\/www.region-schwabach.de\/wordpress\/schwerlastkontrollen-auf-der-autobahn-a6-bei-schwabach\/\" title=\"Schwerlastkontrollen auf der Autobahn A6 bei Schwabach\">[&#8230;]<\/a><\/p>\n<\/div>","protected":false},"author":1,"featured_media":38828,"comment_status":"open","ping_status":"open","sticky":false,"template":"","format":"standard","meta":{"_cbd_carousel_blocks":"[]","footnotes":""},"categories":[15],"tags":[3564,3906,3908,1761,1023,261,3909,981,1103,19,3907],"class_list":{"0":"post-38827","1":"post","2":"type-post","3":"status-publish","4":"format-standard","5":"has-post-thumbnail","7":"category-polizeimeldungen","8":"tag-09-05-2018","9":"tag-autobahn-a6","10":"tag-beanstandungen","11":"tag-fahrtuechtigkeit","12":"tag-hoechstgeschwindigkeit-ueberschritten","13":"tag-lkw","14":"tag-personenbefoerderungsgesetz","15":"tag-polizei","16":"tag-sattelzug","17":"tag-schwabach","18":"tag-schwerlastkontrollen"},"_links":{"self":[{"href":"https:\/\/www.region-schwabach.de\/wordpress\/wp-json\/wp\/v2\/posts\/38827","targetHints":{"allow":["GET"]}}],"collection":[{"href":"https:\/\/www.region-schwabach.de\/wordpress\/wp-json\/wp\/v2\/posts"}],"about":[{"href":"https:\/\/www.region-schwabach.de\/wordpress\/wp-json\/wp\/v2\/types\/post"}],"author":[{"embeddable":true,"href":"https:\/\/www.region-schwabach.de\/wordpress\/wp-json\/wp\/v2\/users\/1"}],"replies":[{"embeddable":true,"href":"https:\/\/www.region-schwabach.de\/wordpress\/wp-json\/wp\/v2\/comments?post=38827"}],"version-history":[{"count":0,"href":"https:\/\/www.region-schwabach.de\/wordpress\/wp-json\/wp\/v2\/posts\/38827\/revisions"}],"wp:featuredmedia":[{"embeddable":true,"href":"https:\/\/www.region-schwabach.de\/wordpress\/wp-json\/wp\/v2\/media\/38828"}],"wp:attachment":[{"href":"https:\/\/www.region-schwabach.de\/wordpress\/wp-json\/wp\/v2\/media?parent=38827"}],"wp:term":[{"taxonomy":"category","embeddable":true,"href":"https:\/\/www.region-schwabach.de\/wordpress\/wp-json\/wp\/v2\/categories?post=38827"},{"taxonomy":"post_tag","embeddable":true,"href":"https:\/\/www.region-schwabach.de\/wordpress\/wp-json\/wp\/v2\/tags?post=38827"}],"curies":[{"name":"wp","href":"https:\/\/api.w.org\/{rel}","templated":true}]}}