{"id":38891,"date":"2018-05-11T10:03:57","date_gmt":"2018-05-11T08:03:57","guid":{"rendered":"http:\/\/www.region-schwabach.de\/wordpress\/?p=38891"},"modified":"2018-05-11T10:16:16","modified_gmt":"2018-05-11T08:16:16","slug":"gleich-mehrere-akloholverstoesse-im-zustaendigkeitsbereich-der-pi-weissenburg","status":"publish","type":"post","link":"https:\/\/www.region-schwabach.de\/wordpress\/gleich-mehrere-akloholverstoesse-im-zustaendigkeitsbereich-der-pi-weissenburg\/","title":{"rendered":"Gleich mehrere Akloholverst\u00f6\u00dfe im Zust\u00e4ndigkeitsbereich der PI Wei\u00dfenburg"},"content":{"rendered":"\t\t<div data-elementor-type=\"wp-post\" data-elementor-id=\"38891\" class=\"elementor elementor-38891 elementor-bc-flex-widget\">\n\t\t\t\t\t\t<section class=\"elementor-section elementor-top-section elementor-element elementor-element-tlus4ia elementor-section-boxed elementor-section-height-default elementor-section-height-default\" data-id=\"tlus4ia\" data-element_type=\"section\">\n\t\t\t\t\t\t<div class=\"elementor-container elementor-column-gap-default\">\n\t\t\t\t\t<div class=\"elementor-column elementor-col-66 elementor-top-column elementor-element elementor-element-sphcucl\" data-id=\"sphcucl\" data-element_type=\"column\">\n\t\t\t<div class=\"elementor-widget-wrap elementor-element-populated\">\n\t\t\t\t\t\t<div class=\"elementor-element elementor-element-4f2h2af elementor-widget elementor-widget-text-editor\" data-id=\"4f2h2af\" data-element_type=\"widget\" data-widget_type=\"text-editor.default\">\n\t\t\t\t<div class=\"elementor-widget-container\">\n\t\t\t\t\t\t\t<h3>Gleich mehrere Alkoholverst\u00f6\u00dfe am Vatertag<\/h3><p>Wei\u00dfenburg &#8211; Am Donnerstag, den 10.05.2018 (Christi Himmelfahrt\/Vatertag), mu\u00dften sich die Beamten der Polizieinspektion Wei\u00dfenburg gleich mit mehreren Alkoholverst\u00f6\u00dfen in ihrem Zust\u00e4ndigkeitsbereich besch\u00e4ftigen.<\/p><h3>Pleinfeld<\/h3><p>Pleinfeld- Am Abend wurde ein 34-j\u00e4hriger Pkw-Fahrer in Pleinfeld einer Verkehrskontrolle unterzogen, in deren Verlauf die Beamten bei dem Fahrer Alkoholgeruch bemerkten. Ein Alkoholtest ergab dann auch einen Wert von \u00fcber 0,5 Promille, weshalb der\u00a0 Mann nun mit einem Bu\u00dfgeld und einem Fahrverbot rechne mu\u00df.<\/p><h3>Ettenstatt<\/h3><p>Ettenstatt- Auf der Staatsstra\u00dfe bei Ettenstatt wurde am Nachmittag ein 24-j\u00e4hriger Pkw-Fahrer kontrolliert, bei dem ebenfalls Alkoholgeruch festgestellt wurde. Hier f\u00fchrte ein Alkoholtest zu einem Wert von \u00fcber 1,1 Promille, weshalb eine Blutentnahme durchgef\u00fchrt, und der F\u00fchrerschein sichergestellt wurde.<\/p><h3>Pleinfeld<\/h3><p>Pleinfeld- Auf einem Waldweg am Brombachsee schlie\u00dflich st\u00fcrzte ein 47-j\u00e4hriger Radfahrer, und verletzte sich dabei leicht. Bei der Unfallaufnahme wurde auch hier Alkoholeinfluss festgestellt. Ein deshalb durchgef\u00fchrter Alkoholtest ergab einen Wert von \u00fcber 1,7 Promille, weshalb bei ihm ebenfalls eine Blutentnahme durchgef\u00fchrt wurde.<\/p>\t\t\t\t\t\t<\/div>\n\t\t\t\t<\/div>\n\t\t\t\t<div class=\"elementor-element elementor-element-lkj62ub elementor-widget-divider--view-line elementor-widget elementor-widget-divider\" data-id=\"lkj62ub\" data-element_type=\"widget\" data-widget_type=\"divider.default\">\n\t\t\t\t<div class=\"elementor-widget-container\">\n\t\t\t\t\t<div class=\"elementor-divider\">\n\t\t\t<span class=\"elementor-divider-separator\">\n\t\t\t\t\t\t<\/span>\n\t\t<\/div>\n\t\t\t\t<\/div>\n\t\t\t\t<\/div>\n\t\t\t\t<div class=\"elementor-element elementor-element-c98jtdz elementor-widget elementor-widget-google_maps\" data-id=\"c98jtdz\" data-element_type=\"widget\" data-widget_type=\"google_maps.default\">\n\t\t\t\t<div class=\"elementor-widget-container\">\n\t\t\t\t\t<div class=\"elementor-custom-embed\">\n\t\t\t<iframe loading=\"lazy\"\n\t\t\t\t\tsrc=\"https:\/\/maps.google.com\/maps?q=Wei%C3%9Fenburg%2C%20Deutschland&#038;t=m&#038;z=11&#038;output=embed&#038;iwloc=near\"\n\t\t\t\t\ttitle=\"Wei\u00dfenburg, Deutschland\"\n\t\t\t\t\taria-label=\"Wei\u00dfenburg, Deutschland\"\n\t\t\t><\/iframe>\n\t\t<\/div>\n\t\t\t\t<\/div>\n\t\t\t\t<\/div>\n\t\t\t\t\t<\/div>\n\t\t<\/div>\n\t\t\t\t<div class=\"elementor-column elementor-col-33 elementor-top-column elementor-element elementor-element-flkv3o5\" data-id=\"flkv3o5\" data-element_type=\"column\">\n\t\t\t<div class=\"elementor-widget-wrap elementor-element-populated\">\n\t\t\t\t\t\t<div class=\"elementor-element elementor-element-bpvimlk elementor-widget elementor-widget-image\" data-id=\"bpvimlk\" data-element_type=\"widget\" data-widget_type=\"image.default\">\n\t\t\t\t<div class=\"elementor-widget-container\">\n\t\t\t\t\t\t\t\t\t\t\t\t\t\t<a href=\"http:\/\/www.region-schwabach.de\/wordpress\/werben-auf-region-schwabach\/\" target=\"_blank\">\n\t\t\t\t\t\t\t<img fetchpriority=\"high\" decoding=\"async\" width=\"1024\" height=\"1024\" src=\"https:\/\/www.region-schwabach.de\/wordpress\/wp-content\/uploads\/2017\/06\/werbung8-1024x1024.png\" class=\"attachment-large size-large wp-image-2484\" alt=\"\" srcset=\"https:\/\/www.region-schwabach.de\/wordpress\/wp-content\/uploads\/2017\/06\/werbung8-1024x1024.png 1024w, https:\/\/www.region-schwabach.de\/wordpress\/wp-content\/uploads\/2017\/06\/werbung8-150x150.png 150w, https:\/\/www.region-schwabach.de\/wordpress\/wp-content\/uploads\/2017\/06\/werbung8-300x300.png 300w, https:\/\/www.region-schwabach.de\/wordpress\/wp-content\/uploads\/2017\/06\/werbung8-768x768.png 768w, https:\/\/www.region-schwabach.de\/wordpress\/wp-content\/uploads\/2017\/06\/werbung8-600x600.png 600w, https:\/\/www.region-schwabach.de\/wordpress\/wp-content\/uploads\/2017\/06\/werbung8.png 1200w\" sizes=\"(max-width: 1024px) 100vw, 1024px\" \/>\t\t\t\t\t\t\t\t<\/a>\n\t\t\t\t\t\t\t\t\t\t\t\t\t<\/div>\n\t\t\t\t<\/div>\n\t\t\t\t\t<\/div>\n\t\t<\/div>\n\t\t\t\t\t<\/div>\n\t\t<\/section>\n\t\t\t\t<\/div>\n\t\t","protected":false},"excerpt":{"rendered":"<div class=\"mh-excerpt\"><p>Gleich mehrere Alkoholverst\u00f6\u00dfe am Vatertag Wei\u00dfenburg &#8211; Am Donnerstag, den 10.05.2018 (Christi Himmelfahrt\/Vatertag), mu\u00dften sich die Beamten der Polizieinspektion Wei\u00dfenburg gleich mit mehreren Alkoholverst\u00f6\u00dfen in ihrem Zust\u00e4ndigkeitsbereich besch\u00e4ftigen. Pleinfeld Pleinfeld- Am Abend wurde ein 34-j\u00e4hriger <a class=\"mh-excerpt-more\" href=\"https:\/\/www.region-schwabach.de\/wordpress\/gleich-mehrere-akloholverstoesse-im-zustaendigkeitsbereich-der-pi-weissenburg\/\" title=\"Gleich mehrere Akloholverst\u00f6\u00dfe im Zust\u00e4ndigkeitsbereich der PI Wei\u00dfenburg\">[&#8230;]<\/a><\/p>\n<\/div>","protected":false},"author":1,"featured_media":38892,"comment_status":"open","ping_status":"open","sticky":false,"template":"","format":"standard","meta":{"_cbd_carousel_blocks":"[]","footnotes":""},"categories":[15],"tags":[3565,470,1820,1636,3847,1111,885,1018,3929,820,981,769,249],"class_list":{"0":"post-38891","1":"post","2":"type-post","3":"status-publish","4":"format-standard","5":"has-post-thumbnail","7":"category-polizeimeldungen","8":"tag-10-05-2018","9":"tag-alkohol","10":"tag-alkoholtest","11":"tag-blutentnahme","12":"tag-brombachsee","13":"tag-bussgeld","14":"tag-ettenstatt","15":"tag-fahrverbot","16":"tag-fundsache","17":"tag-pleinfeld","18":"tag-polizei","19":"tag-radfahrer","20":"tag-weissenburg"},"_links":{"self":[{"href":"https:\/\/www.region-schwabach.de\/wordpress\/wp-json\/wp\/v2\/posts\/38891","targetHints":{"allow":["GET"]}}],"collection":[{"href":"https:\/\/www.region-schwabach.de\/wordpress\/wp-json\/wp\/v2\/posts"}],"about":[{"href":"https:\/\/www.region-schwabach.de\/wordpress\/wp-json\/wp\/v2\/types\/post"}],"author":[{"embeddable":true,"href":"https:\/\/www.region-schwabach.de\/wordpress\/wp-json\/wp\/v2\/users\/1"}],"replies":[{"embeddable":true,"href":"https:\/\/www.region-schwabach.de\/wordpress\/wp-json\/wp\/v2\/comments?post=38891"}],"version-history":[{"count":0,"href":"https:\/\/www.region-schwabach.de\/wordpress\/wp-json\/wp\/v2\/posts\/38891\/revisions"}],"wp:featuredmedia":[{"embeddable":true,"href":"https:\/\/www.region-schwabach.de\/wordpress\/wp-json\/wp\/v2\/media\/38892"}],"wp:attachment":[{"href":"https:\/\/www.region-schwabach.de\/wordpress\/wp-json\/wp\/v2\/media?parent=38891"}],"wp:term":[{"taxonomy":"category","embeddable":true,"href":"https:\/\/www.region-schwabach.de\/wordpress\/wp-json\/wp\/v2\/categories?post=38891"},{"taxonomy":"post_tag","embeddable":true,"href":"https:\/\/www.region-schwabach.de\/wordpress\/wp-json\/wp\/v2\/tags?post=38891"}],"curies":[{"name":"wp","href":"https:\/\/api.w.org\/{rel}","templated":true}]}}