{"id":38926,"date":"2018-05-12T18:01:46","date_gmt":"2018-05-12T16:01:46","guid":{"rendered":"http:\/\/www.region-schwabach.de\/wordpress\/?p=38926"},"modified":"2018-05-12T18:40:31","modified_gmt":"2018-05-12T16:40:31","slug":"viel-zu-tun-fuer-die-polizeiinspektion-roth-in-den-letzten-tagen","status":"publish","type":"post","link":"https:\/\/www.region-schwabach.de\/wordpress\/viel-zu-tun-fuer-die-polizeiinspektion-roth-in-den-letzten-tagen\/","title":{"rendered":"Viel zu tun f\u00fcr die Polizeiinspektion Roth in den letzten Tagen"},"content":{"rendered":"\t\t<div data-elementor-type=\"wp-post\" data-elementor-id=\"38926\" class=\"elementor elementor-38926 elementor-bc-flex-widget\">\n\t\t\t\t\t\t<section class=\"elementor-section elementor-top-section elementor-element elementor-element-tlus4ia elementor-section-boxed elementor-section-height-default elementor-section-height-default\" data-id=\"tlus4ia\" data-element_type=\"section\">\n\t\t\t\t\t\t<div class=\"elementor-container elementor-column-gap-default\">\n\t\t\t\t\t<div class=\"elementor-column elementor-col-66 elementor-top-column elementor-element elementor-element-sphcucl\" data-id=\"sphcucl\" data-element_type=\"column\">\n\t\t\t<div class=\"elementor-widget-wrap elementor-element-populated\">\n\t\t\t\t\t\t<div class=\"elementor-element elementor-element-4f2h2af elementor-widget elementor-widget-text-editor\" data-id=\"4f2h2af\" data-element_type=\"widget\" data-widget_type=\"text-editor.default\">\n\t\t\t\t<div class=\"elementor-widget-container\">\n\t\t\t\t\t\t\t<h3>Trotz Fahrverbot mit Drogen unterwegs<\/h3><p>Roth &#8211; Am Freitagvormittag, den 11.05.2018, wurde ein 35-j\u00e4hriger Audi-Fahrer\u00a0in der Rother Innenstadt einer Verkehrskontrolle unterzogen, bei der sich herausstellte, da\u00df er nicht im Besitz einer Fahrerlaubnis (die ihm bereits Ende 2017 entzogen wurde) war, und au\u00dferdem auch noch unter dem Einflu\u00df von Drogen stand. Zu guter Letzt lag gegen den Mann auch noch ein Haftbefehl vor, dessen Vollstreckung er nur durch die Zahlung von knapp 1.300 Euro abwenden konnte.<\/p><h3>Pkw mutwillig zerkratzt<\/h3><p>Georgensgm\u00fcnd &#8211; Bereits am Samstagvormittag, den 05.05.2018, wurde von einem bisher Unbekannten ein PKW auf dem Marktplatz in Georgensgm\u00fcnd mutwillig besch\u00e4digt. Vermutlich mit einem spitzen Gegenstand zerktratzte der T\u00e4ter die Heckklappe des Fahrzeugs, und richtete so einen Schaden in H\u00f6he von mindestens 750 Euro an.\u00a0<\/p><h3>Verkehrszeichen umgefahren und gefl\u00fcchtet<\/h3><p>Roth &#8211; In der Nacht von Freitag, den 11.05.2018, auf Samstag, den 12.05.2018, wurde in der Industriestra\u00dfe in Pfaffenhofen von einem bisher Unbekannten ein am Fahrbahnrand aufgestelltes Verkehrszeichen umgefahren, und dabei erheblich besch\u00e4digt.<\/p><h3>Unerlaubt vom Unfallort entfernt<\/h3><p>Roth &#8211; Von Freitag, den 11.05.2018, auf Samstag, den 12.05.2018, wurde in der August-Zahn-Stra\u00dfe in Roth ein dort geparkter silberner Fiat Sedici von einem bisher Unbekannten angefahren, und dabei vorne rechts die Motorhaube, der Sto\u00dff\u00e4nger, der Kotfl\u00fcgel, die T\u00fcre und der Scheinwerfer besch\u00e4digt, so da\u00df\u00a0 ein Sachschaden in H\u00f6he von mindestens 5.000 Euro verursacht wurde.\u00a0<\/p><h3>PKW auf Parkplatz angefahren und das Weite gesucht<\/h3><p>Roth &#8211; Am Samstagvormittag, den 12.05.2018, hat ein bisher Unbekannter gegen 10.30 Uhr einen wei\u00dfen VW-Tiguan auf dem Parkplatz eines Baumarktes im Rother Gewerbegebiet im Heckbereich angefahren, und ist anschlie\u00dfend vom Unfallort gefl\u00fcchtet, ohne sich um den entstandenen Schaden in H\u00f6he von ca. 2.500 Euro zu k\u00fcmmern.<\/p><h3>Polizei bittet um Mithilfe<\/h3><p>Personen, die verd\u00e4chtige Beobachtungen gemacht haben, werden gebeten, diese der Polizei in Roth unter der Rufnummer 09171-9744-0 mitzuteilen.<\/p>\t\t\t\t\t\t<\/div>\n\t\t\t\t<\/div>\n\t\t\t\t<div class=\"elementor-element elementor-element-lkj62ub elementor-widget-divider--view-line elementor-widget elementor-widget-divider\" data-id=\"lkj62ub\" data-element_type=\"widget\" data-widget_type=\"divider.default\">\n\t\t\t\t<div class=\"elementor-widget-container\">\n\t\t\t\t\t<div class=\"elementor-divider\">\n\t\t\t<span class=\"elementor-divider-separator\">\n\t\t\t\t\t\t<\/span>\n\t\t<\/div>\n\t\t\t\t<\/div>\n\t\t\t\t<\/div>\n\t\t\t\t<div class=\"elementor-element elementor-element-c98jtdz elementor-widget elementor-widget-google_maps\" data-id=\"c98jtdz\" data-element_type=\"widget\" data-widget_type=\"google_maps.default\">\n\t\t\t\t<div class=\"elementor-widget-container\">\n\t\t\t\t\t<div class=\"elementor-custom-embed\">\n\t\t\t<iframe loading=\"lazy\"\n\t\t\t\t\tsrc=\"https:\/\/maps.google.com\/maps?q=Roth%2C%20Deutschland&#038;t=m&#038;z=11&#038;output=embed&#038;iwloc=near\"\n\t\t\t\t\ttitle=\"Roth, Deutschland\"\n\t\t\t\t\taria-label=\"Roth, Deutschland\"\n\t\t\t><\/iframe>\n\t\t<\/div>\n\t\t\t\t<\/div>\n\t\t\t\t<\/div>\n\t\t\t\t\t<\/div>\n\t\t<\/div>\n\t\t\t\t<div class=\"elementor-column elementor-col-33 elementor-top-column elementor-element elementor-element-flkv3o5\" data-id=\"flkv3o5\" data-element_type=\"column\">\n\t\t\t<div class=\"elementor-widget-wrap elementor-element-populated\">\n\t\t\t\t\t\t<div class=\"elementor-element elementor-element-bpvimlk elementor-widget elementor-widget-image\" data-id=\"bpvimlk\" data-element_type=\"widget\" data-widget_type=\"image.default\">\n\t\t\t\t<div class=\"elementor-widget-container\">\n\t\t\t\t\t\t\t\t\t\t\t\t\t\t<a href=\"http:\/\/www.region-schwabach.de\/wordpress\/werben-auf-region-schwabach\/\" target=\"_blank\">\n\t\t\t\t\t\t\t<img fetchpriority=\"high\" decoding=\"async\" width=\"1024\" height=\"1024\" src=\"https:\/\/www.region-schwabach.de\/wordpress\/wp-content\/uploads\/2017\/06\/werbung8-1024x1024.png\" class=\"attachment-large size-large wp-image-2484\" alt=\"\" srcset=\"https:\/\/www.region-schwabach.de\/wordpress\/wp-content\/uploads\/2017\/06\/werbung8-1024x1024.png 1024w, https:\/\/www.region-schwabach.de\/wordpress\/wp-content\/uploads\/2017\/06\/werbung8-150x150.png 150w, https:\/\/www.region-schwabach.de\/wordpress\/wp-content\/uploads\/2017\/06\/werbung8-300x300.png 300w, https:\/\/www.region-schwabach.de\/wordpress\/wp-content\/uploads\/2017\/06\/werbung8-768x768.png 768w, https:\/\/www.region-schwabach.de\/wordpress\/wp-content\/uploads\/2017\/06\/werbung8-600x600.png 600w, https:\/\/www.region-schwabach.de\/wordpress\/wp-content\/uploads\/2017\/06\/werbung8.png 1200w\" sizes=\"(max-width: 1024px) 100vw, 1024px\" \/>\t\t\t\t\t\t\t\t<\/a>\n\t\t\t\t\t\t\t\t\t\t\t\t\t<\/div>\n\t\t\t\t<\/div>\n\t\t\t\t\t<\/div>\n\t\t<\/div>\n\t\t\t\t\t<\/div>\n\t\t<\/section>\n\t\t\t\t<\/div>\n\t\t","protected":false},"excerpt":{"rendered":"<div class=\"mh-excerpt\"><p>Trotz Fahrverbot mit Drogen unterwegs Roth &#8211; Am Freitagvormittag, den 11.05.2018, wurde ein 35-j\u00e4hriger Audi-Fahrer\u00a0in der Rother Innenstadt einer Verkehrskontrolle unterzogen, bei der sich herausstellte, da\u00df er nicht im Besitz einer Fahrerlaubnis (die ihm bereits <a class=\"mh-excerpt-more\" href=\"https:\/\/www.region-schwabach.de\/wordpress\/viel-zu-tun-fuer-die-polizeiinspektion-roth-in-den-letzten-tagen\/\" title=\"Viel zu tun f\u00fcr die Polizeiinspektion Roth in den letzten Tagen\">[&#8230;]<\/a><\/p>\n<\/div>","protected":false},"author":1,"featured_media":38927,"comment_status":"open","ping_status":"open","sticky":false,"template":"","format":"standard","meta":{"_cbd_carousel_blocks":"[]","footnotes":""},"categories":[15],"tags":[2018,3683,3684,1137,1636,701,454,1018,527,2217,3936,694,981,32,401,713,457,1448,1483],"class_list":{"0":"post-38926","1":"post","2":"type-post","3":"status-publish","4":"format-standard","5":"has-post-thumbnail","7":"category-polizeimeldungen","8":"tag-05-05-2018","9":"tag-11-05-2018","10":"tag-12-05-2018","11":"tag-betaeubungsmittel","12":"tag-blutentnahme","13":"tag-drogen","14":"tag-fahrerflucht","15":"tag-fahrverbot","16":"tag-georgensgmuend","17":"tag-heckklappe","18":"tag-markplatz","19":"tag-pfaffenhofen","20":"tag-polizei","21":"tag-roth","22":"tag-sachschaden","23":"tag-schaden","24":"tag-unfallflucht","25":"tag-verkehrszeichen","26":"tag-vw-golf"},"_links":{"self":[{"href":"https:\/\/www.region-schwabach.de\/wordpress\/wp-json\/wp\/v2\/posts\/38926","targetHints":{"allow":["GET"]}}],"collection":[{"href":"https:\/\/www.region-schwabach.de\/wordpress\/wp-json\/wp\/v2\/posts"}],"about":[{"href":"https:\/\/www.region-schwabach.de\/wordpress\/wp-json\/wp\/v2\/types\/post"}],"author":[{"embeddable":true,"href":"https:\/\/www.region-schwabach.de\/wordpress\/wp-json\/wp\/v2\/users\/1"}],"replies":[{"embeddable":true,"href":"https:\/\/www.region-schwabach.de\/wordpress\/wp-json\/wp\/v2\/comments?post=38926"}],"version-history":[{"count":0,"href":"https:\/\/www.region-schwabach.de\/wordpress\/wp-json\/wp\/v2\/posts\/38926\/revisions"}],"wp:featuredmedia":[{"embeddable":true,"href":"https:\/\/www.region-schwabach.de\/wordpress\/wp-json\/wp\/v2\/media\/38927"}],"wp:attachment":[{"href":"https:\/\/www.region-schwabach.de\/wordpress\/wp-json\/wp\/v2\/media?parent=38926"}],"wp:term":[{"taxonomy":"category","embeddable":true,"href":"https:\/\/www.region-schwabach.de\/wordpress\/wp-json\/wp\/v2\/categories?post=38926"},{"taxonomy":"post_tag","embeddable":true,"href":"https:\/\/www.region-schwabach.de\/wordpress\/wp-json\/wp\/v2\/tags?post=38926"}],"curies":[{"name":"wp","href":"https:\/\/api.w.org\/{rel}","templated":true}]}}