{"id":39143,"date":"2018-05-13T21:27:53","date_gmt":"2018-05-13T19:27:53","guid":{"rendered":"http:\/\/www.region-schwabach.de\/wordpress\/?p=39143"},"modified":"2018-05-13T22:37:40","modified_gmt":"2018-05-13T20:37:40","slug":"schwerer-motorradunfall-zwischen-georgensgmuend-und-spalt","status":"publish","type":"post","link":"https:\/\/www.region-schwabach.de\/wordpress\/schwerer-motorradunfall-zwischen-georgensgmuend-und-spalt\/","title":{"rendered":"Schwerer Motorradunfall zwischen Georgensgm\u00fcnd und Spalt"},"content":{"rendered":"\t\t<div data-elementor-type=\"wp-post\" data-elementor-id=\"39143\" class=\"elementor elementor-39143 elementor-bc-flex-widget\">\n\t\t\t\t\t\t<section class=\"elementor-section elementor-top-section elementor-element elementor-element-tlus4ia elementor-section-boxed elementor-section-height-default elementor-section-height-default\" data-id=\"tlus4ia\" data-element_type=\"section\">\n\t\t\t\t\t\t<div class=\"elementor-container elementor-column-gap-default\">\n\t\t\t\t\t<div class=\"elementor-column elementor-col-66 elementor-top-column elementor-element elementor-element-sphcucl\" data-id=\"sphcucl\" data-element_type=\"column\">\n\t\t\t<div class=\"elementor-widget-wrap elementor-element-populated\">\n\t\t\t\t\t\t<div class=\"elementor-element elementor-element-4f2h2af elementor-widget elementor-widget-text-editor\" data-id=\"4f2h2af\" data-element_type=\"widget\" data-widget_type=\"text-editor.default\">\n\t\t\t\t<div class=\"elementor-widget-container\">\n\t\t\t\t\t\t\t<h3>Motorradfahrer und Sozius schwer verletzt<\/h3><p>Georgensgm\u00fcnd &#8211; Am Samstagnachmittag, den 11.05.2018, kam es auf der\u00a0Staatsstra\u00dfe zwischen Georgensgm\u00fcnd und Spalt zu einem schweren Verkehrsunfall, bei dem ein Motorradfahrer und sein Sozius schwer verletzt wurden, und ein Sachschaden in H\u00f6he von ca. 10.000 Euro entstanden ist.<\/p><h3>Cabriolet und Motorrad beteiligt<\/h3><p>Dabei waren ein 48-j\u00e4hriger Audi RS8-Cabriolet-Fahrer und ein 21-j\u00e4hriger Honda CBR900-Fahrer auf der Staatsstra\u00dfe Richtung Spalt unterwegs, als der Audifahrer\u00a0 einen vorausfahrenden Pkw \u00fcberholte, und der Motorradfahrer ihm folgte. Im Anschlu\u00df scherte der Audi ein und im selben Moment sofort wieder aus, als genau in diesem Moment der Motorradfahrer \u00fcberholte.<\/p><h3>Motorrad prallt gegen Baum<\/h3><p>In der Folge prallte der Audi seitlich gegen die Honda, weshalb das Motorrad erst von der Stra\u00dfe abkam, und dann nach ca. 60 Metern gegen einen Baum prallte, und die beiden jungen M\u00e4nner weitere 40 Meter entfernt in den Stra\u00dfengraben geschleudert wurden.<\/p><h3>Rettungshubschrauber im Einsatz<\/h3><p>Der Motorradfahrer wurde schwer verletzt mit dem Rettungshubschrauber ins Klinikum N\u00fcrnberg-S\u00fcd, sein 20-j\u00e4hriger Mitfahrer in das Klinikum Gunzenhausen geflogen.<\/p>\t\t\t\t\t\t<\/div>\n\t\t\t\t<\/div>\n\t\t\t\t<div class=\"elementor-element elementor-element-lkj62ub elementor-widget-divider--view-line elementor-widget elementor-widget-divider\" data-id=\"lkj62ub\" data-element_type=\"widget\" data-widget_type=\"divider.default\">\n\t\t\t\t<div class=\"elementor-widget-container\">\n\t\t\t\t\t<div class=\"elementor-divider\">\n\t\t\t<span class=\"elementor-divider-separator\">\n\t\t\t\t\t\t<\/span>\n\t\t<\/div>\n\t\t\t\t<\/div>\n\t\t\t\t<\/div>\n\t\t\t\t<div class=\"elementor-element elementor-element-c98jtdz elementor-widget elementor-widget-google_maps\" data-id=\"c98jtdz\" data-element_type=\"widget\" data-widget_type=\"google_maps.default\">\n\t\t\t\t<div class=\"elementor-widget-container\">\n\t\t\t\t\t<div class=\"elementor-custom-embed\">\n\t\t\t<iframe loading=\"lazy\"\n\t\t\t\t\tsrc=\"https:\/\/maps.google.com\/maps?q=49.172129%2C%2010.960177&#038;t=m&#038;z=13&#038;output=embed&#038;iwloc=near\"\n\t\t\t\t\ttitle=\"49.172129, 10.960177\"\n\t\t\t\t\taria-label=\"49.172129, 10.960177\"\n\t\t\t><\/iframe>\n\t\t<\/div>\n\t\t\t\t<\/div>\n\t\t\t\t<\/div>\n\t\t\t\t\t<\/div>\n\t\t<\/div>\n\t\t\t\t<div class=\"elementor-column elementor-col-33 elementor-top-column elementor-element elementor-element-flkv3o5\" data-id=\"flkv3o5\" data-element_type=\"column\">\n\t\t\t<div class=\"elementor-widget-wrap elementor-element-populated\">\n\t\t\t\t\t\t<div class=\"elementor-element elementor-element-bpvimlk elementor-widget elementor-widget-image\" data-id=\"bpvimlk\" data-element_type=\"widget\" data-widget_type=\"image.default\">\n\t\t\t\t<div class=\"elementor-widget-container\">\n\t\t\t\t\t\t\t\t\t\t\t\t\t\t<a href=\"http:\/\/www.region-schwabach.de\/wordpress\/werben-auf-region-schwabach\/\" target=\"_blank\">\n\t\t\t\t\t\t\t<img fetchpriority=\"high\" decoding=\"async\" width=\"1024\" height=\"1024\" src=\"https:\/\/www.region-schwabach.de\/wordpress\/wp-content\/uploads\/2017\/06\/werbung8-1024x1024.png\" class=\"attachment-large size-large wp-image-2484\" alt=\"\" srcset=\"https:\/\/www.region-schwabach.de\/wordpress\/wp-content\/uploads\/2017\/06\/werbung8-1024x1024.png 1024w, https:\/\/www.region-schwabach.de\/wordpress\/wp-content\/uploads\/2017\/06\/werbung8-150x150.png 150w, https:\/\/www.region-schwabach.de\/wordpress\/wp-content\/uploads\/2017\/06\/werbung8-300x300.png 300w, https:\/\/www.region-schwabach.de\/wordpress\/wp-content\/uploads\/2017\/06\/werbung8-768x768.png 768w, https:\/\/www.region-schwabach.de\/wordpress\/wp-content\/uploads\/2017\/06\/werbung8-600x600.png 600w, https:\/\/www.region-schwabach.de\/wordpress\/wp-content\/uploads\/2017\/06\/werbung8.png 1200w\" sizes=\"(max-width: 1024px) 100vw, 1024px\" \/>\t\t\t\t\t\t\t\t<\/a>\n\t\t\t\t\t\t\t\t\t\t\t\t\t<\/div>\n\t\t\t\t<\/div>\n\t\t\t\t\t<\/div>\n\t\t<\/div>\n\t\t\t\t\t<\/div>\n\t\t<\/section>\n\t\t\t\t<\/div>\n\t\t","protected":false},"excerpt":{"rendered":"<div class=\"mh-excerpt\"><p>Motorradfahrer und Sozius schwer verletzt Georgensgm\u00fcnd &#8211; Am Samstagnachmittag, den 11.05.2018, kam es auf der\u00a0Staatsstra\u00dfe zwischen Georgensgm\u00fcnd und Spalt zu einem schweren Verkehrsunfall, bei dem ein Motorradfahrer und sein Sozius schwer verletzt wurden, und ein <a class=\"mh-excerpt-more\" href=\"https:\/\/www.region-schwabach.de\/wordpress\/schwerer-motorradunfall-zwischen-georgensgmuend-und-spalt\/\" title=\"Schwerer Motorradunfall zwischen Georgensgm\u00fcnd und Spalt\">[&#8230;]<\/a><\/p>\n<\/div>","protected":false},"author":1,"featured_media":39144,"comment_status":"open","ping_status":"open","sticky":false,"template":"","format":"standard","meta":{"_cbd_carousel_blocks":"[]","footnotes":""},"categories":[15],"tags":[3684,3941,527,3940,2345,563,463,981,32,401,713,1327,628,1093],"class_list":{"0":"post-39143","1":"post","2":"type-post","3":"status-publish","4":"format-standard","5":"has-post-thumbnail","7":"category-polizeimeldungen","8":"tag-12-05-2018","9":"tag-audi-rs8-cabrio","10":"tag-georgensgmuend","11":"tag-honda-cbr-900","12":"tag-kollision","13":"tag-motorrad","14":"tag-pkw","15":"tag-polizei","16":"tag-roth","17":"tag-sachschaden","18":"tag-schaden","19":"tag-schwer-verletzt","20":"tag-spalt","21":"tag-staatsstrasse"},"_links":{"self":[{"href":"https:\/\/www.region-schwabach.de\/wordpress\/wp-json\/wp\/v2\/posts\/39143","targetHints":{"allow":["GET"]}}],"collection":[{"href":"https:\/\/www.region-schwabach.de\/wordpress\/wp-json\/wp\/v2\/posts"}],"about":[{"href":"https:\/\/www.region-schwabach.de\/wordpress\/wp-json\/wp\/v2\/types\/post"}],"author":[{"embeddable":true,"href":"https:\/\/www.region-schwabach.de\/wordpress\/wp-json\/wp\/v2\/users\/1"}],"replies":[{"embeddable":true,"href":"https:\/\/www.region-schwabach.de\/wordpress\/wp-json\/wp\/v2\/comments?post=39143"}],"version-history":[{"count":0,"href":"https:\/\/www.region-schwabach.de\/wordpress\/wp-json\/wp\/v2\/posts\/39143\/revisions"}],"wp:featuredmedia":[{"embeddable":true,"href":"https:\/\/www.region-schwabach.de\/wordpress\/wp-json\/wp\/v2\/media\/39144"}],"wp:attachment":[{"href":"https:\/\/www.region-schwabach.de\/wordpress\/wp-json\/wp\/v2\/media?parent=39143"}],"wp:term":[{"taxonomy":"category","embeddable":true,"href":"https:\/\/www.region-schwabach.de\/wordpress\/wp-json\/wp\/v2\/categories?post=39143"},{"taxonomy":"post_tag","embeddable":true,"href":"https:\/\/www.region-schwabach.de\/wordpress\/wp-json\/wp\/v2\/tags?post=39143"}],"curies":[{"name":"wp","href":"https:\/\/api.w.org\/{rel}","templated":true}]}}