{"id":39352,"date":"2018-05-14T12:37:06","date_gmt":"2018-05-14T10:37:06","guid":{"rendered":"http:\/\/www.region-schwabach.de\/wordpress\/?p=39352"},"modified":"2018-05-14T12:50:16","modified_gmt":"2018-05-14T10:50:16","slug":"umzug-des-altstadt-kindergartens","status":"publish","type":"post","link":"https:\/\/www.region-schwabach.de\/wordpress\/umzug-des-altstadt-kindergartens\/","title":{"rendered":"Umzug des Altstadt-Kindergartens"},"content":{"rendered":"\t\t<div data-elementor-type=\"wp-post\" data-elementor-id=\"39352\" class=\"elementor elementor-39352 elementor-bc-flex-widget\">\n\t\t\t\t\t\t<section class=\"elementor-section elementor-top-section elementor-element elementor-element-678181b elementor-section-boxed elementor-section-height-default elementor-section-height-default\" data-id=\"678181b\" data-element_type=\"section\">\n\t\t\t\t\t\t<div class=\"elementor-container elementor-column-gap-default\">\n\t\t\t\t\t<div class=\"elementor-column elementor-col-66 elementor-top-column elementor-element elementor-element-6b34026\" data-id=\"6b34026\" data-element_type=\"column\">\n\t\t\t<div class=\"elementor-widget-wrap elementor-element-populated\">\n\t\t\t\t\t\t<div class=\"elementor-element elementor-element-443ab98 elementor-widget elementor-widget-text-editor\" data-id=\"443ab98\" data-element_type=\"widget\" data-widget_type=\"text-editor.default\">\n\t\t\t\t<div class=\"elementor-widget-container\">\n\t\t\t\t\t\t\t<h3><strong>Altstadt-Kindergarten schlie\u00dft<\/strong><\/h3><p>Wegen des im Jahr 2019 startenden Kindergartenneubaus (die Abrissarbeiten des alten Geb\u00e4udes sind f\u00fcr den Herbst 2018 geplant) endet am Donnerstag, den\u00a017.Mai 2018\u00a0um 17:00 Uhr der Kindergartenbetrieb des Altstadt-Kindergartens in der Petzoldtstra\u00dfe 8.\u00a0<\/p><h3>Vor\u00fcbergehender Umzug von der Petzoldtstra\u00dfe in die Galgengartenstra\u00dfe<\/h3><p>Solange die Bauarbeiten andauern &#8211; geplant sind hierf\u00fcr insgesamt 2 Jahre &#8211; wird der Kindergartenbetrieb in ein Nebengeb\u00e4ude der Christian-Maar-Schule in der Galgengartenstra\u00dfe 3 verlegt. Die daf\u00fcr notwendigen Umzugsma\u00dfnahmen sollen bis zum\u00a0Montag, den 28. Mai 2018 abgeschlo\u00dfen sein, so da\u00df zu diesem Zeitpunkt der Kindergartenbetrieb dann wieder aufgenommen werden kann.<\/p><h3>Gro\u00dfz\u00fcgige Spende\u00a0der \u201eStiftung Kinderf\u00f6rderung von playmobil\u201c<\/h3><p>Nach Abschlu\u00df der Bauarbeiten k\u00f6nnen in den neuen R\u00e4umlichkeiten dann drei Kindergarten- und zwei Krippengruppen betreut werden. Durch eine gro\u00dfz\u00fcgige Spende der \u201eStiftung Kinderf\u00f6rderung von playmobil\u201c &#8211; in Form eines Piratenschiffs mit zahlreichen Spielger\u00e4ten &#8211; wird der Erlebnisfaktor und der Spielspa\u00df f\u00fcr die Kinder weiter verbessert.<\/p>\t\t\t\t\t\t<\/div>\n\t\t\t\t<\/div>\n\t\t\t\t\t<\/div>\n\t\t<\/div>\n\t\t\t\t<div class=\"elementor-column elementor-col-33 elementor-top-column elementor-element elementor-element-f645137\" data-id=\"f645137\" data-element_type=\"column\">\n\t\t\t<div class=\"elementor-widget-wrap elementor-element-populated\">\n\t\t\t\t\t\t<div class=\"elementor-element elementor-element-25043c1 elementor-widget elementor-widget-image\" data-id=\"25043c1\" data-element_type=\"widget\" data-widget_type=\"image.default\">\n\t\t\t\t<div class=\"elementor-widget-container\">\n\t\t\t\t\t\t\t\t\t\t\t\t\t<img fetchpriority=\"high\" decoding=\"async\" width=\"300\" height=\"300\" src=\"https:\/\/www.region-schwabach.de\/wordpress\/wp-content\/uploads\/2018\/04\/werbung1-300x300.png\" class=\"attachment-medium size-medium wp-image-35382\" alt=\"\" srcset=\"https:\/\/www.region-schwabach.de\/wordpress\/wp-content\/uploads\/2018\/04\/werbung1-300x300.png 300w, https:\/\/www.region-schwabach.de\/wordpress\/wp-content\/uploads\/2018\/04\/werbung1-150x150.png 150w, https:\/\/www.region-schwabach.de\/wordpress\/wp-content\/uploads\/2018\/04\/werbung1-768x768.png 768w, https:\/\/www.region-schwabach.de\/wordpress\/wp-content\/uploads\/2018\/04\/werbung1-1024x1024.png 1024w, https:\/\/www.region-schwabach.de\/wordpress\/wp-content\/uploads\/2018\/04\/werbung1.png 1200w\" sizes=\"(max-width: 300px) 100vw, 300px\" \/>\t\t\t\t\t\t\t\t\t\t\t\t\t<\/div>\n\t\t\t\t<\/div>\n\t\t\t\t\t<\/div>\n\t\t<\/div>\n\t\t\t\t\t<\/div>\n\t\t<\/section>\n\t\t\t\t<\/div>\n\t\t","protected":false},"excerpt":{"rendered":"<div class=\"mh-excerpt\"><p>Altstadt-Kindergarten schlie\u00dft Wegen des im Jahr 2019 startenden Kindergartenneubaus (die Abrissarbeiten des alten Geb\u00e4udes sind f\u00fcr den Herbst 2018 geplant) endet am Donnerstag, den\u00a017.Mai 2018\u00a0um 17:00 Uhr der Kindergartenbetrieb des Altstadt-Kindergartens in der Petzoldtstra\u00dfe 8.\u00a0 <a class=\"mh-excerpt-more\" href=\"https:\/\/www.region-schwabach.de\/wordpress\/umzug-des-altstadt-kindergartens\/\" title=\"Umzug des Altstadt-Kindergartens\">[&#8230;]<\/a><\/p>\n<\/div>","protected":false},"author":1,"featured_media":39353,"comment_status":"open","ping_status":"open","sticky":false,"template":"","format":"standard","meta":{"_cbd_carousel_blocks":"[]","footnotes":""},"categories":[16,1,287,61],"tags":[3689,3699,3956,2172,449,3958,572,3957,1480,19,3151,987],"class_list":{"0":"post-39352","1":"post","2":"type-post","3":"status-publish","4":"format-standard","5":"has-post-thumbnail","7":"category-aktuell","8":"category-allgemein","9":"category-jugend-und-familie","10":"category-rathaus","11":"tag-17-05-2018","12":"tag-28-05-2018","13":"tag-altstadt-kindergarten","14":"tag-christian-maar-schule","15":"tag-galgengartenstrasse","16":"tag-nebengebaeude","17":"tag-neubau","18":"tag-petzoldtstrasse","19":"tag-rathaus","20":"tag-schwabach","21":"tag-stadt-schwabach","22":"tag-umzug"},"_links":{"self":[{"href":"https:\/\/www.region-schwabach.de\/wordpress\/wp-json\/wp\/v2\/posts\/39352","targetHints":{"allow":["GET"]}}],"collection":[{"href":"https:\/\/www.region-schwabach.de\/wordpress\/wp-json\/wp\/v2\/posts"}],"about":[{"href":"https:\/\/www.region-schwabach.de\/wordpress\/wp-json\/wp\/v2\/types\/post"}],"author":[{"embeddable":true,"href":"https:\/\/www.region-schwabach.de\/wordpress\/wp-json\/wp\/v2\/users\/1"}],"replies":[{"embeddable":true,"href":"https:\/\/www.region-schwabach.de\/wordpress\/wp-json\/wp\/v2\/comments?post=39352"}],"version-history":[{"count":0,"href":"https:\/\/www.region-schwabach.de\/wordpress\/wp-json\/wp\/v2\/posts\/39352\/revisions"}],"wp:featuredmedia":[{"embeddable":true,"href":"https:\/\/www.region-schwabach.de\/wordpress\/wp-json\/wp\/v2\/media\/39353"}],"wp:attachment":[{"href":"https:\/\/www.region-schwabach.de\/wordpress\/wp-json\/wp\/v2\/media?parent=39352"}],"wp:term":[{"taxonomy":"category","embeddable":true,"href":"https:\/\/www.region-schwabach.de\/wordpress\/wp-json\/wp\/v2\/categories?post=39352"},{"taxonomy":"post_tag","embeddable":true,"href":"https:\/\/www.region-schwabach.de\/wordpress\/wp-json\/wp\/v2\/tags?post=39352"}],"curies":[{"name":"wp","href":"https:\/\/api.w.org\/{rel}","templated":true}]}}