{"id":39408,"date":"2018-05-15T14:48:43","date_gmt":"2018-05-15T12:48:43","guid":{"rendered":"http:\/\/www.region-schwabach.de\/wordpress\/?p=39408"},"modified":"2018-05-15T15:58:48","modified_gmt":"2018-05-15T13:58:48","slug":"feuerloescher-pruefung-am-18-mai-2018-in-schwabach","status":"publish","type":"post","link":"https:\/\/www.region-schwabach.de\/wordpress\/feuerloescher-pruefung-am-18-mai-2018-in-schwabach\/","title":{"rendered":"Feuerl\u00f6scher-Pr\u00fcfung am 18. Mai 2018 in Schwabach"},"content":{"rendered":"\t\t<div data-elementor-type=\"wp-post\" data-elementor-id=\"39408\" class=\"elementor elementor-39408 elementor-bc-flex-widget\">\n\t\t\t\t\t\t<section class=\"elementor-section elementor-top-section elementor-element elementor-element-678181b elementor-section-boxed elementor-section-height-default elementor-section-height-default\" data-id=\"678181b\" data-element_type=\"section\">\n\t\t\t\t\t\t<div class=\"elementor-container elementor-column-gap-default\">\n\t\t\t\t\t<div class=\"elementor-column elementor-col-66 elementor-top-column elementor-element elementor-element-6b34026\" data-id=\"6b34026\" data-element_type=\"column\">\n\t\t\t<div class=\"elementor-widget-wrap elementor-element-populated\">\n\t\t\t\t\t\t<div class=\"elementor-element elementor-element-443ab98 elementor-widget elementor-widget-text-editor\" data-id=\"443ab98\" data-element_type=\"widget\" data-widget_type=\"text-editor.default\">\n\t\t\t\t<div class=\"elementor-widget-container\">\n\t\t\t\t\t\t\t<h3>Feuerl\u00f6scher-Pr\u00fcfung<\/h3><p>Schwabach &#8211; Am Freitag, den 18.05.2018, f\u00fchrt die Firma Martin Pilzer auf dem Parkplatz vom &#8222;Backhaus Lederer&#8220; in der Flurstra\u00dfe 57 in Schwabach-Limbach in der Zeit von 14.00 Uhr bis 17.00 Uhr eine \u00dcberpr\u00fcfung von Feuerl\u00f6schern durch.<\/p><h3>Pr\u00fcfungspflicht<\/h3><p>Feuerl\u00f6scher, deren Vorhaltung vorgeschrieben ist, m\u00fcssen alle 2 Jahre einer Pr\u00fcfung durch einen\u00a0Sachkundigen unterzogen werden. Empfehlenswert ist eine solche Pr\u00fcfung jedoch auch f\u00fcr alle nicht vorgeschriebenen\u00a0privaten Feuerl\u00f6scher (z.B. im Pkw), denn man sollte nicht vergessen, da\u00df ein funktionsf\u00e4higer Feuerl\u00f6scher im Notfall Leben retten kann.<\/p><p>Terminprobleme, oder Fragen ? Rufen Sie die Fa. Pilzer einfach unter der Telefonnumer <strong>0911-4187849<\/strong> an, oder senden Sie eine eMail an <a href=\"mailto:martin.pilzer@t-online.de\" target=\"_blank\" rel=\"noopener\">martin.pilzer@t-online.de<\/a> . Weitere Informationen finden Sie auch auf der Homepage der Fa. Pilzer (<a href=\"https:\/\/www.brandschutz-pilzer.de\/\" target=\"_blank\" rel=\"noopener\">hier klicken &#8230;<\/a>)<\/p><p>\u00a0<\/p><p><a href=\"http:\/\/www.region-schwabach.de\/wordpress\/wp-content\/uploads\/2018\/05\/handzettel_feuerloescher.jpg\"><img fetchpriority=\"high\" decoding=\"async\" class=\"size-large wp-image-39413 aligncenter\" src=\"http:\/\/www.region-schwabach.de\/wordpress\/wp-content\/uploads\/2018\/05\/handzettel_feuerloescher-668x1024.jpg\" alt=\"\" width=\"668\" height=\"1024\" srcset=\"https:\/\/www.region-schwabach.de\/wordpress\/wp-content\/uploads\/2018\/05\/handzettel_feuerloescher-668x1024.jpg 668w, https:\/\/www.region-schwabach.de\/wordpress\/wp-content\/uploads\/2018\/05\/handzettel_feuerloescher-196x300.jpg 196w, https:\/\/www.region-schwabach.de\/wordpress\/wp-content\/uploads\/2018\/05\/handzettel_feuerloescher-768x1178.jpg 768w, https:\/\/www.region-schwabach.de\/wordpress\/wp-content\/uploads\/2018\/05\/handzettel_feuerloescher.jpg 905w\" sizes=\"(max-width: 668px) 100vw, 668px\" \/><\/a><\/p>\t\t\t\t\t\t<\/div>\n\t\t\t\t<\/div>\n\t\t\t\t<div class=\"elementor-element elementor-element-4a9686b elementor-widget elementor-widget-google_maps\" data-id=\"4a9686b\" data-element_type=\"widget\" data-widget_type=\"google_maps.default\">\n\t\t\t\t<div class=\"elementor-widget-container\">\n\t\t\t\t\t<div class=\"elementor-custom-embed\">\n\t\t\t<iframe loading=\"lazy\"\n\t\t\t\t\tsrc=\"https:\/\/maps.google.com\/maps?q=Flurstra%C3%9Fe%2057%2C%20Schwabach%2C%20Deutschland&#038;t=m&#038;z=16&#038;output=embed&#038;iwloc=near\"\n\t\t\t\t\ttitle=\"Flurstra\u00dfe 57, Schwabach, Deutschland\"\n\t\t\t\t\taria-label=\"Flurstra\u00dfe 57, Schwabach, Deutschland\"\n\t\t\t><\/iframe>\n\t\t<\/div>\n\t\t\t\t<\/div>\n\t\t\t\t<\/div>\n\t\t\t\t\t<\/div>\n\t\t<\/div>\n\t\t\t\t<div class=\"elementor-column elementor-col-33 elementor-top-column elementor-element elementor-element-f645137\" data-id=\"f645137\" data-element_type=\"column\">\n\t\t\t<div class=\"elementor-widget-wrap elementor-element-populated\">\n\t\t\t\t\t\t<div class=\"elementor-element elementor-element-25043c1 elementor-widget elementor-widget-image\" data-id=\"25043c1\" data-element_type=\"widget\" data-widget_type=\"image.default\">\n\t\t\t\t<div class=\"elementor-widget-container\">\n\t\t\t\t\t\t\t\t\t\t\t\t\t<img decoding=\"async\" width=\"300\" height=\"300\" src=\"https:\/\/www.region-schwabach.de\/wordpress\/wp-content\/uploads\/2018\/04\/werbung1-300x300.png\" class=\"attachment-medium size-medium wp-image-35382\" alt=\"\" srcset=\"https:\/\/www.region-schwabach.de\/wordpress\/wp-content\/uploads\/2018\/04\/werbung1-300x300.png 300w, https:\/\/www.region-schwabach.de\/wordpress\/wp-content\/uploads\/2018\/04\/werbung1-150x150.png 150w, https:\/\/www.region-schwabach.de\/wordpress\/wp-content\/uploads\/2018\/04\/werbung1-768x768.png 768w, https:\/\/www.region-schwabach.de\/wordpress\/wp-content\/uploads\/2018\/04\/werbung1-1024x1024.png 1024w, https:\/\/www.region-schwabach.de\/wordpress\/wp-content\/uploads\/2018\/04\/werbung1.png 1200w\" sizes=\"(max-width: 300px) 100vw, 300px\" \/>\t\t\t\t\t\t\t\t\t\t\t\t\t<\/div>\n\t\t\t\t<\/div>\n\t\t\t\t\t<\/div>\n\t\t<\/div>\n\t\t\t\t\t<\/div>\n\t\t<\/section>\n\t\t\t\t<\/div>\n\t\t","protected":false},"excerpt":{"rendered":"<div class=\"mh-excerpt\"><p>Feuerl\u00f6scher-Pr\u00fcfung Schwabach &#8211; Am Freitag, den 18.05.2018, f\u00fchrt die Firma Martin Pilzer auf dem Parkplatz vom &#8222;Backhaus Lederer&#8220; in der Flurstra\u00dfe 57 in Schwabach-Limbach in der Zeit von 14.00 Uhr bis 17.00 Uhr eine \u00dcberpr\u00fcfung <a class=\"mh-excerpt-more\" href=\"https:\/\/www.region-schwabach.de\/wordpress\/feuerloescher-pruefung-am-18-mai-2018-in-schwabach\/\" title=\"Feuerl\u00f6scher-Pr\u00fcfung am 18. Mai 2018 in Schwabach\">[&#8230;]<\/a><\/p>\n<\/div>","protected":false},"author":1,"featured_media":39410,"comment_status":"open","ping_status":"open","sticky":false,"template":"","format":"standard","meta":{"_cbd_carousel_blocks":"[]","footnotes":""},"categories":[16,1,78,3967,231],"tags":[3690,3977,2064,1558,210,593,3976,19],"class_list":{"0":"post-39408","1":"post","2":"type-post","3":"status-publish","4":"format-standard","5":"has-post-thumbnail","7":"category-aktuell","8":"category-allgemein","9":"category-handel-und-wirtschaft","10":"category-unternehmen","11":"category-veranstaltungsnews","12":"tag-18-05-2018","13":"tag-backhaus-lederer","14":"tag-feuerloescher","15":"tag-flurstrasse","16":"tag-limbach","17":"tag-parkplatz","18":"tag-pruefung","19":"tag-schwabach"},"_links":{"self":[{"href":"https:\/\/www.region-schwabach.de\/wordpress\/wp-json\/wp\/v2\/posts\/39408","targetHints":{"allow":["GET"]}}],"collection":[{"href":"https:\/\/www.region-schwabach.de\/wordpress\/wp-json\/wp\/v2\/posts"}],"about":[{"href":"https:\/\/www.region-schwabach.de\/wordpress\/wp-json\/wp\/v2\/types\/post"}],"author":[{"embeddable":true,"href":"https:\/\/www.region-schwabach.de\/wordpress\/wp-json\/wp\/v2\/users\/1"}],"replies":[{"embeddable":true,"href":"https:\/\/www.region-schwabach.de\/wordpress\/wp-json\/wp\/v2\/comments?post=39408"}],"version-history":[{"count":0,"href":"https:\/\/www.region-schwabach.de\/wordpress\/wp-json\/wp\/v2\/posts\/39408\/revisions"}],"wp:featuredmedia":[{"embeddable":true,"href":"https:\/\/www.region-schwabach.de\/wordpress\/wp-json\/wp\/v2\/media\/39410"}],"wp:attachment":[{"href":"https:\/\/www.region-schwabach.de\/wordpress\/wp-json\/wp\/v2\/media?parent=39408"}],"wp:term":[{"taxonomy":"category","embeddable":true,"href":"https:\/\/www.region-schwabach.de\/wordpress\/wp-json\/wp\/v2\/categories?post=39408"},{"taxonomy":"post_tag","embeddable":true,"href":"https:\/\/www.region-schwabach.de\/wordpress\/wp-json\/wp\/v2\/tags?post=39408"}],"curies":[{"name":"wp","href":"https:\/\/api.w.org\/{rel}","templated":true}]}}