{"id":39431,"date":"2018-05-16T11:06:57","date_gmt":"2018-05-16T09:06:57","guid":{"rendered":"http:\/\/www.region-schwabach.de\/wordpress\/?p=39431"},"modified":"2018-05-16T11:33:10","modified_gmt":"2018-05-16T09:33:10","slug":"jede-menge-arbeit-fuer-die-polizeiinspektion-hilpoltstein-in-den-letzten-tagen","status":"publish","type":"post","link":"https:\/\/www.region-schwabach.de\/wordpress\/jede-menge-arbeit-fuer-die-polizeiinspektion-hilpoltstein-in-den-letzten-tagen\/","title":{"rendered":"Jede Menge Arbeit f\u00fcr die Polizeiinspektion Hilpoltstein in den letzten Tagen"},"content":{"rendered":"\t\t<div data-elementor-type=\"wp-post\" data-elementor-id=\"39431\" class=\"elementor elementor-39431 elementor-bc-flex-widget\">\n\t\t\t\t\t\t<section class=\"elementor-section elementor-top-section elementor-element elementor-element-tlus4ia elementor-section-boxed elementor-section-height-default elementor-section-height-default\" data-id=\"tlus4ia\" data-element_type=\"section\">\n\t\t\t\t\t\t<div class=\"elementor-container elementor-column-gap-default\">\n\t\t\t\t\t<div class=\"elementor-column elementor-col-66 elementor-top-column elementor-element elementor-element-sphcucl\" data-id=\"sphcucl\" data-element_type=\"column\">\n\t\t\t<div class=\"elementor-widget-wrap elementor-element-populated\">\n\t\t\t\t\t\t<div class=\"elementor-element elementor-element-4f2h2af elementor-widget elementor-widget-text-editor\" data-id=\"4f2h2af\" data-element_type=\"widget\" data-widget_type=\"text-editor.default\">\n\t\t\t\t<div class=\"elementor-widget-container\">\n\t\t\t\t\t\t\t<p>\u00a0<\/p><h3>Fahrerflucht in Hilpoltstein<\/h3><p>Hilpoltstein &#8211; Am Dienstagnachmittag, den 15.05.2018, kam kam es an der Kreuzung Johann-Friedrich-Stra\u00dfe und Christoph-Sturm-Stra\u00dfe in Hilpoltstein gegen 16.30 Uhr zum Zusammensto\u00df zwischen einem Pkw und einer 19-j\u00e4hrigen Radfahrerin, die mit ihrem Rad in Richtung Zwingerstra\u00dfe unterwegs war.<\/p><p>Der aus der Johann-Friedrich-Stra\u00dfe kommende Pkw touchierte dabei das Hinterrad der Radfahrerin, so da\u00df diese st\u00fcrzte. Gl\u00fccklicherweise wurde die Zweiradfahrerin nur leicht verletzt, allerding entfernte sich der Unfallverursacher unerlaubt vom Unfallort, ohne sich um die Schadensregulierung zu k\u00fcmmern.<\/p><p>Die sofort eingeleitete Suche nach dem PKW und dessen Fahrer war jedoch nur teilweise erfolgreich. Zwar konnte der PKW kurze Zeit sp\u00e4ter in der Zwingersta\u00dfe aufgefunden werden, vom Fahrer fehlt derzeit jedoch jede Spur. Ermittlungen wegen Unfallflucht und fahrl\u00e4ssiger K\u00f6rperverletzung wurden eingeleitet.<\/p><h3>9-j\u00e4hriges Kind angefahren<\/h3><p>Allersberg &#8211; Am Dienstagnachmittag, den 15.05.2018, wollte ein 9-j\u00e4hriger Junge den Zebrastreifen am Marktplatz \u00fcberqueren, und wurde dabei von einer 27-j\u00e4hrigen PKW-Fahrerin &#8211; die in Richtung Rathaus unterwegs war &#8211; angefahren. Der Junge wurde dabei gl\u00fccklicherweise nur leicht verletzt, vorsorglich jedoch trotzdem ins Krankenhaus gebracht. Am Pkw entstand nur geringer Sachschaden.<\/p><h3>PayPal-Konto gehackt<\/h3><p>Heideck &#8211; Bei der Kontrolle seiner Kontobewegungen stellte ein 78-j\u00e4hriger Mann aus Greding am Wochenende fest, dass von seinem PayPal-Konto zwei unberechtigte Zahlungen in H\u00f6he von insgesamt 80 Euro abgebucht wurden, nachdem sich ein bisher Unbekannter Zugriff auf das Konto des Gesch\u00e4digten verschafft hatte.<\/p><h3>Geldb\u00f6rse in Cafe gestohlen<\/h3><p>Hilpoltstein &#8211; Eine 54-j\u00e4hrige Hilpoltsteinerin erstattete am Dienstag , den 15.05.2018, Anzeige wegen Diebstahl, nachdem ihr bereits am Sonntagnachmittag, den 13.05.2018, in einem Caf\u00e9 in Sindersdorf\u00a0 die Geldb\u00f6rse (mit 160 Euro Bargeld und pers\u00f6nlichen Dokumenten) aus ihrer Handtasche gestohlen wurde.\u00a0<\/p><h3>Auto mutwillig verkratzt<\/h3><p>Hilpoltstein &#8211; In der Nacht von Montag , den 14.05.2018 (19.00 Uhr), auf Dienstag, den 15.05.2018 (07.00 Uhr), verkratzte ein bisher Unbekannter &#8222;Am Falkenhorst&#8220; in Hilpoltstein einen schwarzen BMW auf der linken Fahrzeugseite, und verursachte so ein Schaden in H\u00f6he von ca. 500 Euro.<\/p><h3>Polizei bittet um Mithilfe<\/h3><p>Personen, die verd\u00e4chtige Beobachtungen gemacht haben, werden gebeten, diese der Polizei in Hilpoltstein unter der Rufnummer 09174-4789-0 mitzuteilen.<\/p><p>\u00a0<\/p><p>\u00a0<\/p><p>\u00a0<\/p>\t\t\t\t\t\t<\/div>\n\t\t\t\t<\/div>\n\t\t\t\t<div class=\"elementor-element elementor-element-lkj62ub elementor-widget-divider--view-line elementor-widget elementor-widget-divider\" data-id=\"lkj62ub\" data-element_type=\"widget\" data-widget_type=\"divider.default\">\n\t\t\t\t<div class=\"elementor-widget-container\">\n\t\t\t\t\t<div class=\"elementor-divider\">\n\t\t\t<span class=\"elementor-divider-separator\">\n\t\t\t\t\t\t<\/span>\n\t\t<\/div>\n\t\t\t\t<\/div>\n\t\t\t\t<\/div>\n\t\t\t\t<div class=\"elementor-element elementor-element-c98jtdz elementor-widget elementor-widget-google_maps\" data-id=\"c98jtdz\" data-element_type=\"widget\" data-widget_type=\"google_maps.default\">\n\t\t\t\t<div class=\"elementor-widget-container\">\n\t\t\t\t\t<div class=\"elementor-custom-embed\">\n\t\t\t<iframe loading=\"lazy\"\n\t\t\t\t\tsrc=\"https:\/\/maps.google.com\/maps?q=Hilpoltstein%2C%20Deutschland&#038;t=m&#038;z=11&#038;output=embed&#038;iwloc=near\"\n\t\t\t\t\ttitle=\"Hilpoltstein, Deutschland\"\n\t\t\t\t\taria-label=\"Hilpoltstein, Deutschland\"\n\t\t\t><\/iframe>\n\t\t<\/div>\n\t\t\t\t<\/div>\n\t\t\t\t<\/div>\n\t\t\t\t\t<\/div>\n\t\t<\/div>\n\t\t\t\t<div class=\"elementor-column elementor-col-33 elementor-top-column elementor-element elementor-element-flkv3o5\" data-id=\"flkv3o5\" data-element_type=\"column\">\n\t\t\t<div class=\"elementor-widget-wrap elementor-element-populated\">\n\t\t\t\t\t\t<div class=\"elementor-element elementor-element-bpvimlk elementor-widget elementor-widget-image\" data-id=\"bpvimlk\" data-element_type=\"widget\" data-widget_type=\"image.default\">\n\t\t\t\t<div class=\"elementor-widget-container\">\n\t\t\t\t\t\t\t\t\t\t\t\t\t\t<a href=\"http:\/\/www.region-schwabach.de\/wordpress\/werben-auf-region-schwabach\/\" target=\"_blank\">\n\t\t\t\t\t\t\t<img fetchpriority=\"high\" decoding=\"async\" width=\"1024\" height=\"1024\" src=\"https:\/\/www.region-schwabach.de\/wordpress\/wp-content\/uploads\/2017\/06\/werbung8-1024x1024.png\" class=\"attachment-large size-large wp-image-2484\" alt=\"\" srcset=\"https:\/\/www.region-schwabach.de\/wordpress\/wp-content\/uploads\/2017\/06\/werbung8-1024x1024.png 1024w, https:\/\/www.region-schwabach.de\/wordpress\/wp-content\/uploads\/2017\/06\/werbung8-150x150.png 150w, https:\/\/www.region-schwabach.de\/wordpress\/wp-content\/uploads\/2017\/06\/werbung8-300x300.png 300w, https:\/\/www.region-schwabach.de\/wordpress\/wp-content\/uploads\/2017\/06\/werbung8-768x768.png 768w, https:\/\/www.region-schwabach.de\/wordpress\/wp-content\/uploads\/2017\/06\/werbung8-600x600.png 600w, https:\/\/www.region-schwabach.de\/wordpress\/wp-content\/uploads\/2017\/06\/werbung8.png 1200w\" sizes=\"(max-width: 1024px) 100vw, 1024px\" \/>\t\t\t\t\t\t\t\t<\/a>\n\t\t\t\t\t\t\t\t\t\t\t\t\t<\/div>\n\t\t\t\t<\/div>\n\t\t\t\t\t<\/div>\n\t\t<\/div>\n\t\t\t\t\t<\/div>\n\t\t<\/section>\n\t\t\t\t<\/div>\n\t\t","protected":false},"excerpt":{"rendered":"<div class=\"mh-excerpt\"><p>\u00a0 Fahrerflucht in Hilpoltstein Hilpoltstein &#8211; Am Dienstagnachmittag, den 15.05.2018, kam kam es an der Kreuzung Johann-Friedrich-Stra\u00dfe und Christoph-Sturm-Stra\u00dfe in Hilpoltstein gegen 16.30 Uhr zum Zusammensto\u00df zwischen einem Pkw und einer 19-j\u00e4hrigen Radfahrerin, die mit <a class=\"mh-excerpt-more\" href=\"https:\/\/www.region-schwabach.de\/wordpress\/jede-menge-arbeit-fuer-die-polizeiinspektion-hilpoltstein-in-den-letzten-tagen\/\" title=\"Jede Menge Arbeit f\u00fcr die Polizeiinspektion Hilpoltstein in den letzten Tagen\">[&#8230;]<\/a><\/p>\n<\/div>","protected":false},"author":1,"featured_media":39432,"comment_status":"open","ping_status":"open","sticky":false,"template":"","format":"standard","meta":{"_cbd_carousel_blocks":"[]","footnotes":""},"categories":[15],"tags":[3684,3685,3686,3687,556,930,1351,30,643,957,2174,596,297,663,1522,2364,114,3304,463,487,401,713,536,334,3983,3984,2054],"class_list":{"0":"post-39431","1":"post","2":"type-post","3":"status-publish","4":"format-standard","5":"has-post-thumbnail","7":"category-polizeimeldungen","8":"tag-12-05-2018","9":"tag-13-05-2018","10":"tag-14-05-2018","11":"tag-15-05-2018","12":"tag-allersberg","13":"tag-am-falkenhorst","14":"tag-christoph-sturm-strasse","15":"tag-diebstahl","16":"tag-fahrrad","17":"tag-geldboerse","18":"tag-handtasche","19":"tag-heideck","20":"tag-hilpoltstein","21":"tag-internetbetrug","22":"tag-johann-friedrich-strasse","23":"tag-kind","24":"tag-marktplatz","25":"tag-paypal-konto","26":"tag-pkw","27":"tag-sachbeschaedigung","28":"tag-sachschaden","29":"tag-schaden","30":"tag-sindersdorf","31":"tag-unfall","32":"tag-verkehrsdelikte","33":"tag-zebrastreifen","34":"tag-zwingerstrasse"},"_links":{"self":[{"href":"https:\/\/www.region-schwabach.de\/wordpress\/wp-json\/wp\/v2\/posts\/39431","targetHints":{"allow":["GET"]}}],"collection":[{"href":"https:\/\/www.region-schwabach.de\/wordpress\/wp-json\/wp\/v2\/posts"}],"about":[{"href":"https:\/\/www.region-schwabach.de\/wordpress\/wp-json\/wp\/v2\/types\/post"}],"author":[{"embeddable":true,"href":"https:\/\/www.region-schwabach.de\/wordpress\/wp-json\/wp\/v2\/users\/1"}],"replies":[{"embeddable":true,"href":"https:\/\/www.region-schwabach.de\/wordpress\/wp-json\/wp\/v2\/comments?post=39431"}],"version-history":[{"count":0,"href":"https:\/\/www.region-schwabach.de\/wordpress\/wp-json\/wp\/v2\/posts\/39431\/revisions"}],"wp:featuredmedia":[{"embeddable":true,"href":"https:\/\/www.region-schwabach.de\/wordpress\/wp-json\/wp\/v2\/media\/39432"}],"wp:attachment":[{"href":"https:\/\/www.region-schwabach.de\/wordpress\/wp-json\/wp\/v2\/media?parent=39431"}],"wp:term":[{"taxonomy":"category","embeddable":true,"href":"https:\/\/www.region-schwabach.de\/wordpress\/wp-json\/wp\/v2\/categories?post=39431"},{"taxonomy":"post_tag","embeddable":true,"href":"https:\/\/www.region-schwabach.de\/wordpress\/wp-json\/wp\/v2\/tags?post=39431"}],"curies":[{"name":"wp","href":"https:\/\/api.w.org\/{rel}","templated":true}]}}