{"id":39444,"date":"2018-05-16T12:41:16","date_gmt":"2018-05-16T10:41:16","guid":{"rendered":"http:\/\/www.region-schwabach.de\/wordpress\/?p=39444"},"modified":"2018-05-16T13:07:46","modified_gmt":"2018-05-16T11:07:46","slug":"jede-menge-arbeit-fuer-die-polizeiinspektion-roth-in-den-letzten-tagen","status":"publish","type":"post","link":"https:\/\/www.region-schwabach.de\/wordpress\/jede-menge-arbeit-fuer-die-polizeiinspektion-roth-in-den-letzten-tagen\/","title":{"rendered":"Jede Menge Arbeit f\u00fcr die Polizeiinspektion Roth in den letzten Tagen"},"content":{"rendered":"\t\t<div data-elementor-type=\"wp-post\" data-elementor-id=\"39444\" class=\"elementor elementor-39444 elementor-bc-flex-widget\">\n\t\t\t\t\t\t<section class=\"elementor-section elementor-top-section elementor-element elementor-element-tlus4ia elementor-section-boxed elementor-section-height-default elementor-section-height-default\" data-id=\"tlus4ia\" data-element_type=\"section\">\n\t\t\t\t\t\t<div class=\"elementor-container elementor-column-gap-default\">\n\t\t\t\t\t<div class=\"elementor-column elementor-col-66 elementor-top-column elementor-element elementor-element-sphcucl\" data-id=\"sphcucl\" data-element_type=\"column\">\n\t\t\t<div class=\"elementor-widget-wrap elementor-element-populated\">\n\t\t\t\t\t\t<div class=\"elementor-element elementor-element-4f2h2af elementor-widget elementor-widget-text-editor\" data-id=\"4f2h2af\" data-element_type=\"widget\" data-widget_type=\"text-editor.default\">\n\t\t\t\t<div class=\"elementor-widget-container\">\n\t\t\t\t\t\t\t<h3>Unfall unter Alkoholeinfluss verursacht<\/h3><p>Rednitzhembach &#8211; Am Dienstagmorgen, den 15.05.2018, war eine\u00a0 38-j\u00e4hrige Pkw-Fahrerin gegen 06.45 Uhr auf der Stra\u00dfe von Walpersdorf in Richtung Igelsdorf unterwegs. Dabei fuhr sie jedoch zu weit links, und stie\u00df deshalb mit dem linken Au\u00dfenspiegel gegen den Au\u00dfenspiegel eines entgegenkommenden\u00a0 PKWs, wodurch ein Sachschaden in H\u00f6he von ca. 600 Euro entstand.<\/p><p>Ein durchgef\u00fchrter Alkoholtest bei der Unfallverursacherin f\u00fchrte zu einem &#8211; f\u00fcr diese Tageszeit doch recht erstaunlichen Wert von fast 2,5 Promille, weshalb im Anschlu\u00df eine Blutentnahme durchgef\u00fchrt, der F\u00fchrerschein und die Fahrzeugschl\u00fcssel umgehend sichergestellt, und au\u00dferdem Ermittlungen wegen der Gef\u00e4hrdung des Stra\u00dfenverkehrs eingeleitet wurden.<\/p><h3>Vorfahrt von 21-j\u00e4hriger PKW-Fahrerin missachtet<\/h3><p>Roth &#8211; Am Dienstagnachmittag, den 15.05.2018, befuhr eine 21-j\u00e4hrige Pkw-Fahrerin den Rother Ostring in Richtung TSG-Gel\u00e4nde, und bog anschlie\u00dfend nach links in die Friedrich-Ebert-Stra\u00dfe ab. Dabei mi\u00dfachtete sie jedoch die Vorfahrt eines von rechts kommenden Pkw, der von der Norisstra\u00dfe in Richtung Friedrich-Ebert-Stra\u00dfe fuhr, weshalb es zur Kollision der beiden Fahrzeuge kam, deren Konsequenz ein Sachschaden in H\u00f6he von ca. 6.000 Euro ist.<\/p><h3>Bei Auffahrunfall verletzt<\/h3><p>B\u00fcchenbach &#8211; Am Mittwochvormittag, den 16.05.2018, warren mehrere Fahrzeuge auf der Unteren Bahnhofstra\u00dfe in B\u00fcchenbach in Richtung Pfaffenhofen unterwegs, als eines der Fahrzeuge nach links in die Ringstra\u00dfe abbog, und die folgenden Verkehrsteilnehmer deshalb verkehrsbedingt anhalten mu\u00dften. Ein Pkw-Fahrer erkannte die Situation jedoch zu sp\u00e4t, und fuhr auf einen der bereits stehenden Pkw auf. Die Fahrerin dieses PKWs wurde dabei leicht verletzt, und an den beteiligten Fahrzeugen entstand ein Sachschaden in H\u00f6he von ca. 5.000 Euro.\u00a0\u00a0<\/p><p><strong>Viele Tausend vern\u00fcnftige Fahrer &#8211; Nur wenige zu schnell<\/strong><\/p><p>Roth &#8211; Am Dienstag, den 15.05.2018, hatte die Verkehrspolizei ihre Messger\u00e4te wieder einmal an der durchaus unfalltr\u00e4chtigen \u00c4u\u00dferen N\u00fcrnberger Stra\u00dfe im Ortsteil Pfaffenhofen im Einsatzt.<\/p><p>Bei der mehrst\u00fcndigen Geschwindigkeitskontrolle wurden erfreulicherweise &#8211; bei immerhin fast zweieinhalb Tausend Kontrollierten, nur ca. zwei Dutzend Fahrzeuge gemessen, die so schnell unterwegs waren, da\u00df sie trotz aller Toleranzen ein Verwarnungsgeld erwartet. Ein einziger dieser Fahrer war dabei so schnell unterwegs, da\u00df er nun mit einem Fahrverbot und Punkten Flensburg rechnen mu\u00df.<\/p><h3>Vordach besch\u00e4digt<\/h3><p>Spalt &#8211; In der Zeit zwischen Samstag, den 05.05.2018 (08.00 Uhr), und Donnerstag, den 10.05.2018, besch\u00e4digte ein bisher Unbekannter mit einem LKW bzw. LKW-Anh\u00e4ngerin in der Albrecht-Achilles-Stra\u00dfe in Spalt das Vordach einer Gastst\u00e4tte, und verursachte dabei einen Sachschaden in H\u00f6he von ca. 5.000 Euro.<\/p><h3>Polizei bittet um Mithilfe<\/h3><p>Personen, die verd\u00e4chtige Beobachtungen gemacht haben, werden gebeten, diese der Polizei in Roth unter der Rufnummer 09171-9744-0 mitzuteilen.<\/p>\t\t\t\t\t\t<\/div>\n\t\t\t\t<\/div>\n\t\t\t\t<div class=\"elementor-element elementor-element-lkj62ub elementor-widget-divider--view-line elementor-widget elementor-widget-divider\" data-id=\"lkj62ub\" data-element_type=\"widget\" data-widget_type=\"divider.default\">\n\t\t\t\t<div class=\"elementor-widget-container\">\n\t\t\t\t\t<div class=\"elementor-divider\">\n\t\t\t<span class=\"elementor-divider-separator\">\n\t\t\t\t\t\t<\/span>\n\t\t<\/div>\n\t\t\t\t<\/div>\n\t\t\t\t<\/div>\n\t\t\t\t<div class=\"elementor-element elementor-element-c98jtdz elementor-widget elementor-widget-google_maps\" data-id=\"c98jtdz\" data-element_type=\"widget\" data-widget_type=\"google_maps.default\">\n\t\t\t\t<div class=\"elementor-widget-container\">\n\t\t\t\t\t<div class=\"elementor-custom-embed\">\n\t\t\t<iframe loading=\"lazy\"\n\t\t\t\t\tsrc=\"https:\/\/maps.google.com\/maps?q=Roth%2C%20Deutschland&#038;t=m&#038;z=11&#038;output=embed&#038;iwloc=near\"\n\t\t\t\t\ttitle=\"Roth, Deutschland\"\n\t\t\t\t\taria-label=\"Roth, Deutschland\"\n\t\t\t><\/iframe>\n\t\t<\/div>\n\t\t\t\t<\/div>\n\t\t\t\t<\/div>\n\t\t\t\t\t<\/div>\n\t\t<\/div>\n\t\t\t\t<div class=\"elementor-column elementor-col-33 elementor-top-column elementor-element elementor-element-flkv3o5\" data-id=\"flkv3o5\" data-element_type=\"column\">\n\t\t\t<div class=\"elementor-widget-wrap elementor-element-populated\">\n\t\t\t\t\t\t<div class=\"elementor-element elementor-element-bpvimlk elementor-widget elementor-widget-image\" data-id=\"bpvimlk\" data-element_type=\"widget\" data-widget_type=\"image.default\">\n\t\t\t\t<div class=\"elementor-widget-container\">\n\t\t\t\t\t\t\t\t\t\t\t\t\t\t<a href=\"http:\/\/www.region-schwabach.de\/wordpress\/werben-auf-region-schwabach\/\" target=\"_blank\">\n\t\t\t\t\t\t\t<img fetchpriority=\"high\" decoding=\"async\" width=\"1024\" height=\"1024\" src=\"https:\/\/www.region-schwabach.de\/wordpress\/wp-content\/uploads\/2017\/06\/werbung8-1024x1024.png\" class=\"attachment-large size-large wp-image-2484\" alt=\"\" srcset=\"https:\/\/www.region-schwabach.de\/wordpress\/wp-content\/uploads\/2017\/06\/werbung8-1024x1024.png 1024w, https:\/\/www.region-schwabach.de\/wordpress\/wp-content\/uploads\/2017\/06\/werbung8-150x150.png 150w, https:\/\/www.region-schwabach.de\/wordpress\/wp-content\/uploads\/2017\/06\/werbung8-300x300.png 300w, https:\/\/www.region-schwabach.de\/wordpress\/wp-content\/uploads\/2017\/06\/werbung8-768x768.png 768w, https:\/\/www.region-schwabach.de\/wordpress\/wp-content\/uploads\/2017\/06\/werbung8-600x600.png 600w, https:\/\/www.region-schwabach.de\/wordpress\/wp-content\/uploads\/2017\/06\/werbung8.png 1200w\" sizes=\"(max-width: 1024px) 100vw, 1024px\" \/>\t\t\t\t\t\t\t\t<\/a>\n\t\t\t\t\t\t\t\t\t\t\t\t\t<\/div>\n\t\t\t\t<\/div>\n\t\t\t\t\t<\/div>\n\t\t<\/div>\n\t\t\t\t\t<\/div>\n\t\t<\/section>\n\t\t\t\t<\/div>\n\t\t","protected":false},"excerpt":{"rendered":"<div class=\"mh-excerpt\"><p>Unfall unter Alkoholeinfluss verursacht Rednitzhembach &#8211; Am Dienstagmorgen, den 15.05.2018, war eine\u00a0 38-j\u00e4hrige Pkw-Fahrerin gegen 06.45 Uhr auf der Stra\u00dfe von Walpersdorf in Richtung Igelsdorf unterwegs. Dabei fuhr sie jedoch zu weit links, und stie\u00df <a class=\"mh-excerpt-more\" href=\"https:\/\/www.region-schwabach.de\/wordpress\/jede-menge-arbeit-fuer-die-polizeiinspektion-roth-in-den-letzten-tagen\/\" title=\"Jede Menge Arbeit f\u00fcr die Polizeiinspektion Roth in den letzten Tagen\">[&#8230;]<\/a><\/p>\n<\/div>","protected":false},"author":1,"featured_media":39445,"comment_status":"open","ping_status":"open","sticky":false,"template":"","format":"standard","meta":{"_cbd_carousel_blocks":"[]","footnotes":""},"categories":[15],"tags":[2018,3548,3562,3563,3564,3565,3687,3688,1489,3295,492,635,869,261,1439,694,463,493,1508,32,628,3991,2280,870],"class_list":{"0":"post-39444","1":"post","2":"type-post","3":"status-publish","4":"format-standard","5":"has-post-thumbnail","7":"category-polizeimeldungen","8":"tag-05-05-2018","9":"tag-06-05-2018","10":"tag-07-05-2018","11":"tag-08-05-2018","12":"tag-09-05-2018","13":"tag-10-05-2018","14":"tag-15-05-2018","15":"tag-16-05-2018","16":"tag-albrecht-achilles-strasse","17":"tag-aeussere-nuernberger-strasse","18":"tag-buechenbach","19":"tag-geschwindigkeitskontrolle","20":"tag-igelsdorf","21":"tag-lkw","22":"tag-ostring","23":"tag-pfaffenhofen","24":"tag-pkw","25":"tag-rednitzhembach","26":"tag-ringstrasse","27":"tag-roth","28":"tag-spalt","29":"tag-tsg-gelaende","30":"tag-untere-bahnhofstrasse","31":"tag-walpersdorf"},"_links":{"self":[{"href":"https:\/\/www.region-schwabach.de\/wordpress\/wp-json\/wp\/v2\/posts\/39444","targetHints":{"allow":["GET"]}}],"collection":[{"href":"https:\/\/www.region-schwabach.de\/wordpress\/wp-json\/wp\/v2\/posts"}],"about":[{"href":"https:\/\/www.region-schwabach.de\/wordpress\/wp-json\/wp\/v2\/types\/post"}],"author":[{"embeddable":true,"href":"https:\/\/www.region-schwabach.de\/wordpress\/wp-json\/wp\/v2\/users\/1"}],"replies":[{"embeddable":true,"href":"https:\/\/www.region-schwabach.de\/wordpress\/wp-json\/wp\/v2\/comments?post=39444"}],"version-history":[{"count":0,"href":"https:\/\/www.region-schwabach.de\/wordpress\/wp-json\/wp\/v2\/posts\/39444\/revisions"}],"wp:featuredmedia":[{"embeddable":true,"href":"https:\/\/www.region-schwabach.de\/wordpress\/wp-json\/wp\/v2\/media\/39445"}],"wp:attachment":[{"href":"https:\/\/www.region-schwabach.de\/wordpress\/wp-json\/wp\/v2\/media?parent=39444"}],"wp:term":[{"taxonomy":"category","embeddable":true,"href":"https:\/\/www.region-schwabach.de\/wordpress\/wp-json\/wp\/v2\/categories?post=39444"},{"taxonomy":"post_tag","embeddable":true,"href":"https:\/\/www.region-schwabach.de\/wordpress\/wp-json\/wp\/v2\/tags?post=39444"}],"curies":[{"name":"wp","href":"https:\/\/api.w.org\/{rel}","templated":true}]}}