{"id":39449,"date":"2018-05-16T14:54:52","date_gmt":"2018-05-16T12:54:52","guid":{"rendered":"http:\/\/www.region-schwabach.de\/wordpress\/?p=39449"},"modified":"2018-05-16T15:11:33","modified_gmt":"2018-05-16T13:11:33","slug":"dieb-von-hochwertigen-autos-nach-diebstahl-in-wendelstein-festgenommen","status":"publish","type":"post","link":"https:\/\/www.region-schwabach.de\/wordpress\/dieb-von-hochwertigen-autos-nach-diebstahl-in-wendelstein-festgenommen\/","title":{"rendered":"Dieb von hochwertigen Autos nach Diebstahl in Wendelstein festgenommen"},"content":{"rendered":"\t\t<div data-elementor-type=\"wp-post\" data-elementor-id=\"39449\" class=\"elementor elementor-39449 elementor-bc-flex-widget\">\n\t\t\t\t\t\t<section class=\"elementor-section elementor-top-section elementor-element elementor-element-tlus4ia elementor-section-boxed elementor-section-height-default elementor-section-height-default\" data-id=\"tlus4ia\" data-element_type=\"section\">\n\t\t\t\t\t\t<div class=\"elementor-container elementor-column-gap-default\">\n\t\t\t\t\t<div class=\"elementor-column elementor-col-66 elementor-top-column elementor-element elementor-element-sphcucl\" data-id=\"sphcucl\" data-element_type=\"column\">\n\t\t\t<div class=\"elementor-widget-wrap elementor-element-populated\">\n\t\t\t\t\t\t<div class=\"elementor-element elementor-element-4f2h2af elementor-widget elementor-widget-text-editor\" data-id=\"4f2h2af\" data-element_type=\"widget\" data-widget_type=\"text-editor.default\">\n\t\t\t\t<div class=\"elementor-widget-container\">\n\t\t\t\t\t\t\t<h3>PKW-Dieb festgenommen<\/h3><p>Schwabach &#8211; Am\u00a0Dienstag, den 14.05.2018 gelang der Polizei in den fr\u00fchen Morgenstunden die Festnahme eines Diebes, der sich auf den Diebstahl von hochwertigen PKWs spezialisiert hatte. Der tatverd\u00e4chtige Mann befindet sich nun in Untersuchungshaft.<\/p><h3>BMW X6 entwendet<\/h3><p>Am Dienstagmorgen, den 14.05.2018, bemerkte der Eigent\u00fcmer eines hochwertigen BMW X6 gegen 03.30 Uhr am N\u00e4geleinsbuck in Wendelstein, da\u00df besagtes Fahrzeug gestohlen worden war, und verst\u00e4ndigte umgehend die Polizei.<\/p><h3>Fahndung erfolgreich<\/h3><p>Nach einer sofort eingeleiteten Fahndung konnten Beamte der Polizeiinspektion Schwandorf den gestohlenen Pkw kurze Zeit sp\u00e4ter entdecken, und den 31-j\u00e4hriger Fahrer &#8211; der den begangenen Diebstahl unumwunden zugab &#8211; widerstandslos festnehmen.<\/p><h3>Weiteren Diebstahl gestanden<\/h3><p>Bei seiner Vernehmung r\u00e4umte der Tatverd\u00e4chtige zudem einen weiteren Diebstahl ein, den er in der Nacht zum Freitag, den 11.05.2018 in N\u00fcrnberg Laufamholz (BMW X5) begangen hatte.<\/p>\t\t\t\t\t\t<\/div>\n\t\t\t\t<\/div>\n\t\t\t\t<div class=\"elementor-element elementor-element-lkj62ub elementor-widget-divider--view-line elementor-widget elementor-widget-divider\" data-id=\"lkj62ub\" data-element_type=\"widget\" data-widget_type=\"divider.default\">\n\t\t\t\t<div class=\"elementor-widget-container\">\n\t\t\t\t\t<div class=\"elementor-divider\">\n\t\t\t<span class=\"elementor-divider-separator\">\n\t\t\t\t\t\t<\/span>\n\t\t<\/div>\n\t\t\t\t<\/div>\n\t\t\t\t<\/div>\n\t\t\t\t<div class=\"elementor-element elementor-element-c98jtdz elementor-widget elementor-widget-google_maps\" data-id=\"c98jtdz\" data-element_type=\"widget\" data-widget_type=\"google_maps.default\">\n\t\t\t\t<div class=\"elementor-widget-container\">\n\t\t\t\t\t<div class=\"elementor-custom-embed\">\n\t\t\t<iframe loading=\"lazy\"\n\t\t\t\t\tsrc=\"https:\/\/maps.google.com\/maps?q=N%C3%A4geleinsbuck%2C%20Wendelstein%2C%20Deutschland&#038;t=m&#038;z=17&#038;output=embed&#038;iwloc=near\"\n\t\t\t\t\ttitle=\"N\u00e4geleinsbuck, Wendelstein, Deutschland\"\n\t\t\t\t\taria-label=\"N\u00e4geleinsbuck, Wendelstein, Deutschland\"\n\t\t\t><\/iframe>\n\t\t<\/div>\n\t\t\t\t<\/div>\n\t\t\t\t<\/div>\n\t\t\t\t\t<\/div>\n\t\t<\/div>\n\t\t\t\t<div class=\"elementor-column elementor-col-33 elementor-top-column elementor-element elementor-element-flkv3o5\" data-id=\"flkv3o5\" data-element_type=\"column\">\n\t\t\t<div class=\"elementor-widget-wrap elementor-element-populated\">\n\t\t\t\t\t\t<div class=\"elementor-element elementor-element-bpvimlk elementor-widget elementor-widget-image\" data-id=\"bpvimlk\" data-element_type=\"widget\" data-widget_type=\"image.default\">\n\t\t\t\t<div class=\"elementor-widget-container\">\n\t\t\t\t\t\t\t\t\t\t\t\t\t\t<a href=\"http:\/\/www.region-schwabach.de\/wordpress\/werben-auf-region-schwabach\/\" target=\"_blank\">\n\t\t\t\t\t\t\t<img fetchpriority=\"high\" decoding=\"async\" width=\"1024\" height=\"1024\" src=\"https:\/\/www.region-schwabach.de\/wordpress\/wp-content\/uploads\/2017\/06\/werbung8-1024x1024.png\" class=\"attachment-large size-large wp-image-2484\" alt=\"\" srcset=\"https:\/\/www.region-schwabach.de\/wordpress\/wp-content\/uploads\/2017\/06\/werbung8-1024x1024.png 1024w, https:\/\/www.region-schwabach.de\/wordpress\/wp-content\/uploads\/2017\/06\/werbung8-150x150.png 150w, https:\/\/www.region-schwabach.de\/wordpress\/wp-content\/uploads\/2017\/06\/werbung8-300x300.png 300w, https:\/\/www.region-schwabach.de\/wordpress\/wp-content\/uploads\/2017\/06\/werbung8-768x768.png 768w, https:\/\/www.region-schwabach.de\/wordpress\/wp-content\/uploads\/2017\/06\/werbung8-600x600.png 600w, https:\/\/www.region-schwabach.de\/wordpress\/wp-content\/uploads\/2017\/06\/werbung8.png 1200w\" sizes=\"(max-width: 1024px) 100vw, 1024px\" \/>\t\t\t\t\t\t\t\t<\/a>\n\t\t\t\t\t\t\t\t\t\t\t\t\t<\/div>\n\t\t\t\t<\/div>\n\t\t\t\t\t<\/div>\n\t\t<\/div>\n\t\t\t\t\t<\/div>\n\t\t<\/section>\n\t\t\t\t<\/div>\n\t\t","protected":false},"excerpt":{"rendered":"<div class=\"mh-excerpt\"><p>PKW-Dieb festgenommen Schwabach &#8211; Am\u00a0Dienstag, den 14.05.2018 gelang der Polizei in den fr\u00fchen Morgenstunden die Festnahme eines Diebes, der sich auf den Diebstahl von hochwertigen PKWs spezialisiert hatte. Der tatverd\u00e4chtige Mann befindet sich nun in <a class=\"mh-excerpt-more\" href=\"https:\/\/www.region-schwabach.de\/wordpress\/dieb-von-hochwertigen-autos-nach-diebstahl-in-wendelstein-festgenommen\/\" title=\"Dieb von hochwertigen Autos nach Diebstahl in Wendelstein festgenommen\">[&#8230;]<\/a><\/p>\n<\/div>","protected":false},"author":1,"featured_media":39450,"comment_status":"open","ping_status":"open","sticky":false,"template":"","format":"standard","meta":{"_cbd_carousel_blocks":"[]","footnotes":""},"categories":[15],"tags":[3685,3686,1074,3992,30,43,1947,463,3993,19,3112,31],"class_list":{"0":"post-39449","1":"post","2":"type-post","3":"status-publish","4":"format-standard","5":"has-post-thumbnail","7":"category-polizeimeldungen","8":"tag-13-05-2018","9":"tag-14-05-2018","10":"tag-bmw-x5","11":"tag-bmw-x6","12":"tag-diebstahl","13":"tag-festnahme","14":"tag-naegeleinsbuck","15":"tag-pkw","16":"tag-polizeiinspektion-schwandorf","17":"tag-schwabach","18":"tag-untersuchungshaft","19":"tag-wendelstein"},"_links":{"self":[{"href":"https:\/\/www.region-schwabach.de\/wordpress\/wp-json\/wp\/v2\/posts\/39449","targetHints":{"allow":["GET"]}}],"collection":[{"href":"https:\/\/www.region-schwabach.de\/wordpress\/wp-json\/wp\/v2\/posts"}],"about":[{"href":"https:\/\/www.region-schwabach.de\/wordpress\/wp-json\/wp\/v2\/types\/post"}],"author":[{"embeddable":true,"href":"https:\/\/www.region-schwabach.de\/wordpress\/wp-json\/wp\/v2\/users\/1"}],"replies":[{"embeddable":true,"href":"https:\/\/www.region-schwabach.de\/wordpress\/wp-json\/wp\/v2\/comments?post=39449"}],"version-history":[{"count":0,"href":"https:\/\/www.region-schwabach.de\/wordpress\/wp-json\/wp\/v2\/posts\/39449\/revisions"}],"wp:featuredmedia":[{"embeddable":true,"href":"https:\/\/www.region-schwabach.de\/wordpress\/wp-json\/wp\/v2\/media\/39450"}],"wp:attachment":[{"href":"https:\/\/www.region-schwabach.de\/wordpress\/wp-json\/wp\/v2\/media?parent=39449"}],"wp:term":[{"taxonomy":"category","embeddable":true,"href":"https:\/\/www.region-schwabach.de\/wordpress\/wp-json\/wp\/v2\/categories?post=39449"},{"taxonomy":"post_tag","embeddable":true,"href":"https:\/\/www.region-schwabach.de\/wordpress\/wp-json\/wp\/v2\/tags?post=39449"}],"curies":[{"name":"wp","href":"https:\/\/api.w.org\/{rel}","templated":true}]}}