{"id":39484,"date":"2018-05-17T13:08:46","date_gmt":"2018-05-17T11:08:46","guid":{"rendered":"http:\/\/www.region-schwabach.de\/wordpress\/?p=39484"},"modified":"2018-05-17T13:09:25","modified_gmt":"2018-05-17T11:09:25","slug":"polizei-in-roth-sucht-zeugen-fuer-unfall","status":"publish","type":"post","link":"https:\/\/www.region-schwabach.de\/wordpress\/polizei-in-roth-sucht-zeugen-fuer-unfall\/","title":{"rendered":"Polizei in Roth sucht Zeugen f\u00fcr Unfall"},"content":{"rendered":"<h3>Polizei bittet um Mithilfe<\/h3>\n<p>Wie bereits gestern berichtet kam es am Dienstagnachmittag, den 15.05.2018 zu einem Unfall in Roth (siehe Anhang). Da es jetzt aber Unstimmigkeiten zum genauen Unfallhergang gibt, werden eventuelle Zeugen gebeten, sich zur Kl\u00e4rung des Sachverhalts bei der Polizeiinspektion Roth unter der Rufnummer 09171-9744-0 zu melden.<\/p>\n<p>&nbsp;<\/p>\n<p>Hier die Meldung vom 16.05.2018<\/p>\n<h3>Vorfahrt von 21-j\u00e4hriger PKW-Fahrerin missachtet<\/h3>\n<p>Roth \u2013 Am Dienstagnachmittag, den 15.05.2018, befuhr eine 21-j\u00e4hrige Pkw-Fahrerin den Rother Ostring in Richtung TSG-Gel\u00e4nde, und bog anschlie\u00dfend nach links in die Friedrich-Ebert-Stra\u00dfe ab. Dabei mi\u00dfachtete sie jedoch die Vorfahrt eines von rechts kommenden Pkw, der von der Norisstra\u00dfe in Richtung Friedrich-Ebert-Stra\u00dfe fuhr, weshalb es zur Kollision der beiden Fahrzeuge kam, deren Konsequenz ein Sachschaden in H\u00f6he von ca. 6.000 Euro ist.<\/p>\n","protected":false},"excerpt":{"rendered":"<div class=\"mh-excerpt\"><p>Polizei bittet um Mithilfe Wie bereits gestern berichtet kam es am Dienstagnachmittag, den 15.05.2018 zu einem Unfall in Roth (siehe Anhang). Da es jetzt aber Unstimmigkeiten zum genauen Unfallhergang gibt, werden eventuelle Zeugen gebeten, sich <a class=\"mh-excerpt-more\" href=\"https:\/\/www.region-schwabach.de\/wordpress\/polizei-in-roth-sucht-zeugen-fuer-unfall\/\" title=\"Polizei in Roth sucht Zeugen f\u00fcr Unfall\">[&#8230;]<\/a><\/p>\n<\/div>","protected":false},"author":1,"featured_media":39485,"comment_status":"open","ping_status":"open","sticky":false,"template":"","format":"standard","meta":{"_cbd_carousel_blocks":"[]","footnotes":""},"categories":[15],"tags":[3687,717,1439,981,32,2330],"class_list":{"0":"post-39484","1":"post","2":"type-post","3":"status-publish","4":"format-standard","5":"has-post-thumbnail","7":"category-polizeimeldungen","8":"tag-15-05-2018","9":"tag-friedrich-ebert-strasse","10":"tag-ostring","11":"tag-polizei","12":"tag-roth","13":"tag-zeugen"},"_links":{"self":[{"href":"https:\/\/www.region-schwabach.de\/wordpress\/wp-json\/wp\/v2\/posts\/39484","targetHints":{"allow":["GET"]}}],"collection":[{"href":"https:\/\/www.region-schwabach.de\/wordpress\/wp-json\/wp\/v2\/posts"}],"about":[{"href":"https:\/\/www.region-schwabach.de\/wordpress\/wp-json\/wp\/v2\/types\/post"}],"author":[{"embeddable":true,"href":"https:\/\/www.region-schwabach.de\/wordpress\/wp-json\/wp\/v2\/users\/1"}],"replies":[{"embeddable":true,"href":"https:\/\/www.region-schwabach.de\/wordpress\/wp-json\/wp\/v2\/comments?post=39484"}],"version-history":[{"count":0,"href":"https:\/\/www.region-schwabach.de\/wordpress\/wp-json\/wp\/v2\/posts\/39484\/revisions"}],"wp:featuredmedia":[{"embeddable":true,"href":"https:\/\/www.region-schwabach.de\/wordpress\/wp-json\/wp\/v2\/media\/39485"}],"wp:attachment":[{"href":"https:\/\/www.region-schwabach.de\/wordpress\/wp-json\/wp\/v2\/media?parent=39484"}],"wp:term":[{"taxonomy":"category","embeddable":true,"href":"https:\/\/www.region-schwabach.de\/wordpress\/wp-json\/wp\/v2\/categories?post=39484"},{"taxonomy":"post_tag","embeddable":true,"href":"https:\/\/www.region-schwabach.de\/wordpress\/wp-json\/wp\/v2\/tags?post=39484"}],"curies":[{"name":"wp","href":"https:\/\/api.w.org\/{rel}","templated":true}]}}