{"id":39756,"date":"2018-06-03T12:30:22","date_gmt":"2018-06-03T10:30:22","guid":{"rendered":"http:\/\/www.region-schwabach.de\/wordpress\/?p=39756"},"modified":"2018-06-03T20:33:23","modified_gmt":"2018-06-03T18:33:23","slug":"penzendorfer-kirchweih-vom-1-juni-2018-4-juni-2018","status":"publish","type":"post","link":"https:\/\/www.region-schwabach.de\/wordpress\/penzendorfer-kirchweih-vom-1-juni-2018-4-juni-2018\/","title":{"rendered":"Penzendorfer Kirchweih vom 1. Juni 2018 &#8211; 4. Juni 2018"},"content":{"rendered":"\t\t<div data-elementor-type=\"wp-post\" data-elementor-id=\"39756\" class=\"elementor elementor-39756 elementor-bc-flex-widget\">\n\t\t\t\t\t\t<section class=\"elementor-section elementor-top-section elementor-element elementor-element-678181b elementor-section-boxed elementor-section-height-default elementor-section-height-default\" data-id=\"678181b\" data-element_type=\"section\">\n\t\t\t\t\t\t<div class=\"elementor-container elementor-column-gap-default\">\n\t\t\t\t\t<div class=\"elementor-column elementor-col-66 elementor-top-column elementor-element elementor-element-6b34026\" data-id=\"6b34026\" data-element_type=\"column\">\n\t\t\t<div class=\"elementor-widget-wrap elementor-element-populated\">\n\t\t\t\t\t\t<div class=\"elementor-element elementor-element-443ab98 elementor-widget elementor-widget-text-editor\" data-id=\"443ab98\" data-element_type=\"widget\" data-widget_type=\"text-editor.default\">\n\t\t\t\t<div class=\"elementor-widget-container\">\n\t\t\t\t\t\t\t<h3 class=\"entry-title page-title\">Penzendorfer Kirchweih<\/h3><p>Die Penzendorfer K\u00e4rwa findet dieses Jahr vom Freitag, den 01.06.2018, bis Montag, den 04.06.2018 auf dem ehemaligen Schulsportplatz in Penzendorf statt.\u00a0<\/p><h3>Programm<\/h3><p><strong>Freitag, den 1. Juni 2018<\/strong><\/p><ul style=\"list-style-type: disc;\"><li>19:00 Uhr Stimmungsmusik mit der Band \u201eSternenf\u00e4nger\u201c<\/li><li>20:00 Uhr Bieranstich durch Oberb\u00fcrgermeister Matthias Th\u00fcrauf<\/li><\/ul><p><strong>Samstag, den 02. Juni 2018<\/strong><\/p><ul style=\"list-style-type: disc;\"><li>16:00 Uhr Festzug durch Penzendorf<\/li><li>16:30 Uhr Aufstellen des K\u00e4rwabaumes<\/li><li>19:00 Uhr Musik mit der Band \u201ePower Partyband\u201c<\/li><\/ul><p><strong>Sonntag, den 03. Juni 2018<\/strong><\/p><ul style=\"list-style-type: disc;\"><li>16:00 Uhr 7. Offizielles \u201eFlip Cup Tunier\u201c<\/li><li>17:00 Uhr Musik mit der Band \u201eAlpinXpress\u201c<\/li><\/ul><p><strong>Montag, den 04. Juni 2018<\/strong><\/p><ul style=\"list-style-type: disc;\"><li>18:00 Uhr Stimmungsmusik mit den Kleebl\u00e4ttern<\/li><li>20:00 Uhr Baumversteigerung<\/li><\/ul><p>F\u00fcr das leibliche Wohl sorgen die Metzgerei Meier und die Fischbraterei Gro\u00dfe. Zur Unterhaltung gibt es neben dem Festzelt auch eine Auswahl an Fahrgesch\u00e4ften und Buden.\u00a0<\/p><p><strong>Die K\u00e4rwamadli und K\u00e4rwaboum Penzendorf\u00a0freuen sich auf Ihr Kommen!<\/strong><\/p>\t\t\t\t\t\t<\/div>\n\t\t\t\t<\/div>\n\t\t\t\t<div class=\"elementor-element elementor-element-0c834d7 elementor-widget-divider--view-line elementor-widget elementor-widget-divider\" data-id=\"0c834d7\" data-element_type=\"widget\" data-widget_type=\"divider.default\">\n\t\t\t\t<div class=\"elementor-widget-container\">\n\t\t\t\t\t<div class=\"elementor-divider\">\n\t\t\t<span class=\"elementor-divider-separator\">\n\t\t\t\t\t\t<\/span>\n\t\t<\/div>\n\t\t\t\t<\/div>\n\t\t\t\t<\/div>\n\t\t\t\t<div class=\"elementor-element elementor-element-325f51f elementor-widget elementor-widget-google_maps\" data-id=\"325f51f\" data-element_type=\"widget\" data-widget_type=\"google_maps.default\">\n\t\t\t\t<div class=\"elementor-widget-container\">\n\t\t\t\t\t<div class=\"elementor-custom-embed\">\n\t\t\t<iframe loading=\"lazy\"\n\t\t\t\t\tsrc=\"https:\/\/maps.google.com\/maps?q=Penzendorf%2C%20Schwabach%2C%20Deutschland&#038;t=m&#038;z=15&#038;output=embed&#038;iwloc=near\"\n\t\t\t\t\ttitle=\"Penzendorf, Schwabach, Deutschland\"\n\t\t\t\t\taria-label=\"Penzendorf, Schwabach, Deutschland\"\n\t\t\t><\/iframe>\n\t\t<\/div>\n\t\t\t\t<\/div>\n\t\t\t\t<\/div>\n\t\t\t\t\t<\/div>\n\t\t<\/div>\n\t\t\t\t<div class=\"elementor-column elementor-col-33 elementor-top-column elementor-element elementor-element-f645137\" data-id=\"f645137\" data-element_type=\"column\">\n\t\t\t<div class=\"elementor-widget-wrap elementor-element-populated\">\n\t\t\t\t\t\t<div class=\"elementor-element elementor-element-25043c1 elementor-widget elementor-widget-image\" data-id=\"25043c1\" data-element_type=\"widget\" data-widget_type=\"image.default\">\n\t\t\t\t<div class=\"elementor-widget-container\">\n\t\t\t\t\t\t\t\t\t\t\t\t\t<img fetchpriority=\"high\" decoding=\"async\" width=\"300\" height=\"300\" src=\"https:\/\/www.region-schwabach.de\/wordpress\/wp-content\/uploads\/2018\/04\/werbung1-300x300.png\" class=\"attachment-medium size-medium wp-image-35382\" alt=\"\" srcset=\"https:\/\/www.region-schwabach.de\/wordpress\/wp-content\/uploads\/2018\/04\/werbung1-300x300.png 300w, https:\/\/www.region-schwabach.de\/wordpress\/wp-content\/uploads\/2018\/04\/werbung1-150x150.png 150w, https:\/\/www.region-schwabach.de\/wordpress\/wp-content\/uploads\/2018\/04\/werbung1-768x768.png 768w, https:\/\/www.region-schwabach.de\/wordpress\/wp-content\/uploads\/2018\/04\/werbung1-1024x1024.png 1024w, https:\/\/www.region-schwabach.de\/wordpress\/wp-content\/uploads\/2018\/04\/werbung1.png 1200w\" sizes=\"(max-width: 300px) 100vw, 300px\" \/>\t\t\t\t\t\t\t\t\t\t\t\t\t<\/div>\n\t\t\t\t<\/div>\n\t\t\t\t\t<\/div>\n\t\t<\/div>\n\t\t\t\t\t<\/div>\n\t\t<\/section>\n\t\t\t\t<\/div>\n\t\t","protected":false},"excerpt":{"rendered":"<div class=\"mh-excerpt\"><p>Penzendorfer Kirchweih Die Penzendorfer K\u00e4rwa findet dieses Jahr vom Freitag, den 01.06.2018, bis Montag, den 04.06.2018 auf dem ehemaligen Schulsportplatz in Penzendorf statt. Programm Freitag, den 1. Juni 2018 19:00 Uhr Stimmungsmusik mit der Band <a class=\"mh-excerpt-more\" href=\"https:\/\/www.region-schwabach.de\/wordpress\/penzendorfer-kirchweih-vom-1-juni-2018-4-juni-2018\/\" title=\"Penzendorfer Kirchweih vom 1. Juni 2018 &#8211; 4. Juni 2018\">[&#8230;]<\/a><\/p>\n<\/div>","protected":false},"author":1,"featured_media":39757,"comment_status":"open","ping_status":"open","sticky":false,"template":"","format":"standard","meta":{"_cbd_carousel_blocks":"[]","footnotes":""},"categories":[16,1,287,231],"tags":[3703,3704,3705,3784,4027,2564,4028,19],"class_list":{"0":"post-39756","1":"post","2":"type-post","3":"status-publish","4":"format-standard","5":"has-post-thumbnail","7":"category-aktuell","8":"category-allgemein","9":"category-jugend-und-familie","10":"category-veranstaltungsnews","11":"tag-01-06-2018","12":"tag-02-06-2018","13":"tag-03-06-2018","14":"tag-04-06-2018","15":"tag-kirchweih","16":"tag-penzendorf","17":"tag-schulsportplatz","18":"tag-schwabach"},"_links":{"self":[{"href":"https:\/\/www.region-schwabach.de\/wordpress\/wp-json\/wp\/v2\/posts\/39756","targetHints":{"allow":["GET"]}}],"collection":[{"href":"https:\/\/www.region-schwabach.de\/wordpress\/wp-json\/wp\/v2\/posts"}],"about":[{"href":"https:\/\/www.region-schwabach.de\/wordpress\/wp-json\/wp\/v2\/types\/post"}],"author":[{"embeddable":true,"href":"https:\/\/www.region-schwabach.de\/wordpress\/wp-json\/wp\/v2\/users\/1"}],"replies":[{"embeddable":true,"href":"https:\/\/www.region-schwabach.de\/wordpress\/wp-json\/wp\/v2\/comments?post=39756"}],"version-history":[{"count":0,"href":"https:\/\/www.region-schwabach.de\/wordpress\/wp-json\/wp\/v2\/posts\/39756\/revisions"}],"wp:featuredmedia":[{"embeddable":true,"href":"https:\/\/www.region-schwabach.de\/wordpress\/wp-json\/wp\/v2\/media\/39757"}],"wp:attachment":[{"href":"https:\/\/www.region-schwabach.de\/wordpress\/wp-json\/wp\/v2\/media?parent=39756"}],"wp:term":[{"taxonomy":"category","embeddable":true,"href":"https:\/\/www.region-schwabach.de\/wordpress\/wp-json\/wp\/v2\/categories?post=39756"},{"taxonomy":"post_tag","embeddable":true,"href":"https:\/\/www.region-schwabach.de\/wordpress\/wp-json\/wp\/v2\/tags?post=39756"}],"curies":[{"name":"wp","href":"https:\/\/api.w.org\/{rel}","templated":true}]}}