{"id":40145,"date":"2018-05-23T14:55:24","date_gmt":"2018-05-23T12:55:24","guid":{"rendered":"http:\/\/www.region-schwabach.de\/wordpress\/?p=40145"},"modified":"2018-05-23T15:15:20","modified_gmt":"2018-05-23T13:15:20","slug":"taxifahren-in-schwabach-wird-teuerer","status":"publish","type":"post","link":"https:\/\/www.region-schwabach.de\/wordpress\/taxifahren-in-schwabach-wird-teuerer\/","title":{"rendered":"Taxifahren in Schwabach wird teuerer"},"content":{"rendered":"\t\t<div data-elementor-type=\"wp-post\" data-elementor-id=\"40145\" class=\"elementor elementor-40145 elementor-bc-flex-widget\">\n\t\t\t\t\t\t<section class=\"elementor-section elementor-top-section elementor-element elementor-element-tlus4ia elementor-section-boxed elementor-section-height-default elementor-section-height-default\" data-id=\"tlus4ia\" data-element_type=\"section\">\n\t\t\t\t\t\t<div class=\"elementor-container elementor-column-gap-default\">\n\t\t\t\t\t<div class=\"elementor-column elementor-col-66 elementor-top-column elementor-element elementor-element-sphcucl\" data-id=\"sphcucl\" data-element_type=\"column\">\n\t\t\t<div class=\"elementor-widget-wrap elementor-element-populated\">\n\t\t\t\t\t\t<div class=\"elementor-element elementor-element-4f2h2af elementor-widget elementor-widget-text-editor\" data-id=\"4f2h2af\" data-element_type=\"widget\" data-widget_type=\"text-editor.default\">\n\t\t\t\t<div class=\"elementor-widget-container\">\n\t\t\t\t\t\t\t<h3>Taxipreise in Schwabach steigen<\/h3><p>Der Schwabacher Stadtrat hat dem Antrag der ortsans\u00e4ssigen Taxiunternehmer, die Bef\u00f6rderungstarife (die letzte Tarif\u00e4nderung gab es im Dezember 2014) zu erh\u00f6hen, zugestimmt.<\/p><p>Begr\u00fcndet wurde der Antrag der Taxiunternehmer \u00fcbrigens mit den gestiegenen Kosten, und dabei in erster Linie durch die Anhebung des gesetzlichen Mindestlohns.<\/p><h3>Folgende neue\u00a0Tarife ergeben sich:<\/h3><table style=\"height: 105px;\"><tbody><tr style=\"height: 21px;\"><td style=\"height: 21px; width: 50%;\"><strong>Tarif<\/strong><\/td><td style=\"height: 21px; text-align: center;\"><b>Neuer Preis<\/b><\/td><td style=\"height: 21px; width: 25%; text-align: center;\"><strong>Alter Preis<\/strong><\/td><\/tr><tr style=\"height: 21px;\"><td style=\"height: 21px;\">\u00a0<\/td><td style=\"height: 21px; width: 25%; text-align: center;\">\u00a0<\/td><td style=\"height: 21px; text-align: center;\">\u00a0<\/td><\/tr><tr style=\"height: 21px;\"><td style=\"height: 21px;\"><strong>Grundpreis<\/strong><\/td><td style=\"width: 25%; text-align: center; height: 21px;\"><strong>3,00 Euro<\/strong><\/td><td style=\"text-align: center; height: 21px;\">2,80 Euro<\/td><\/tr><tr style=\"height: 21px;\"><td style=\"height: 21px;\"><strong>Fahrstrecke unter einem Kilometer<\/strong><\/td><td style=\"width: 25%; text-align: center; height: 21px;\"><strong>3,20 Euro\/km<\/strong><\/td><td style=\"text-align: center; height: 21px;\">3,00 Euro\/km<\/td><\/tr><tr style=\"height: 21px;\"><td style=\"height: 21px;\"><strong>Fahrstrecke \u00fcber einem Kilometer<\/strong><\/td><td style=\"width: 25%; text-align: center; height: 21px;\"><strong>2,40 Euro\/km<\/strong><\/td><td style=\"text-align: center; height: 21px;\">2,40 Euro\/km<\/td><\/tr><tr style=\"height: 21px;\"><td style=\"height: 21px;\"><strong>Fahrstrecke \u00fcber zwei Kilometer<\/strong><\/td><td style=\"width: 25%; text-align: center; height: 21px;\"><strong>1,70 Euro\/km<\/strong><\/td><td style=\"text-align: center; height: 21px;\">1,70 Euro\/km<\/td><\/tr><tr style=\"height: 21px;\"><td style=\"height: 21px;\"><strong>Fahrstrecke \u00fcber zwei Kilometer<\/strong><\/td><td style=\"width: 25%; text-align: center; height: 21px;\"><strong>1,60 Euro\/km<\/strong><\/td><td style=\"text-align: center; height: 21px;\">1,40 Euro\/km<\/td><\/tr><\/tbody><\/table>\t\t\t\t\t\t<\/div>\n\t\t\t\t<\/div>\n\t\t\t\t\t<\/div>\n\t\t<\/div>\n\t\t\t\t<div class=\"elementor-column elementor-col-33 elementor-top-column elementor-element elementor-element-flkv3o5\" data-id=\"flkv3o5\" data-element_type=\"column\">\n\t\t\t<div class=\"elementor-widget-wrap elementor-element-populated\">\n\t\t\t\t\t\t<div class=\"elementor-element elementor-element-bpvimlk elementor-widget elementor-widget-image\" data-id=\"bpvimlk\" data-element_type=\"widget\" data-widget_type=\"image.default\">\n\t\t\t\t<div class=\"elementor-widget-container\">\n\t\t\t\t\t\t\t\t\t\t\t\t\t\t<a href=\"http:\/\/www.region-schwabach.de\/wordpress\/werben-auf-region-schwabach\/\" target=\"_blank\">\n\t\t\t\t\t\t\t<img fetchpriority=\"high\" decoding=\"async\" width=\"1024\" height=\"1024\" src=\"https:\/\/www.region-schwabach.de\/wordpress\/wp-content\/uploads\/2017\/06\/werbung8-1024x1024.png\" class=\"attachment-large size-large wp-image-2484\" alt=\"\" srcset=\"https:\/\/www.region-schwabach.de\/wordpress\/wp-content\/uploads\/2017\/06\/werbung8-1024x1024.png 1024w, https:\/\/www.region-schwabach.de\/wordpress\/wp-content\/uploads\/2017\/06\/werbung8-150x150.png 150w, https:\/\/www.region-schwabach.de\/wordpress\/wp-content\/uploads\/2017\/06\/werbung8-300x300.png 300w, https:\/\/www.region-schwabach.de\/wordpress\/wp-content\/uploads\/2017\/06\/werbung8-768x768.png 768w, https:\/\/www.region-schwabach.de\/wordpress\/wp-content\/uploads\/2017\/06\/werbung8-600x600.png 600w, https:\/\/www.region-schwabach.de\/wordpress\/wp-content\/uploads\/2017\/06\/werbung8.png 1200w\" sizes=\"(max-width: 1024px) 100vw, 1024px\" \/>\t\t\t\t\t\t\t\t<\/a>\n\t\t\t\t\t\t\t\t\t\t\t\t\t<\/div>\n\t\t\t\t<\/div>\n\t\t\t\t\t<\/div>\n\t\t<\/div>\n\t\t\t\t\t<\/div>\n\t\t<\/section>\n\t\t\t\t<\/div>\n\t\t","protected":false},"excerpt":{"rendered":"<div class=\"mh-excerpt\"><p>Taxipreise in Schwabach steigen Der Schwabacher Stadtrat hat dem Antrag der ortsans\u00e4ssigen Taxiunternehmer, die Bef\u00f6rderungstarife (die letzte Tarif\u00e4nderung gab es im Dezember 2014) zu erh\u00f6hen, zugestimmt. Begr\u00fcndet wurde der Antrag der Taxiunternehmer \u00fcbrigens mit den <a class=\"mh-excerpt-more\" href=\"https:\/\/www.region-schwabach.de\/wordpress\/taxifahren-in-schwabach-wird-teuerer\/\" title=\"Taxifahren in Schwabach wird teuerer\">[&#8230;]<\/a><\/p>\n<\/div>","protected":false},"author":1,"featured_media":40146,"comment_status":"open","ping_status":"open","sticky":false,"template":"","format":"standard","meta":{"_cbd_carousel_blocks":"[]","footnotes":""},"categories":[16,1,13,61,118],"tags":[4056,4055,3878,1480,19,3151,3638,4054,4053],"class_list":{"0":"post-40145","1":"post","2":"type-post","3":"status-publish","4":"format-standard","5":"has-post-thumbnail","7":"category-aktuell","8":"category-allgemein","9":"category-nachrichten","10":"category-rathaus","11":"category-umwelt","12":"tag-grundpreis","13":"tag-kilometer-fahrpreis","14":"tag-mai-2018","15":"tag-rathaus","16":"tag-schwabach","17":"tag-stadt-schwabach","18":"tag-stadtrat","19":"tag-tariferhoehung","20":"tag-taxi"},"_links":{"self":[{"href":"https:\/\/www.region-schwabach.de\/wordpress\/wp-json\/wp\/v2\/posts\/40145","targetHints":{"allow":["GET"]}}],"collection":[{"href":"https:\/\/www.region-schwabach.de\/wordpress\/wp-json\/wp\/v2\/posts"}],"about":[{"href":"https:\/\/www.region-schwabach.de\/wordpress\/wp-json\/wp\/v2\/types\/post"}],"author":[{"embeddable":true,"href":"https:\/\/www.region-schwabach.de\/wordpress\/wp-json\/wp\/v2\/users\/1"}],"replies":[{"embeddable":true,"href":"https:\/\/www.region-schwabach.de\/wordpress\/wp-json\/wp\/v2\/comments?post=40145"}],"version-history":[{"count":0,"href":"https:\/\/www.region-schwabach.de\/wordpress\/wp-json\/wp\/v2\/posts\/40145\/revisions"}],"wp:featuredmedia":[{"embeddable":true,"href":"https:\/\/www.region-schwabach.de\/wordpress\/wp-json\/wp\/v2\/media\/40146"}],"wp:attachment":[{"href":"https:\/\/www.region-schwabach.de\/wordpress\/wp-json\/wp\/v2\/media?parent=40145"}],"wp:term":[{"taxonomy":"category","embeddable":true,"href":"https:\/\/www.region-schwabach.de\/wordpress\/wp-json\/wp\/v2\/categories?post=40145"},{"taxonomy":"post_tag","embeddable":true,"href":"https:\/\/www.region-schwabach.de\/wordpress\/wp-json\/wp\/v2\/tags?post=40145"}],"curies":[{"name":"wp","href":"https:\/\/api.w.org\/{rel}","templated":true}]}}