{"id":40164,"date":"2018-05-23T16:24:04","date_gmt":"2018-05-23T14:24:04","guid":{"rendered":"http:\/\/www.region-schwabach.de\/wordpress\/?p=40164"},"modified":"2018-05-23T16:43:34","modified_gmt":"2018-05-23T14:43:34","slug":"einbruch-im-gewerbegebiet-von-rohr","status":"publish","type":"post","link":"https:\/\/www.region-schwabach.de\/wordpress\/einbruch-im-gewerbegebiet-von-rohr\/","title":{"rendered":"Einbruch im Gewerbegebiet von Rohr"},"content":{"rendered":"\t\t<div data-elementor-type=\"wp-post\" data-elementor-id=\"40164\" class=\"elementor elementor-40164 elementor-bc-flex-widget\">\n\t\t\t\t\t\t<section class=\"elementor-section elementor-top-section elementor-element elementor-element-1cuv9jr elementor-section-boxed elementor-section-height-default elementor-section-height-default\" data-id=\"1cuv9jr\" data-element_type=\"section\">\n\t\t\t\t\t\t<div class=\"elementor-container elementor-column-gap-default\">\n\t\t\t\t\t<div class=\"elementor-column elementor-col-66 elementor-top-column elementor-element elementor-element-q5zak7b\" data-id=\"q5zak7b\" data-element_type=\"column\">\n\t\t\t<div class=\"elementor-widget-wrap elementor-element-populated\">\n\t\t\t\t\t\t<div class=\"elementor-element elementor-element-86qws23 elementor-widget elementor-widget-text-editor\" data-id=\"86qws23\" data-element_type=\"widget\" data-widget_type=\"text-editor.default\">\n\t\t\t\t<div class=\"elementor-widget-container\">\n\t\t\t\t\t\t\t<h3>In B\u00fcrogeb\u00e4ude eingestiegen<\/h3><p>Roth &#8211; In der Zeit zwischen Montag, den 21.05.2018 (17.30 Uhr), und Dienstag, den 22.05.2018 (05.00 Uhr), stiegen bisher Unbekannte in eine Firma im Gewerbegebiet Rohr am Weilerer Berg ein.\u00a0<\/p><h3>Hohen Sachschaden hinterlassen<\/h3><p>Bei dem Einbruch\u00a0 verschafften sich die T\u00e4ter Zutritt zum B\u00fcrogeb\u00e4ude, und durchw\u00fchlten anschlie\u00dfend alle R\u00e4umlichkeiten, wobei sie einen Sachschaden in H\u00f6he von ca. 6.000 Euro verursachten. Die H\u00f6he des entstandenen Entwendungsschadens ist noch nicht bekannt.<\/p><h3>Polizei bittet um Mithilfe<\/h3><p>Anwohner und Passanten, die im angegebenen Zeitraum verd\u00e4chtige Beobachtungen gemacht haben, werden gebeten, diese dem Kriminaldauerdienst Mittelfranken unter der Rufnummer 0911-2112-3333 mitzuteilen. Auch vermeintlich noch so kleine und unwichtig erscheinende Informationen k\u00f6nnen dabei hilfreich f\u00fcr die Aufkl\u00e4rung sein.<\/p>\t\t\t\t\t\t<\/div>\n\t\t\t\t<\/div>\n\t\t\t\t<div class=\"elementor-element elementor-element-1l7zbzo elementor-widget elementor-widget-google_maps\" data-id=\"1l7zbzo\" data-element_type=\"widget\" data-widget_type=\"google_maps.default\">\n\t\t\t\t<div class=\"elementor-widget-container\">\n\t\t\t\t\t<div class=\"elementor-custom-embed\">\n\t\t\t<iframe loading=\"lazy\"\n\t\t\t\t\tsrc=\"https:\/\/maps.google.com\/maps?q=Weilerer%20Berg%2C%20Rohr%2C%20Deutschland&#038;t=m&#038;z=16&#038;output=embed&#038;iwloc=near\"\n\t\t\t\t\ttitle=\"Weilerer Berg, Rohr, Deutschland\"\n\t\t\t\t\taria-label=\"Weilerer Berg, Rohr, Deutschland\"\n\t\t\t><\/iframe>\n\t\t<\/div>\n\t\t\t\t<\/div>\n\t\t\t\t<\/div>\n\t\t\t\t\t<\/div>\n\t\t<\/div>\n\t\t\t\t<div class=\"elementor-column elementor-col-33 elementor-top-column elementor-element elementor-element-0w0urt1\" data-id=\"0w0urt1\" data-element_type=\"column\">\n\t\t\t<div class=\"elementor-widget-wrap elementor-element-populated\">\n\t\t\t\t\t\t<div class=\"elementor-element elementor-element-mo6nk5i elementor-widget elementor-widget-image\" data-id=\"mo6nk5i\" data-element_type=\"widget\" data-widget_type=\"image.default\">\n\t\t\t\t<div class=\"elementor-widget-container\">\n\t\t\t\t\t\t\t\t\t\t\t\t\t\t<a href=\"http:\/\/www.region-schwabach.de\/wordpress\/werben-auf-region-schwabach\/\" target=\"_blank\">\n\t\t\t\t\t\t\t<img fetchpriority=\"high\" decoding=\"async\" width=\"1024\" height=\"1024\" src=\"https:\/\/www.region-schwabach.de\/wordpress\/wp-content\/uploads\/2017\/06\/werbung8-1024x1024.png\" class=\"attachment-large size-large wp-image-2484\" alt=\"\" srcset=\"https:\/\/www.region-schwabach.de\/wordpress\/wp-content\/uploads\/2017\/06\/werbung8-1024x1024.png 1024w, https:\/\/www.region-schwabach.de\/wordpress\/wp-content\/uploads\/2017\/06\/werbung8-150x150.png 150w, https:\/\/www.region-schwabach.de\/wordpress\/wp-content\/uploads\/2017\/06\/werbung8-300x300.png 300w, https:\/\/www.region-schwabach.de\/wordpress\/wp-content\/uploads\/2017\/06\/werbung8-768x768.png 768w, https:\/\/www.region-schwabach.de\/wordpress\/wp-content\/uploads\/2017\/06\/werbung8-600x600.png 600w, https:\/\/www.region-schwabach.de\/wordpress\/wp-content\/uploads\/2017\/06\/werbung8.png 1200w\" sizes=\"(max-width: 1024px) 100vw, 1024px\" \/>\t\t\t\t\t\t\t\t<\/a>\n\t\t\t\t\t\t\t\t\t\t\t\t\t<\/div>\n\t\t\t\t<\/div>\n\t\t\t\t\t<\/div>\n\t\t<\/div>\n\t\t\t\t\t<\/div>\n\t\t<\/section>\n\t\t\t\t<\/div>\n\t\t","protected":false},"excerpt":{"rendered":"<div class=\"mh-excerpt\"><p>In B\u00fcrogeb\u00e4ude eingestiegen Roth &#8211; In der Zeit zwischen Montag, den 21.05.2018 (17.30 Uhr), und Dienstag, den 22.05.2018 (05.00 Uhr), stiegen bisher Unbekannte in eine Firma im Gewerbegebiet Rohr am Weilerer Berg ein.\u00a0 Hohen Sachschaden <a class=\"mh-excerpt-more\" href=\"https:\/\/www.region-schwabach.de\/wordpress\/einbruch-im-gewerbegebiet-von-rohr\/\" title=\"Einbruch im Gewerbegebiet von Rohr\">[&#8230;]<\/a><\/p>\n<\/div>","protected":false},"author":1,"featured_media":40165,"comment_status":"open","ping_status":"open","sticky":false,"template":"","format":"standard","meta":{"_cbd_carousel_blocks":"[]","footnotes":""},"categories":[15],"tags":[3693,3694,4062,217,1892,545,218,329,32,713,4064],"class_list":{"0":"post-40164","1":"post","2":"type-post","3":"status-publish","4":"format-standard","5":"has-post-thumbnail","7":"category-polizeimeldungen","8":"tag-21-05-2018","9":"tag-22-05-2018","10":"tag-buerogebaeude","11":"tag-einbruch","12":"tag-entwendungsschaden","13":"tag-gewerbegebiet","14":"tag-hoher-sachschaden","15":"tag-rohr","16":"tag-roth","17":"tag-schaden","18":"tag-weilerer-berg"},"_links":{"self":[{"href":"https:\/\/www.region-schwabach.de\/wordpress\/wp-json\/wp\/v2\/posts\/40164","targetHints":{"allow":["GET"]}}],"collection":[{"href":"https:\/\/www.region-schwabach.de\/wordpress\/wp-json\/wp\/v2\/posts"}],"about":[{"href":"https:\/\/www.region-schwabach.de\/wordpress\/wp-json\/wp\/v2\/types\/post"}],"author":[{"embeddable":true,"href":"https:\/\/www.region-schwabach.de\/wordpress\/wp-json\/wp\/v2\/users\/1"}],"replies":[{"embeddable":true,"href":"https:\/\/www.region-schwabach.de\/wordpress\/wp-json\/wp\/v2\/comments?post=40164"}],"version-history":[{"count":0,"href":"https:\/\/www.region-schwabach.de\/wordpress\/wp-json\/wp\/v2\/posts\/40164\/revisions"}],"wp:featuredmedia":[{"embeddable":true,"href":"https:\/\/www.region-schwabach.de\/wordpress\/wp-json\/wp\/v2\/media\/40165"}],"wp:attachment":[{"href":"https:\/\/www.region-schwabach.de\/wordpress\/wp-json\/wp\/v2\/media?parent=40164"}],"wp:term":[{"taxonomy":"category","embeddable":true,"href":"https:\/\/www.region-schwabach.de\/wordpress\/wp-json\/wp\/v2\/categories?post=40164"},{"taxonomy":"post_tag","embeddable":true,"href":"https:\/\/www.region-schwabach.de\/wordpress\/wp-json\/wp\/v2\/tags?post=40164"}],"curies":[{"name":"wp","href":"https:\/\/api.w.org\/{rel}","templated":true}]}}