{"id":40196,"date":"2018-05-24T15:51:05","date_gmt":"2018-05-24T13:51:05","guid":{"rendered":"http:\/\/www.region-schwabach.de\/wordpress\/?p=40196"},"modified":"2018-09-10T12:51:40","modified_gmt":"2018-09-10T10:51:40","slug":"buchsbaeume-nach-zuenslerbefall-im-restmuell-richtig-entsorgen","status":"publish","type":"post","link":"https:\/\/www.region-schwabach.de\/wordpress\/buchsbaeume-nach-zuenslerbefall-im-restmuell-richtig-entsorgen\/","title":{"rendered":"Buchsb\u00e4ume nach Z\u00fcnslerbefall im Restm\u00fcll richtig entsorgen"},"content":{"rendered":"\t\t<div data-elementor-type=\"wp-post\" data-elementor-id=\"40196\" class=\"elementor elementor-40196 elementor-bc-flex-widget\">\n\t\t\t\t\t\t<section class=\"elementor-section elementor-top-section elementor-element elementor-element-678181b elementor-section-boxed elementor-section-height-default elementor-section-height-default\" data-id=\"678181b\" data-element_type=\"section\">\n\t\t\t\t\t\t<div class=\"elementor-container elementor-column-gap-default\">\n\t\t\t\t\t<div class=\"elementor-column elementor-col-66 elementor-top-column elementor-element elementor-element-6b34026\" data-id=\"6b34026\" data-element_type=\"column\">\n\t\t\t<div class=\"elementor-widget-wrap elementor-element-populated\">\n\t\t\t\t\t\t<div class=\"elementor-element elementor-element-443ab98 elementor-widget elementor-widget-text-editor\" data-id=\"443ab98\" data-element_type=\"widget\" data-widget_type=\"text-editor.default\">\n\t\t\t\t<div class=\"elementor-widget-container\">\n\t\t\t\t\t\t\t<h3>In den Restm\u00fcll statt in den Kompost<\/h3><h3>Buchsb\u00e4ume nach Z\u00fcnslerbefall richtig entsorgen<\/h3><p>Besonders in diesem Jahr sind viele Buchsb\u00e4ume von einer Raupe befallen,\u00a0dem Buchsbaumz\u00fcnsler. Dazu teilt die Abfallberatung der Stadt Schwabach folgendes mit:<\/p><p>Normalerweise sind Buchsb\u00e4ume Gartenabf\u00e4lle, die in einen\u00a0entsprechenden Container geworfen werden k\u00f6nnen. Dies gilt aber nur dann,\u00a0wenn keine Raupen des Buchsbaumz\u00fcnslers mehr am Baum sind.\u00a0<\/p><h3>Buchsbaumz\u00fcnsler verbreitet sich sonst weiter<\/h3><p>Im Gr\u00fcngutcontainer und sp\u00e4ter auf der Sammelstelle der\u00a0Kompostierungsanlage k\u00f6nnen sich daraus Schmetterlinge entwickeln. Diese\u00a0verbreiten den Buchsbaumz\u00fcnsler weiter, das soll allerdings vermieden\u00a0werden. Erst in der Kompostmiete \u2013 so nennt man den Haufen \u2013 werden bei\u00a0etwa 70 Grad die Raupen abget\u00f6tet.<\/p><h3>Nicht in Gartenabfallcontainer oder Kompostieranlage entsorgen<\/h3><p>Befallene B\u00e4ume sollen deshalb nicht in die Gartenabfallcontainer oder zur\u00a0Kompostieranlage. Besser ist: Den Buchsbaum in einen Plastiksack stecken.\u00a0Dann entweder \u00fcber die Restm\u00fclltonne entsorgen oder als Restm\u00fcll am\u00a0Recyclinghof anliefern. Der Sch\u00e4dling wird dann zusammen mit dem\u00a0Buchsbaum in der M\u00fcllverbrennungsanlage verbrannt.<\/p>\t\t\t\t\t\t<\/div>\n\t\t\t\t<\/div>\n\t\t\t\t<div class=\"elementor-element elementor-element-a29781d elementor-widget-divider--view-line elementor-widget elementor-widget-divider\" data-id=\"a29781d\" data-element_type=\"widget\" data-widget_type=\"divider.default\">\n\t\t\t\t<div class=\"elementor-widget-container\">\n\t\t\t\t\t<div class=\"elementor-divider\">\n\t\t\t<span class=\"elementor-divider-separator\">\n\t\t\t\t\t\t<\/span>\n\t\t<\/div>\n\t\t\t\t<\/div>\n\t\t\t\t<\/div>\n\t\t\t\t<div class=\"elementor-element elementor-element-2a05a02 elementor-widget elementor-widget-google_maps\" data-id=\"2a05a02\" data-element_type=\"widget\" data-widget_type=\"google_maps.default\">\n\t\t\t\t<div class=\"elementor-widget-container\">\n\t\t\t\t\t<div class=\"elementor-custom-embed\">\n\t\t\t<iframe loading=\"lazy\"\n\t\t\t\t\tsrc=\"https:\/\/maps.google.com\/maps?q=Hirschenholzstra%C3%9Fe%2C%20Schwabach%2C%20Deutschland&#038;t=m&#038;z=15&#038;output=embed&#038;iwloc=near\"\n\t\t\t\t\ttitle=\"Hirschenholzstra\u00dfe, Schwabach, Deutschland\"\n\t\t\t\t\taria-label=\"Hirschenholzstra\u00dfe, Schwabach, Deutschland\"\n\t\t\t><\/iframe>\n\t\t<\/div>\n\t\t\t\t<\/div>\n\t\t\t\t<\/div>\n\t\t\t\t\t<\/div>\n\t\t<\/div>\n\t\t\t\t<div class=\"elementor-column elementor-col-33 elementor-top-column elementor-element elementor-element-f645137\" data-id=\"f645137\" data-element_type=\"column\">\n\t\t\t<div class=\"elementor-widget-wrap elementor-element-populated\">\n\t\t\t\t\t\t<div class=\"elementor-element elementor-element-25043c1 elementor-widget elementor-widget-image\" data-id=\"25043c1\" data-element_type=\"widget\" data-widget_type=\"image.default\">\n\t\t\t\t<div class=\"elementor-widget-container\">\n\t\t\t\t\t\t\t\t\t\t\t\t\t<img fetchpriority=\"high\" decoding=\"async\" width=\"300\" height=\"300\" src=\"https:\/\/www.region-schwabach.de\/wordpress\/wp-content\/uploads\/2018\/04\/werbung1-300x300.png\" class=\"attachment-medium size-medium wp-image-35382\" alt=\"\" srcset=\"https:\/\/www.region-schwabach.de\/wordpress\/wp-content\/uploads\/2018\/04\/werbung1-300x300.png 300w, https:\/\/www.region-schwabach.de\/wordpress\/wp-content\/uploads\/2018\/04\/werbung1-150x150.png 150w, https:\/\/www.region-schwabach.de\/wordpress\/wp-content\/uploads\/2018\/04\/werbung1-768x768.png 768w, https:\/\/www.region-schwabach.de\/wordpress\/wp-content\/uploads\/2018\/04\/werbung1-1024x1024.png 1024w, https:\/\/www.region-schwabach.de\/wordpress\/wp-content\/uploads\/2018\/04\/werbung1.png 1200w\" sizes=\"(max-width: 300px) 100vw, 300px\" \/>\t\t\t\t\t\t\t\t\t\t\t\t\t<\/div>\n\t\t\t\t<\/div>\n\t\t\t\t\t<\/div>\n\t\t<\/div>\n\t\t\t\t\t<\/div>\n\t\t<\/section>\n\t\t\t\t<\/div>\n\t\t","protected":false},"excerpt":{"rendered":"<div class=\"mh-excerpt\"><p>In den Restm\u00fcll statt in den Kompost Buchsb\u00e4ume nach Z\u00fcnslerbefall richtig entsorgen Besonders in diesem Jahr sind viele Buchsb\u00e4ume von einer Raupe befallen,\u00a0dem Buchsbaumz\u00fcnsler. Dazu teilt die Abfallberatung der Stadt Schwabach folgendes mit: Normalerweise sind <a class=\"mh-excerpt-more\" href=\"https:\/\/www.region-schwabach.de\/wordpress\/buchsbaeume-nach-zuenslerbefall-im-restmuell-richtig-entsorgen\/\" title=\"Buchsb\u00e4ume nach Z\u00fcnslerbefall im Restm\u00fcll richtig entsorgen\">[&#8230;]<\/a><\/p>\n<\/div>","protected":false},"author":1,"featured_media":40197,"comment_status":"open","ping_status":"open","sticky":false,"template":"","format":"standard","meta":{"_cbd_carousel_blocks":"[]","footnotes":""},"categories":[16,1,4306,61,203],"tags":[905,4073,4075,4072,3143,4076,4077,1480,2627,2554,19,4074],"class_list":{"0":"post-40196","1":"post","2":"type-post","3":"status-publish","4":"format-standard","5":"has-post-thumbnail","7":"category-aktuell","8":"category-allgemein","9":"category-ratgeber","10":"category-rathaus","11":"category-umwelt-nachrichten","12":"tag-baum","13":"tag-buchsbaum","14":"tag-gartenabfallcontainer","15":"tag-gartentipp","16":"tag-juni","17":"tag-kompostieranlage","18":"tag-plastiksack","19":"tag-rathaus","20":"tag-recyclinghof","21":"tag-restmuelltonne","22":"tag-schwabach","23":"tag-zuenslerbefall"},"_links":{"self":[{"href":"https:\/\/www.region-schwabach.de\/wordpress\/wp-json\/wp\/v2\/posts\/40196","targetHints":{"allow":["GET"]}}],"collection":[{"href":"https:\/\/www.region-schwabach.de\/wordpress\/wp-json\/wp\/v2\/posts"}],"about":[{"href":"https:\/\/www.region-schwabach.de\/wordpress\/wp-json\/wp\/v2\/types\/post"}],"author":[{"embeddable":true,"href":"https:\/\/www.region-schwabach.de\/wordpress\/wp-json\/wp\/v2\/users\/1"}],"replies":[{"embeddable":true,"href":"https:\/\/www.region-schwabach.de\/wordpress\/wp-json\/wp\/v2\/comments?post=40196"}],"version-history":[{"count":0,"href":"https:\/\/www.region-schwabach.de\/wordpress\/wp-json\/wp\/v2\/posts\/40196\/revisions"}],"wp:featuredmedia":[{"embeddable":true,"href":"https:\/\/www.region-schwabach.de\/wordpress\/wp-json\/wp\/v2\/media\/40197"}],"wp:attachment":[{"href":"https:\/\/www.region-schwabach.de\/wordpress\/wp-json\/wp\/v2\/media?parent=40196"}],"wp:term":[{"taxonomy":"category","embeddable":true,"href":"https:\/\/www.region-schwabach.de\/wordpress\/wp-json\/wp\/v2\/categories?post=40196"},{"taxonomy":"post_tag","embeddable":true,"href":"https:\/\/www.region-schwabach.de\/wordpress\/wp-json\/wp\/v2\/tags?post=40196"}],"curies":[{"name":"wp","href":"https:\/\/api.w.org\/{rel}","templated":true}]}}