{"id":40228,"date":"2018-05-24T15:26:16","date_gmt":"2018-05-24T13:26:16","guid":{"rendered":"http:\/\/www.region-schwabach.de\/wordpress\/?p=40228"},"modified":"2018-05-24T15:59:39","modified_gmt":"2018-05-24T13:59:39","slug":"toedlicher-verkehrsunfall-auf-der-bab-6-bei-schwabach","status":"publish","type":"post","link":"https:\/\/www.region-schwabach.de\/wordpress\/toedlicher-verkehrsunfall-auf-der-bab-6-bei-schwabach\/","title":{"rendered":"T\u00f6dlicher Verkehrsunfall auf der BAB 6 bei Schwabach"},"content":{"rendered":"\t\t<div data-elementor-type=\"wp-post\" data-elementor-id=\"40228\" class=\"elementor elementor-40228 elementor-bc-flex-widget\">\n\t\t\t\t\t\t<section class=\"elementor-section elementor-top-section elementor-element elementor-element-1cuv9jr elementor-section-boxed elementor-section-height-default elementor-section-height-default\" data-id=\"1cuv9jr\" data-element_type=\"section\">\n\t\t\t\t\t\t<div class=\"elementor-container elementor-column-gap-default\">\n\t\t\t\t\t<div class=\"elementor-column elementor-col-66 elementor-top-column elementor-element elementor-element-q5zak7b\" data-id=\"q5zak7b\" data-element_type=\"column\">\n\t\t\t<div class=\"elementor-widget-wrap elementor-element-populated\">\n\t\t\t\t\t\t<div class=\"elementor-element elementor-element-86qws23 elementor-widget elementor-widget-text-editor\" data-id=\"86qws23\" data-element_type=\"widget\" data-widget_type=\"text-editor.default\">\n\t\t\t\t<div class=\"elementor-widget-container\">\n\t\t\t\t\t\t\t<h3>T\u00f6dlicher Unfall auf der Autobahn bei Schwabach<\/h3><p>Schwabach &#8211; Am Donnerstagnachmittag, den 24.05.2018, kam es auf der BAB 6 bei Schwabach zu einem schweren Verkehrsunfall, bei dem ein Mann t\u00f6dlich verletzt wurde.<\/p><h3>Kleintransporter kollidiert mit Sattelschlepper<\/h3><p>Gegen 13.15 Uhr war der Mann mit seinem Kleintransporter mit Anh\u00e4nger auf der BAB 6 in Fahrtrichtung N\u00fcrnberg unterwegs, als er zwischen den Anschlussstellen Neuendettelsau und Schwabach-West &#8211; aus noch ungekl\u00e4rter Ursache &#8211; mit einem vor ihm fahrenden Sattelschlepper kollidierte.<\/p><h3>Fahrer kann nur noch tot geborgen werden<\/h3><p>Dabei wurde der Fahrer des Kleintransporters in seinem Fahrzeug eingeklemmt und konnte nur noch tot aus dem F\u00fchrerhaus geborgen werden, der Fahrer des Sattelschleppers blieb gl\u00fccklicherweise unverletzt, erlitt jedoch einen Schock.<\/p><h3>Fahrbahn komplett gesperrt<\/h3><p>Die Fahrbahn musste f\u00fcr die Dauer der Bergungs- und Rettungsarbeiten durch die Verkehrspolizei Feucht und die alarmierten Feuerwehren in Fahrtrichtung N\u00fcrnberg zeitweise komplett gesperrt werden, auch ein Polizeihubschrauber ist im Einsatz. Zur Kl\u00e4rung des Unfallgeschehens wurde ein Sachverst\u00e4ndiger mit hinzugezogen.<\/p><h3>Erhebliche Behinderungen<\/h3><p>Derzeit (Stand: 15.00 Uhr) sind die Bergungsarbeiten in vollem Gange., es kommt jedoch im Bereich der Unfallstelle bis auf unbestimmte Zeit zu erheblichen Verkehrsbehinderungen. Es wird gebeten, den Bereich gro\u00dfr\u00e4umig zu umfahren.<\/p>\t\t\t\t\t\t<\/div>\n\t\t\t\t<\/div>\n\t\t\t\t<div class=\"elementor-element elementor-element-1l7zbzo elementor-widget elementor-widget-google_maps\" data-id=\"1l7zbzo\" data-element_type=\"widget\" data-widget_type=\"google_maps.default\">\n\t\t\t\t<div class=\"elementor-widget-container\">\n\t\t\t\t\t<div class=\"elementor-custom-embed\">\n\t\t\t<iframe loading=\"lazy\"\n\t\t\t\t\tsrc=\"https:\/\/maps.google.com\/maps?q=49.307893%2C%2010.975441&#038;t=m&#038;z=14&#038;output=embed&#038;iwloc=near\"\n\t\t\t\t\ttitle=\"49.307893, 10.975441\"\n\t\t\t\t\taria-label=\"49.307893, 10.975441\"\n\t\t\t><\/iframe>\n\t\t<\/div>\n\t\t\t\t<\/div>\n\t\t\t\t<\/div>\n\t\t\t\t\t<\/div>\n\t\t<\/div>\n\t\t\t\t<div class=\"elementor-column elementor-col-33 elementor-top-column elementor-element elementor-element-0w0urt1\" data-id=\"0w0urt1\" data-element_type=\"column\">\n\t\t\t<div class=\"elementor-widget-wrap elementor-element-populated\">\n\t\t\t\t\t\t<div class=\"elementor-element elementor-element-mo6nk5i elementor-widget elementor-widget-image\" data-id=\"mo6nk5i\" data-element_type=\"widget\" data-widget_type=\"image.default\">\n\t\t\t\t<div class=\"elementor-widget-container\">\n\t\t\t\t\t\t\t\t\t\t\t\t\t\t<a href=\"http:\/\/www.region-schwabach.de\/wordpress\/werben-auf-region-schwabach\/\" target=\"_blank\">\n\t\t\t\t\t\t\t<img fetchpriority=\"high\" decoding=\"async\" width=\"1024\" height=\"1024\" src=\"https:\/\/www.region-schwabach.de\/wordpress\/wp-content\/uploads\/2017\/06\/werbung8-1024x1024.png\" class=\"attachment-large size-large wp-image-2484\" alt=\"\" srcset=\"https:\/\/www.region-schwabach.de\/wordpress\/wp-content\/uploads\/2017\/06\/werbung8-1024x1024.png 1024w, https:\/\/www.region-schwabach.de\/wordpress\/wp-content\/uploads\/2017\/06\/werbung8-150x150.png 150w, https:\/\/www.region-schwabach.de\/wordpress\/wp-content\/uploads\/2017\/06\/werbung8-300x300.png 300w, https:\/\/www.region-schwabach.de\/wordpress\/wp-content\/uploads\/2017\/06\/werbung8-768x768.png 768w, https:\/\/www.region-schwabach.de\/wordpress\/wp-content\/uploads\/2017\/06\/werbung8-600x600.png 600w, https:\/\/www.region-schwabach.de\/wordpress\/wp-content\/uploads\/2017\/06\/werbung8.png 1200w\" sizes=\"(max-width: 1024px) 100vw, 1024px\" \/>\t\t\t\t\t\t\t\t<\/a>\n\t\t\t\t\t\t\t\t\t\t\t\t\t<\/div>\n\t\t\t\t<\/div>\n\t\t\t\t\t<\/div>\n\t\t<\/div>\n\t\t\t\t\t<\/div>\n\t\t<\/section>\n\t\t\t\t<\/div>\n\t\t","protected":false},"excerpt":{"rendered":"<div class=\"mh-excerpt\"><p>T\u00f6dlicher Unfall auf der Autobahn bei Schwabach Schwabach &#8211; Am Donnerstagnachmittag, den 24.05.2018, kam es auf der BAB 6 bei Schwabach zu einem schweren Verkehrsunfall, bei dem ein Mann t\u00f6dlich verletzt wurde. Kleintransporter kollidiert mit <a class=\"mh-excerpt-more\" href=\"https:\/\/www.region-schwabach.de\/wordpress\/toedlicher-verkehrsunfall-auf-der-bab-6-bei-schwabach\/\" title=\"T\u00f6dlicher Verkehrsunfall auf der BAB 6 bei Schwabach\">[&#8230;]<\/a><\/p>\n<\/div>","protected":false},"author":1,"featured_media":40229,"comment_status":"open","ping_status":"open","sticky":false,"template":"","format":"standard","meta":{"_cbd_carousel_blocks":"[]","footnotes":""},"categories":[16,15],"tags":[3696,3962,553,4097,296,3323,549,554,4096,19,4098,4095,3393,212],"class_list":{"0":"post-40228","1":"post","2":"type-post","3":"status-publish","4":"format-standard","5":"has-post-thumbnail","7":"category-aktuell","8":"category-polizeimeldungen","9":"tag-24-05-2018","10":"tag-anschlussstellen","11":"tag-bab-6","12":"tag-bergungs-und-rettungsarbeiten","13":"tag-feuerwehr","14":"tag-fuehrerhaus","15":"tag-kleintransporter","16":"tag-neuendettelsau","17":"tag-sattelschlepper","18":"tag-schwabach","19":"tag-schwabach-west","20":"tag-schwerer-unfall","21":"tag-toedlich-verletzt","22":"tag-toedlicher-unfall"},"_links":{"self":[{"href":"https:\/\/www.region-schwabach.de\/wordpress\/wp-json\/wp\/v2\/posts\/40228","targetHints":{"allow":["GET"]}}],"collection":[{"href":"https:\/\/www.region-schwabach.de\/wordpress\/wp-json\/wp\/v2\/posts"}],"about":[{"href":"https:\/\/www.region-schwabach.de\/wordpress\/wp-json\/wp\/v2\/types\/post"}],"author":[{"embeddable":true,"href":"https:\/\/www.region-schwabach.de\/wordpress\/wp-json\/wp\/v2\/users\/1"}],"replies":[{"embeddable":true,"href":"https:\/\/www.region-schwabach.de\/wordpress\/wp-json\/wp\/v2\/comments?post=40228"}],"version-history":[{"count":0,"href":"https:\/\/www.region-schwabach.de\/wordpress\/wp-json\/wp\/v2\/posts\/40228\/revisions"}],"wp:featuredmedia":[{"embeddable":true,"href":"https:\/\/www.region-schwabach.de\/wordpress\/wp-json\/wp\/v2\/media\/40229"}],"wp:attachment":[{"href":"https:\/\/www.region-schwabach.de\/wordpress\/wp-json\/wp\/v2\/media?parent=40228"}],"wp:term":[{"taxonomy":"category","embeddable":true,"href":"https:\/\/www.region-schwabach.de\/wordpress\/wp-json\/wp\/v2\/categories?post=40228"},{"taxonomy":"post_tag","embeddable":true,"href":"https:\/\/www.region-schwabach.de\/wordpress\/wp-json\/wp\/v2\/tags?post=40228"}],"curies":[{"name":"wp","href":"https:\/\/api.w.org\/{rel}","templated":true}]}}