{"id":40305,"date":"2018-05-27T09:10:42","date_gmt":"2018-05-27T07:10:42","guid":{"rendered":"http:\/\/www.region-schwabach.de\/wordpress\/?p=40305"},"modified":"2018-05-27T10:12:05","modified_gmt":"2018-05-27T08:12:05","slug":"19-jaehriger-pkw-fahrer-in-stetten-begeht-teuren-fahrfehler","status":"publish","type":"post","link":"https:\/\/www.region-schwabach.de\/wordpress\/19-jaehriger-pkw-fahrer-in-stetten-begeht-teuren-fahrfehler\/","title":{"rendered":"19-j\u00e4hriger Pkw-Fahrer in Stetten begeht teuren Fahrfehler"},"content":{"rendered":"\t\t<div data-elementor-type=\"wp-post\" data-elementor-id=\"40305\" class=\"elementor elementor-40305 elementor-bc-flex-widget\">\n\t\t\t\t\t\t<section class=\"elementor-section elementor-top-section elementor-element elementor-element-1cuv9jr elementor-section-boxed elementor-section-height-default elementor-section-height-default\" data-id=\"1cuv9jr\" data-element_type=\"section\">\n\t\t\t\t\t\t<div class=\"elementor-container elementor-column-gap-default\">\n\t\t\t\t\t<div class=\"elementor-column elementor-col-66 elementor-top-column elementor-element elementor-element-q5zak7b\" data-id=\"q5zak7b\" data-element_type=\"column\">\n\t\t\t<div class=\"elementor-widget-wrap elementor-element-populated\">\n\t\t\t\t\t\t<div class=\"elementor-element elementor-element-86qws23 elementor-widget elementor-widget-text-editor\" data-id=\"86qws23\" data-element_type=\"widget\" data-widget_type=\"text-editor.default\">\n\t\t\t\t<div class=\"elementor-widget-container\">\n\t\t\t\t\t\t\t<h3>PKW nach Fahrfehler erheblich besch\u00e4digt<\/h3><p>Thalm\u00e4ssing &#8211; Am Sonntag, den 27.05.2018, beging ein 19-j\u00e4hriger Pkw-Fahrer in Stetten kurz nach Mitternacht einen verh\u00e4ngnisvollen Fahrfehler. Beim Abbiegen krachte er mit seinem Pkw gegen den Bordstein, wodurch an dem PKW der rechte Vorderreifen platze, die Vorderachse brach, und der Scheinwerfer des Fahrzeuges zerst\u00f6rt wurde.<\/p><h3>Schaden von \u00fcber 2.000 Euro<\/h3><p>Der stark besch\u00e4digte Pkw des Unfallverursachers mu\u00dfte anschlie\u00dfend abgeschleppt werden, desweiteren mu\u00dfte die Fahrbahn von den auslaufenden Betriebsstoffen gereinigt werden. Am PKW des 19-J\u00e4hrigen entstand ein Sachschaden in H\u00f6he von \u00fcber 2.000 Euro.<\/p>\t\t\t\t\t\t<\/div>\n\t\t\t\t<\/div>\n\t\t\t\t<div class=\"elementor-element elementor-element-1l7zbzo elementor-widget elementor-widget-google_maps\" data-id=\"1l7zbzo\" data-element_type=\"widget\" data-widget_type=\"google_maps.default\">\n\t\t\t\t<div class=\"elementor-widget-container\">\n\t\t\t\t\t<div class=\"elementor-custom-embed\">\n\t\t\t<iframe loading=\"lazy\"\n\t\t\t\t\tsrc=\"https:\/\/maps.google.com\/maps?q=Stetten%2C%20Thalm%C3%A4ssing%2C%20Deutschland&#038;t=m&#038;z=15&#038;output=embed&#038;iwloc=near\"\n\t\t\t\t\ttitle=\"Stetten, Thalm\u00e4ssing, Deutschland\"\n\t\t\t\t\taria-label=\"Stetten, Thalm\u00e4ssing, Deutschland\"\n\t\t\t><\/iframe>\n\t\t<\/div>\n\t\t\t\t<\/div>\n\t\t\t\t<\/div>\n\t\t\t\t\t<\/div>\n\t\t<\/div>\n\t\t\t\t<div class=\"elementor-column elementor-col-33 elementor-top-column elementor-element elementor-element-0w0urt1\" data-id=\"0w0urt1\" data-element_type=\"column\">\n\t\t\t<div class=\"elementor-widget-wrap elementor-element-populated\">\n\t\t\t\t\t\t<div class=\"elementor-element elementor-element-mo6nk5i elementor-widget elementor-widget-image\" data-id=\"mo6nk5i\" data-element_type=\"widget\" data-widget_type=\"image.default\">\n\t\t\t\t<div class=\"elementor-widget-container\">\n\t\t\t\t\t\t\t\t\t\t\t\t\t\t<a href=\"http:\/\/www.region-schwabach.de\/wordpress\/werben-auf-region-schwabach\/\" target=\"_blank\">\n\t\t\t\t\t\t\t<img fetchpriority=\"high\" decoding=\"async\" width=\"1024\" height=\"1024\" src=\"https:\/\/www.region-schwabach.de\/wordpress\/wp-content\/uploads\/2017\/06\/werbung8-1024x1024.png\" class=\"attachment-large size-large wp-image-2484\" alt=\"\" srcset=\"https:\/\/www.region-schwabach.de\/wordpress\/wp-content\/uploads\/2017\/06\/werbung8-1024x1024.png 1024w, https:\/\/www.region-schwabach.de\/wordpress\/wp-content\/uploads\/2017\/06\/werbung8-150x150.png 150w, https:\/\/www.region-schwabach.de\/wordpress\/wp-content\/uploads\/2017\/06\/werbung8-300x300.png 300w, https:\/\/www.region-schwabach.de\/wordpress\/wp-content\/uploads\/2017\/06\/werbung8-768x768.png 768w, https:\/\/www.region-schwabach.de\/wordpress\/wp-content\/uploads\/2017\/06\/werbung8-600x600.png 600w, https:\/\/www.region-schwabach.de\/wordpress\/wp-content\/uploads\/2017\/06\/werbung8.png 1200w\" sizes=\"(max-width: 1024px) 100vw, 1024px\" \/>\t\t\t\t\t\t\t\t<\/a>\n\t\t\t\t\t\t\t\t\t\t\t\t\t<\/div>\n\t\t\t\t<\/div>\n\t\t\t\t\t<\/div>\n\t\t<\/div>\n\t\t\t\t\t<\/div>\n\t\t<\/section>\n\t\t\t\t<\/div>\n\t\t","protected":false},"excerpt":{"rendered":"<div class=\"mh-excerpt\"><p>PKW nach Fahrfehler erheblich besch\u00e4digt Thalm\u00e4ssing &#8211; Am Sonntag, den 27.05.2018, beging ein 19-j\u00e4hriger Pkw-Fahrer in Stetten kurz nach Mitternacht einen verh\u00e4ngnisvollen Fahrfehler. Beim Abbiegen krachte er mit seinem Pkw gegen den Bordstein, wodurch an <a class=\"mh-excerpt-more\" href=\"https:\/\/www.region-schwabach.de\/wordpress\/19-jaehriger-pkw-fahrer-in-stetten-begeht-teuren-fahrfehler\/\" title=\"19-j\u00e4hriger Pkw-Fahrer in Stetten begeht teuren Fahrfehler\">[&#8230;]<\/a><\/p>\n<\/div>","protected":false},"author":1,"featured_media":40306,"comment_status":"open","ping_status":"open","sticky":false,"template":"","format":"standard","meta":{"_cbd_carousel_blocks":"[]","footnotes":""},"categories":[15],"tags":[3698,3389,3396,297,463,401,713,1141,4122,1355,4124,4123],"class_list":{"0":"post-40305","1":"post","2":"type-post","3":"status-publish","4":"format-standard","5":"has-post-thumbnail","7":"category-polizeimeldungen","8":"tag-27-05-2018","9":"tag-betriebsstoffe","10":"tag-bordstein","11":"tag-hilpoltstein","12":"tag-pkw","13":"tag-sachschaden","14":"tag-schaden","15":"tag-scheinwerfer","16":"tag-stetten","17":"tag-thalmaessing","18":"tag-vorderachse","19":"tag-vorderreifen"},"_links":{"self":[{"href":"https:\/\/www.region-schwabach.de\/wordpress\/wp-json\/wp\/v2\/posts\/40305","targetHints":{"allow":["GET"]}}],"collection":[{"href":"https:\/\/www.region-schwabach.de\/wordpress\/wp-json\/wp\/v2\/posts"}],"about":[{"href":"https:\/\/www.region-schwabach.de\/wordpress\/wp-json\/wp\/v2\/types\/post"}],"author":[{"embeddable":true,"href":"https:\/\/www.region-schwabach.de\/wordpress\/wp-json\/wp\/v2\/users\/1"}],"replies":[{"embeddable":true,"href":"https:\/\/www.region-schwabach.de\/wordpress\/wp-json\/wp\/v2\/comments?post=40305"}],"version-history":[{"count":0,"href":"https:\/\/www.region-schwabach.de\/wordpress\/wp-json\/wp\/v2\/posts\/40305\/revisions"}],"wp:featuredmedia":[{"embeddable":true,"href":"https:\/\/www.region-schwabach.de\/wordpress\/wp-json\/wp\/v2\/media\/40306"}],"wp:attachment":[{"href":"https:\/\/www.region-schwabach.de\/wordpress\/wp-json\/wp\/v2\/media?parent=40305"}],"wp:term":[{"taxonomy":"category","embeddable":true,"href":"https:\/\/www.region-schwabach.de\/wordpress\/wp-json\/wp\/v2\/categories?post=40305"},{"taxonomy":"post_tag","embeddable":true,"href":"https:\/\/www.region-schwabach.de\/wordpress\/wp-json\/wp\/v2\/tags?post=40305"}],"curies":[{"name":"wp","href":"https:\/\/api.w.org\/{rel}","templated":true}]}}