{"id":40309,"date":"2018-05-27T10:10:27","date_gmt":"2018-05-27T08:10:27","guid":{"rendered":"http:\/\/www.region-schwabach.de\/wordpress\/?p=40309"},"modified":"2018-05-27T10:22:34","modified_gmt":"2018-05-27T08:22:34","slug":"unfallbeteiligter-von-auffahrunfall-in-weissenburg-gesucht","status":"publish","type":"post","link":"https:\/\/www.region-schwabach.de\/wordpress\/unfallbeteiligter-von-auffahrunfall-in-weissenburg-gesucht\/","title":{"rendered":"Unfallbeteiligter von Auffahrunfall in Wei\u00dfenburg gesucht"},"content":{"rendered":"\t\t<div data-elementor-type=\"wp-post\" data-elementor-id=\"40309\" class=\"elementor elementor-40309 elementor-bc-flex-widget\">\n\t\t\t\t\t\t<section class=\"elementor-section elementor-top-section elementor-element elementor-element-1cuv9jr elementor-section-boxed elementor-section-height-default elementor-section-height-default\" data-id=\"1cuv9jr\" data-element_type=\"section\">\n\t\t\t\t\t\t<div class=\"elementor-container elementor-column-gap-default\">\n\t\t\t\t\t<div class=\"elementor-column elementor-col-66 elementor-top-column elementor-element elementor-element-q5zak7b\" data-id=\"q5zak7b\" data-element_type=\"column\">\n\t\t\t<div class=\"elementor-widget-wrap elementor-element-populated\">\n\t\t\t\t\t\t<div class=\"elementor-element elementor-element-86qws23 elementor-widget elementor-widget-text-editor\" data-id=\"86qws23\" data-element_type=\"widget\" data-widget_type=\"text-editor.default\">\n\t\t\t\t<div class=\"elementor-widget-container\">\n\t\t\t\t\t\t\t<h3><strong>Unfallbeteiligter gesucht<\/strong><\/h3><p>Wei\u00dfenburg &#8211; Am Freitagmittag, den 25.05.2018, kam es gegen13.15 Uhr auf der Bundesstra\u00dfe 2 &#8211; im Bereich der Kaufland-Kreuzung &#8211; zu eiem Auffahrunfall an dem zwei Pkw-\/Anh\u00e4nger-Gespanne beteiligt waren.\u00a0Nachdem die Unfallbeteiligten an ihren Fahrzeugen keine Besch\u00e4digungen feststellen konnten, setzten sie ihre Fahrt fort, ohne ihre Daten auszutauschen.\u00a0<\/p><h3>Besch\u00e4digungen erst sp\u00e4ter bemerkt<\/h3><p>Sp\u00e4ter stellte der Fahrer, auf dessen Anh\u00e4nger aufgefahren wurde, dann jedoch erhebliche Besch\u00e4digungen an seiner Anh\u00e4ngerkupplung fest.\u00a0Bei dem Unfallverursacher soll es sich um einen silbernen Ford mit \u201eWUG\u201c-Kennzeichen handeln.<\/p><h3>Polizei bittet um Mithilfe<\/h3><p>Personen, die verd\u00e4chtige Beobachtungen gemacht haben, werden gebeten, diese der Polizei in Wei\u00dfenburg unter der Rufnummer 09141-8687-0 mitzuteilen.<\/p>\t\t\t\t\t\t<\/div>\n\t\t\t\t<\/div>\n\t\t\t\t<div class=\"elementor-element elementor-element-3b2035c elementor-widget-divider--view-line elementor-widget elementor-widget-divider\" data-id=\"3b2035c\" data-element_type=\"widget\" data-widget_type=\"divider.default\">\n\t\t\t\t<div class=\"elementor-widget-container\">\n\t\t\t\t\t<div class=\"elementor-divider\">\n\t\t\t<span class=\"elementor-divider-separator\">\n\t\t\t\t\t\t<\/span>\n\t\t<\/div>\n\t\t\t\t<\/div>\n\t\t\t\t<\/div>\n\t\t\t\t<div class=\"elementor-element elementor-element-1l7zbzo elementor-widget elementor-widget-google_maps\" data-id=\"1l7zbzo\" data-element_type=\"widget\" data-widget_type=\"google_maps.default\">\n\t\t\t\t<div class=\"elementor-widget-container\">\n\t\t\t\t\t<div class=\"elementor-custom-embed\">\n\t\t\t<iframe loading=\"lazy\"\n\t\t\t\t\tsrc=\"https:\/\/maps.google.com\/maps?q=49.026078%2C%2010.985092&#038;t=m&#038;z=16&#038;output=embed&#038;iwloc=near\"\n\t\t\t\t\ttitle=\"49.026078, 10.985092\"\n\t\t\t\t\taria-label=\"49.026078, 10.985092\"\n\t\t\t><\/iframe>\n\t\t<\/div>\n\t\t\t\t<\/div>\n\t\t\t\t<\/div>\n\t\t\t\t\t<\/div>\n\t\t<\/div>\n\t\t\t\t<div class=\"elementor-column elementor-col-33 elementor-top-column elementor-element elementor-element-0w0urt1\" data-id=\"0w0urt1\" data-element_type=\"column\">\n\t\t\t<div class=\"elementor-widget-wrap elementor-element-populated\">\n\t\t\t\t\t\t<div class=\"elementor-element elementor-element-mo6nk5i elementor-widget elementor-widget-image\" data-id=\"mo6nk5i\" data-element_type=\"widget\" data-widget_type=\"image.default\">\n\t\t\t\t<div class=\"elementor-widget-container\">\n\t\t\t\t\t\t\t\t\t\t\t\t\t\t<a href=\"http:\/\/www.region-schwabach.de\/wordpress\/werben-auf-region-schwabach\/\" target=\"_blank\">\n\t\t\t\t\t\t\t<img fetchpriority=\"high\" decoding=\"async\" width=\"1024\" height=\"1024\" src=\"https:\/\/www.region-schwabach.de\/wordpress\/wp-content\/uploads\/2017\/06\/werbung8-1024x1024.png\" class=\"attachment-large size-large wp-image-2484\" alt=\"\" srcset=\"https:\/\/www.region-schwabach.de\/wordpress\/wp-content\/uploads\/2017\/06\/werbung8-1024x1024.png 1024w, https:\/\/www.region-schwabach.de\/wordpress\/wp-content\/uploads\/2017\/06\/werbung8-150x150.png 150w, https:\/\/www.region-schwabach.de\/wordpress\/wp-content\/uploads\/2017\/06\/werbung8-300x300.png 300w, https:\/\/www.region-schwabach.de\/wordpress\/wp-content\/uploads\/2017\/06\/werbung8-768x768.png 768w, https:\/\/www.region-schwabach.de\/wordpress\/wp-content\/uploads\/2017\/06\/werbung8-600x600.png 600w, https:\/\/www.region-schwabach.de\/wordpress\/wp-content\/uploads\/2017\/06\/werbung8.png 1200w\" sizes=\"(max-width: 1024px) 100vw, 1024px\" \/>\t\t\t\t\t\t\t\t<\/a>\n\t\t\t\t\t\t\t\t\t\t\t\t\t<\/div>\n\t\t\t\t<\/div>\n\t\t\t\t\t<\/div>\n\t\t<\/div>\n\t\t\t\t\t<\/div>\n\t\t<\/section>\n\t\t\t\t<\/div>\n\t\t","protected":false},"excerpt":{"rendered":"<div class=\"mh-excerpt\"><p>Unfallbeteiligter gesucht Wei\u00dfenburg &#8211; Am Freitagmittag, den 25.05.2018, kam es gegen13.15 Uhr auf der Bundesstra\u00dfe 2 &#8211; im Bereich der Kaufland-Kreuzung &#8211; zu eiem Auffahrunfall an dem zwei Pkw-\/Anh\u00e4nger-Gespanne beteiligt waren.\u00a0Nachdem die Unfallbeteiligten an ihren <a class=\"mh-excerpt-more\" href=\"https:\/\/www.region-schwabach.de\/wordpress\/unfallbeteiligter-von-auffahrunfall-in-weissenburg-gesucht\/\" title=\"Unfallbeteiligter von Auffahrunfall in Wei\u00dfenburg gesucht\">[&#8230;]<\/a><\/p>\n<\/div>","protected":false},"author":1,"featured_media":40310,"comment_status":"open","ping_status":"open","sticky":false,"template":"","format":"standard","meta":{"_cbd_carousel_blocks":"[]","footnotes":""},"categories":[15],"tags":[3653,495,4125,540,541,1246,819,463,401,713,4126],"class_list":{"0":"post-40309","1":"post","2":"type-post","3":"status-publish","4":"format-standard","5":"has-post-thumbnail","7":"category-polizeimeldungen","8":"tag-25-05-2018","9":"tag-anhaenger","10":"tag-anhaengerkupplung","11":"tag-auffahrunfall","12":"tag-bundesstrasse-2","13":"tag-ford","14":"tag-kaufland-kreuzung","15":"tag-pkw","16":"tag-sachschaden","17":"tag-schaden","18":"tag-wug"},"_links":{"self":[{"href":"https:\/\/www.region-schwabach.de\/wordpress\/wp-json\/wp\/v2\/posts\/40309","targetHints":{"allow":["GET"]}}],"collection":[{"href":"https:\/\/www.region-schwabach.de\/wordpress\/wp-json\/wp\/v2\/posts"}],"about":[{"href":"https:\/\/www.region-schwabach.de\/wordpress\/wp-json\/wp\/v2\/types\/post"}],"author":[{"embeddable":true,"href":"https:\/\/www.region-schwabach.de\/wordpress\/wp-json\/wp\/v2\/users\/1"}],"replies":[{"embeddable":true,"href":"https:\/\/www.region-schwabach.de\/wordpress\/wp-json\/wp\/v2\/comments?post=40309"}],"version-history":[{"count":0,"href":"https:\/\/www.region-schwabach.de\/wordpress\/wp-json\/wp\/v2\/posts\/40309\/revisions"}],"wp:featuredmedia":[{"embeddable":true,"href":"https:\/\/www.region-schwabach.de\/wordpress\/wp-json\/wp\/v2\/media\/40310"}],"wp:attachment":[{"href":"https:\/\/www.region-schwabach.de\/wordpress\/wp-json\/wp\/v2\/media?parent=40309"}],"wp:term":[{"taxonomy":"category","embeddable":true,"href":"https:\/\/www.region-schwabach.de\/wordpress\/wp-json\/wp\/v2\/categories?post=40309"},{"taxonomy":"post_tag","embeddable":true,"href":"https:\/\/www.region-schwabach.de\/wordpress\/wp-json\/wp\/v2\/tags?post=40309"}],"curies":[{"name":"wp","href":"https:\/\/api.w.org\/{rel}","templated":true}]}}