{"id":40683,"date":"2018-05-28T13:35:40","date_gmt":"2018-05-28T11:35:40","guid":{"rendered":"http:\/\/www.region-schwabach.de\/wordpress\/?p=40683"},"modified":"2018-05-28T13:58:45","modified_gmt":"2018-05-28T11:58:45","slug":"jede-menge-arbeit-fuer-die-polizeiinspektion-in-roth-am-wochenende","status":"publish","type":"post","link":"https:\/\/www.region-schwabach.de\/wordpress\/jede-menge-arbeit-fuer-die-polizeiinspektion-in-roth-am-wochenende\/","title":{"rendered":"Jede Menge Arbeit f\u00fcr die Polizeiinspektion in Roth am Wochenende"},"content":{"rendered":"\t\t<div data-elementor-type=\"wp-post\" data-elementor-id=\"40683\" class=\"elementor elementor-40683 elementor-bc-flex-widget\">\n\t\t\t\t\t\t<section class=\"elementor-section elementor-top-section elementor-element elementor-element-1cuv9jr elementor-section-boxed elementor-section-height-default elementor-section-height-default\" data-id=\"1cuv9jr\" data-element_type=\"section\">\n\t\t\t\t\t\t<div class=\"elementor-container elementor-column-gap-default\">\n\t\t\t\t\t<div class=\"elementor-column elementor-col-66 elementor-top-column elementor-element elementor-element-q5zak7b\" data-id=\"q5zak7b\" data-element_type=\"column\">\n\t\t\t<div class=\"elementor-widget-wrap elementor-element-populated\">\n\t\t\t\t\t\t<div class=\"elementor-element elementor-element-86qws23 elementor-widget elementor-widget-text-editor\" data-id=\"86qws23\" data-element_type=\"widget\" data-widget_type=\"text-editor.default\">\n\t\t\t\t<div class=\"elementor-widget-container\">\n\t\t\t\t\t\t\t<h3>F\u00fchrerschein nicht abgegeben<\/h3><p>Spalt &#8211; Gegen eine 35-j\u00e4hrige Frau aus Spalt wurde bereits Anfang April &#8211; wegen eines Rotlichtversto\u00dfes &#8211; ein 1-monatiges Fahrverbot ausgesprochen. Nachdem die Frau den F\u00fchrerschein allerdings nicht abgab, wurde der F\u00fchrerschein jetzt beschlagnahmt, und da sie ihr Fahrzeug nachweislich trotzdem weiterhin benutzt hatte, wird gegen sie nun auch noch wegen Fahrens trotz Fahrverbotes ermittelt.<\/p><h3>Mit Drogen und Alkohol im Blut unterwegs<\/h3><p>Spalt\/Roth &#8211; Bei Veiner Verkehrskontrolle wurde am Samstagnachmittag, den 26.05.2018, bei einem 73-j\u00e4hrigen Mofafahrer Alkoholeinfluss festgestellt. Ein deshalb durchgef\u00fchrter Alkoholtest ergab dann auch einen Wert von 0,74 Promille, weshalb den Mann nun ein Fahrverbot, Punkte in Flensburg und eine saftige Geldbu\u00dfe erwarten.<\/p><p>Am Sonntagnachmittag, den 27.05.2018, wurde ein 28-j\u00e4hriger Rollerfahrer einer Verkehrskontrolle unterzogen, bei der festgestellt wurde, da\u00df er unter dem Einfluss von synthetischen Drogen stand, weshalb eine Blutentnahme durchgef\u00fchrt wurde. Sollte sich das Bet\u00e4ubungsmittel tats\u00e4chlich im Blut nachweisen llassen, mu\u00df auch er auch mit einem Fahrverbot, Punkten in Flensburg und einer Geldbu\u00dfe rechnen.<\/p><h3><strong>Fahrrad in Roth gestohlen<\/strong><\/h3><p>Roth &#8211; In der Nacht von Freitag, den 25.05.2018, auf Samstag, den 26.05.2018, hat ein bisher Unbekannter aus dem Hof eines Einfamilienhauses in der Tillystra\u00dfe in Pfaffenhofen ein unversperrtes \u00e4lteres schwarzes Herrencityfahrrad im Wert von ca. 80 Euro entwendet.<\/p><h3>Nach Unfall in Schwanstetten gefl\u00fcchtet<\/h3><p>Schwanstetten &#8211; Von Samstag, den 26.05.2018, auf Sonntag, den 27.05.2018, kam es in der Siemensstra\u00dfe in Schwanstetten zu einem Verkehrsunfall, bei dem ein bisher Unbekannter dort einen geparkten Ford Focus am linken hinteren Radlauf anfuhr. Im Anschlu\u00df entfernte sich der Unfallverursacher unerlaubt vom Unfallort, ohne sich um den entstandenen Schaden in H\u00f6he von ca. 3.000 Euro zu k\u00fcmmern.<\/p><h3>Polizei bittet um Mithilfe<\/h3><p>Personen, die verd\u00e4chtige Beobachtungen gemacht haben, werden gebeten, diese der Polizei in Roth unter der Rufnummer 09171-9744-0 mitzuteilen.<\/p>\t\t\t\t\t\t<\/div>\n\t\t\t\t<\/div>\n\t\t\t\t<div class=\"elementor-element elementor-element-3b2035c elementor-widget-divider--view-line elementor-widget elementor-widget-divider\" data-id=\"3b2035c\" data-element_type=\"widget\" data-widget_type=\"divider.default\">\n\t\t\t\t<div class=\"elementor-widget-container\">\n\t\t\t\t\t<div class=\"elementor-divider\">\n\t\t\t<span class=\"elementor-divider-separator\">\n\t\t\t\t\t\t<\/span>\n\t\t<\/div>\n\t\t\t\t<\/div>\n\t\t\t\t<\/div>\n\t\t\t\t<div class=\"elementor-element elementor-element-1l7zbzo elementor-widget elementor-widget-google_maps\" data-id=\"1l7zbzo\" data-element_type=\"widget\" data-widget_type=\"google_maps.default\">\n\t\t\t\t<div class=\"elementor-widget-container\">\n\t\t\t\t\t<div class=\"elementor-custom-embed\">\n\t\t\t<iframe loading=\"lazy\"\n\t\t\t\t\tsrc=\"https:\/\/maps.google.com\/maps?q=Roth%2C%20Deutschland&#038;t=m&#038;z=11&#038;output=embed&#038;iwloc=near\"\n\t\t\t\t\ttitle=\"Roth, Deutschland\"\n\t\t\t\t\taria-label=\"Roth, Deutschland\"\n\t\t\t><\/iframe>\n\t\t<\/div>\n\t\t\t\t<\/div>\n\t\t\t\t<\/div>\n\t\t\t\t\t<\/div>\n\t\t<\/div>\n\t\t\t\t<div class=\"elementor-column elementor-col-33 elementor-top-column elementor-element elementor-element-0w0urt1\" data-id=\"0w0urt1\" data-element_type=\"column\">\n\t\t\t<div class=\"elementor-widget-wrap elementor-element-populated\">\n\t\t\t\t\t\t<div class=\"elementor-element elementor-element-mo6nk5i elementor-widget elementor-widget-image\" data-id=\"mo6nk5i\" data-element_type=\"widget\" data-widget_type=\"image.default\">\n\t\t\t\t<div class=\"elementor-widget-container\">\n\t\t\t\t\t\t\t\t\t\t\t\t\t\t<a href=\"http:\/\/www.region-schwabach.de\/wordpress\/werben-auf-region-schwabach\/\" target=\"_blank\">\n\t\t\t\t\t\t\t<img fetchpriority=\"high\" decoding=\"async\" width=\"1024\" height=\"1024\" src=\"https:\/\/www.region-schwabach.de\/wordpress\/wp-content\/uploads\/2017\/06\/werbung8-1024x1024.png\" class=\"attachment-large size-large wp-image-2484\" alt=\"\" srcset=\"https:\/\/www.region-schwabach.de\/wordpress\/wp-content\/uploads\/2017\/06\/werbung8-1024x1024.png 1024w, https:\/\/www.region-schwabach.de\/wordpress\/wp-content\/uploads\/2017\/06\/werbung8-150x150.png 150w, https:\/\/www.region-schwabach.de\/wordpress\/wp-content\/uploads\/2017\/06\/werbung8-300x300.png 300w, https:\/\/www.region-schwabach.de\/wordpress\/wp-content\/uploads\/2017\/06\/werbung8-768x768.png 768w, https:\/\/www.region-schwabach.de\/wordpress\/wp-content\/uploads\/2017\/06\/werbung8-600x600.png 600w, https:\/\/www.region-schwabach.de\/wordpress\/wp-content\/uploads\/2017\/06\/werbung8.png 1200w\" sizes=\"(max-width: 1024px) 100vw, 1024px\" \/>\t\t\t\t\t\t\t\t<\/a>\n\t\t\t\t\t\t\t\t\t\t\t\t\t<\/div>\n\t\t\t\t<\/div>\n\t\t\t\t\t<\/div>\n\t\t<\/div>\n\t\t\t\t\t<\/div>\n\t\t<\/section>\n\t\t\t\t<\/div>\n\t\t","protected":false},"excerpt":{"rendered":"<div class=\"mh-excerpt\"><p>F\u00fchrerschein nicht abgegeben Spalt &#8211; Gegen eine 35-j\u00e4hrige Frau aus Spalt wurde bereits Anfang April &#8211; wegen eines Rotlichtversto\u00dfes &#8211; ein 1-monatiges Fahrverbot ausgesprochen. Nachdem die Frau den F\u00fchrerschein allerdings nicht abgab, wurde der F\u00fchrerschein <a class=\"mh-excerpt-more\" href=\"https:\/\/www.region-schwabach.de\/wordpress\/jede-menge-arbeit-fuer-die-polizeiinspektion-in-roth-am-wochenende\/\" title=\"Jede Menge Arbeit f\u00fcr die Polizeiinspektion in Roth am Wochenende\">[&#8230;]<\/a><\/p>\n<\/div>","protected":false},"author":1,"featured_media":40684,"comment_status":"open","ping_status":"open","sticky":false,"template":"","format":"standard","meta":{"_cbd_carousel_blocks":"[]","footnotes":""},"categories":[15],"tags":[3653,3697,3698,470,30,701,454,643,1018,694,32,4171,430,1318,628,1228,4170],"class_list":{"0":"post-40683","1":"post","2":"type-post","3":"status-publish","4":"format-standard","5":"has-post-thumbnail","7":"category-polizeimeldungen","8":"tag-25-05-2018","9":"tag-26-05-2018","10":"tag-27-05-2018","11":"tag-alkohol","12":"tag-diebstahl","13":"tag-drogen","14":"tag-fahrerflucht","15":"tag-fahrrad","16":"tag-fahrverbot","17":"tag-pfaffenhofen","18":"tag-roth","19":"tag-rotlichtverstoss","20":"tag-schwanstetten","21":"tag-siemensstrasse","22":"tag-spalt","23":"tag-tillystrasse","24":"tag-verkehrsdelikten"},"_links":{"self":[{"href":"https:\/\/www.region-schwabach.de\/wordpress\/wp-json\/wp\/v2\/posts\/40683","targetHints":{"allow":["GET"]}}],"collection":[{"href":"https:\/\/www.region-schwabach.de\/wordpress\/wp-json\/wp\/v2\/posts"}],"about":[{"href":"https:\/\/www.region-schwabach.de\/wordpress\/wp-json\/wp\/v2\/types\/post"}],"author":[{"embeddable":true,"href":"https:\/\/www.region-schwabach.de\/wordpress\/wp-json\/wp\/v2\/users\/1"}],"replies":[{"embeddable":true,"href":"https:\/\/www.region-schwabach.de\/wordpress\/wp-json\/wp\/v2\/comments?post=40683"}],"version-history":[{"count":0,"href":"https:\/\/www.region-schwabach.de\/wordpress\/wp-json\/wp\/v2\/posts\/40683\/revisions"}],"wp:featuredmedia":[{"embeddable":true,"href":"https:\/\/www.region-schwabach.de\/wordpress\/wp-json\/wp\/v2\/media\/40684"}],"wp:attachment":[{"href":"https:\/\/www.region-schwabach.de\/wordpress\/wp-json\/wp\/v2\/media?parent=40683"}],"wp:term":[{"taxonomy":"category","embeddable":true,"href":"https:\/\/www.region-schwabach.de\/wordpress\/wp-json\/wp\/v2\/categories?post=40683"},{"taxonomy":"post_tag","embeddable":true,"href":"https:\/\/www.region-schwabach.de\/wordpress\/wp-json\/wp\/v2\/tags?post=40683"}],"curies":[{"name":"wp","href":"https:\/\/api.w.org\/{rel}","templated":true}]}}