{"id":40689,"date":"2018-05-28T14:10:24","date_gmt":"2018-05-28T12:10:24","guid":{"rendered":"http:\/\/www.region-schwabach.de\/wordpress\/?p=40689"},"modified":"2018-05-28T14:24:30","modified_gmt":"2018-05-28T12:24:30","slug":"einbruch-in-weissenburger-reisebuero","status":"publish","type":"post","link":"https:\/\/www.region-schwabach.de\/wordpress\/einbruch-in-weissenburger-reisebuero\/","title":{"rendered":"Einbruch in Wei\u00dfenburger Reiseb\u00fcro"},"content":{"rendered":"\t\t<div data-elementor-type=\"wp-post\" data-elementor-id=\"40689\" class=\"elementor elementor-40689 elementor-bc-flex-widget\">\n\t\t\t\t\t\t<section class=\"elementor-section elementor-top-section elementor-element elementor-element-1cuv9jr elementor-section-boxed elementor-section-height-default elementor-section-height-default\" data-id=\"1cuv9jr\" data-element_type=\"section\">\n\t\t\t\t\t\t<div class=\"elementor-container elementor-column-gap-default\">\n\t\t\t\t\t<div class=\"elementor-column elementor-col-66 elementor-top-column elementor-element elementor-element-q5zak7b\" data-id=\"q5zak7b\" data-element_type=\"column\">\n\t\t\t<div class=\"elementor-widget-wrap elementor-element-populated\">\n\t\t\t\t\t\t<div class=\"elementor-element elementor-element-86qws23 elementor-widget elementor-widget-text-editor\" data-id=\"86qws23\" data-element_type=\"widget\" data-widget_type=\"text-editor.default\">\n\t\t\t\t<div class=\"elementor-widget-container\">\n\t\t\t\t\t\t\t<h3>Einbruch in Wei\u00dfenburger Reiseb\u00fcro<\/h3><p>Wei\u00dfenburg &#8211; Am Dienstag, den 28.05.2018, brachen bislang Unbekannte in den fr\u00fchen Morgenstunden in ein Reiseb\u00fcro am Marktplatz in Wei\u00dfenburg ein, indem sie sich \u00fcber eine Balkont\u00fcre Zutritt in die B\u00fcror\u00e4ume verschafften.<\/p><h3>Tresor gestohlen<\/h3><p>Im Anschlu\u00df durchsuchten sie alle R\u00e4umlichkeiten, und entwendeten schlie\u00dflich einen Tresor mit mehreren hundert Euro Bargeld &#8211; den sie nach Zeugenaussagen mit einem wei\u00dfen Sprinter abtransportierten.<\/p><h3>Sachschaden entstanden<\/h3><p>Die T\u00e4ter verursachten bei dem Einbruch einen Sachschaden in H\u00f6he von ca. 1.000 Euro.\u00a0Ein Zeuge sagte aus, da\u00df es sich bei den mutma\u00dflichen Einbrechern um f\u00fcnf Personen handelte, von denen einer sehr d\u00fcnn, ca. 20-30 Jahre alt, und Bartr\u00e4ger gewesen sein soll. Ein Zweiter Tatverd\u00e4chtiger soll ein K\u00e4ppi getragen haben. Weitere Beschreibungen liegen leider nicht vor.<\/p><h3>Polizei bittet um Mithilfe<\/h3><p>Anwohner und Passanten, die im angegebenen Zeitraum verd\u00e4chtige Beobachtungen gemacht haben, werden gebeten, diese dem Kriminaldauerdienst Mittelfranken unter der Rufnummer 0911-2112-3333 mitzuteilen. Auch vermeintlich noch so kleine und unwichtig erscheinende Informationen k\u00f6nnen dabei hilfreich f\u00fcr die Aufkl\u00e4rung sein.<\/p>\t\t\t\t\t\t<\/div>\n\t\t\t\t<\/div>\n\t\t\t\t<div class=\"elementor-element elementor-element-1l7zbzo elementor-widget elementor-widget-google_maps\" data-id=\"1l7zbzo\" data-element_type=\"widget\" data-widget_type=\"google_maps.default\">\n\t\t\t\t<div class=\"elementor-widget-container\">\n\t\t\t\t\t<div class=\"elementor-custom-embed\">\n\t\t\t<iframe loading=\"lazy\"\n\t\t\t\t\tsrc=\"https:\/\/maps.google.com\/maps?q=Marktplatz%2015%2C%20Wei%C3%9Fenburg%2C%20Deutschland&#038;t=m&#038;z=18&#038;output=embed&#038;iwloc=near\"\n\t\t\t\t\ttitle=\"Marktplatz 15, Wei\u00dfenburg, Deutschland\"\n\t\t\t\t\taria-label=\"Marktplatz 15, Wei\u00dfenburg, Deutschland\"\n\t\t\t><\/iframe>\n\t\t<\/div>\n\t\t\t\t<\/div>\n\t\t\t\t<\/div>\n\t\t\t\t\t<\/div>\n\t\t<\/div>\n\t\t\t\t<div class=\"elementor-column elementor-col-33 elementor-top-column elementor-element elementor-element-0w0urt1\" data-id=\"0w0urt1\" data-element_type=\"column\">\n\t\t\t<div class=\"elementor-widget-wrap elementor-element-populated\">\n\t\t\t\t\t\t<div class=\"elementor-element elementor-element-mo6nk5i elementor-widget elementor-widget-image\" data-id=\"mo6nk5i\" data-element_type=\"widget\" data-widget_type=\"image.default\">\n\t\t\t\t<div class=\"elementor-widget-container\">\n\t\t\t\t\t\t\t\t\t\t\t\t\t\t<a href=\"http:\/\/www.region-schwabach.de\/wordpress\/werben-auf-region-schwabach\/\" target=\"_blank\">\n\t\t\t\t\t\t\t<img fetchpriority=\"high\" decoding=\"async\" width=\"1024\" height=\"1024\" src=\"https:\/\/www.region-schwabach.de\/wordpress\/wp-content\/uploads\/2017\/06\/werbung8-1024x1024.png\" class=\"attachment-large size-large wp-image-2484\" alt=\"\" srcset=\"https:\/\/www.region-schwabach.de\/wordpress\/wp-content\/uploads\/2017\/06\/werbung8-1024x1024.png 1024w, https:\/\/www.region-schwabach.de\/wordpress\/wp-content\/uploads\/2017\/06\/werbung8-150x150.png 150w, https:\/\/www.region-schwabach.de\/wordpress\/wp-content\/uploads\/2017\/06\/werbung8-300x300.png 300w, https:\/\/www.region-schwabach.de\/wordpress\/wp-content\/uploads\/2017\/06\/werbung8-768x768.png 768w, https:\/\/www.region-schwabach.de\/wordpress\/wp-content\/uploads\/2017\/06\/werbung8-600x600.png 600w, https:\/\/www.region-schwabach.de\/wordpress\/wp-content\/uploads\/2017\/06\/werbung8.png 1200w\" sizes=\"(max-width: 1024px) 100vw, 1024px\" \/>\t\t\t\t\t\t\t\t<\/a>\n\t\t\t\t\t\t\t\t\t\t\t\t\t<\/div>\n\t\t\t\t<\/div>\n\t\t\t\t\t<\/div>\n\t\t<\/div>\n\t\t\t\t\t<\/div>\n\t\t<\/section>\n\t\t\t\t<\/div>\n\t\t","protected":false},"excerpt":{"rendered":"<div class=\"mh-excerpt\"><p>Einbruch in Wei\u00dfenburger Reiseb\u00fcro Wei\u00dfenburg &#8211; Am Dienstag, den 28.05.2018, brachen bislang Unbekannte in den fr\u00fchen Morgenstunden in ein Reiseb\u00fcro am Marktplatz in Wei\u00dfenburg ein, indem sie sich \u00fcber eine Balkont\u00fcre Zutritt in die B\u00fcror\u00e4ume <a class=\"mh-excerpt-more\" href=\"https:\/\/www.region-schwabach.de\/wordpress\/einbruch-in-weissenburger-reisebuero\/\" title=\"Einbruch in Wei\u00dfenburger Reiseb\u00fcro\">[&#8230;]<\/a><\/p>\n<\/div>","protected":false},"author":1,"featured_media":40690,"comment_status":"open","ping_status":"open","sticky":false,"template":"","format":"standard","meta":{"_cbd_carousel_blocks":"[]","footnotes":""},"categories":[15],"tags":[3699,4173,30,217,4176,114,4172,401,713,4175,249,4174],"class_list":{"0":"post-40689","1":"post","2":"type-post","3":"status-publish","4":"format-standard","5":"has-post-thumbnail","7":"category-polizeimeldungen","8":"tag-28-05-2018","9":"tag-balkontuere","10":"tag-diebstahl","11":"tag-einbruch","12":"tag-fuenf-personen","13":"tag-marktplatz","14":"tag-reisebuero","15":"tag-sachschaden","16":"tag-schaden","17":"tag-tresor","18":"tag-weissenburg","19":"tag-weisser-sprinter"},"_links":{"self":[{"href":"https:\/\/www.region-schwabach.de\/wordpress\/wp-json\/wp\/v2\/posts\/40689","targetHints":{"allow":["GET"]}}],"collection":[{"href":"https:\/\/www.region-schwabach.de\/wordpress\/wp-json\/wp\/v2\/posts"}],"about":[{"href":"https:\/\/www.region-schwabach.de\/wordpress\/wp-json\/wp\/v2\/types\/post"}],"author":[{"embeddable":true,"href":"https:\/\/www.region-schwabach.de\/wordpress\/wp-json\/wp\/v2\/users\/1"}],"replies":[{"embeddable":true,"href":"https:\/\/www.region-schwabach.de\/wordpress\/wp-json\/wp\/v2\/comments?post=40689"}],"version-history":[{"count":0,"href":"https:\/\/www.region-schwabach.de\/wordpress\/wp-json\/wp\/v2\/posts\/40689\/revisions"}],"wp:featuredmedia":[{"embeddable":true,"href":"https:\/\/www.region-schwabach.de\/wordpress\/wp-json\/wp\/v2\/media\/40690"}],"wp:attachment":[{"href":"https:\/\/www.region-schwabach.de\/wordpress\/wp-json\/wp\/v2\/media?parent=40689"}],"wp:term":[{"taxonomy":"category","embeddable":true,"href":"https:\/\/www.region-schwabach.de\/wordpress\/wp-json\/wp\/v2\/categories?post=40689"},{"taxonomy":"post_tag","embeddable":true,"href":"https:\/\/www.region-schwabach.de\/wordpress\/wp-json\/wp\/v2\/tags?post=40689"}],"curies":[{"name":"wp","href":"https:\/\/api.w.org\/{rel}","templated":true}]}}