{"id":40990,"date":"2018-05-29T10:30:06","date_gmt":"2018-05-29T08:30:06","guid":{"rendered":"http:\/\/www.region-schwabach.de\/wordpress\/?p=40990"},"modified":"2018-05-29T10:54:33","modified_gmt":"2018-05-29T08:54:33","slug":"jede-menge-arbeit-fuer-die-hilpoltsteiner-polizeiinspektion-am-montag","status":"publish","type":"post","link":"https:\/\/www.region-schwabach.de\/wordpress\/jede-menge-arbeit-fuer-die-hilpoltsteiner-polizeiinspektion-am-montag\/","title":{"rendered":"Jede Menge Arbeit f\u00fcr die Hilpoltsteiner Polizeiinspektion am Montag"},"content":{"rendered":"\t\t<div data-elementor-type=\"wp-post\" data-elementor-id=\"40990\" class=\"elementor elementor-40990 elementor-bc-flex-widget\">\n\t\t\t\t\t\t<section class=\"elementor-section elementor-top-section elementor-element elementor-element-1cuv9jr elementor-section-boxed elementor-section-height-default elementor-section-height-default\" data-id=\"1cuv9jr\" data-element_type=\"section\">\n\t\t\t\t\t\t<div class=\"elementor-container elementor-column-gap-default\">\n\t\t\t\t\t<div class=\"elementor-column elementor-col-66 elementor-top-column elementor-element elementor-element-q5zak7b\" data-id=\"q5zak7b\" data-element_type=\"column\">\n\t\t\t<div class=\"elementor-widget-wrap elementor-element-populated\">\n\t\t\t\t\t\t<div class=\"elementor-element elementor-element-86qws23 elementor-widget elementor-widget-text-editor\" data-id=\"86qws23\" data-element_type=\"widget\" data-widget_type=\"text-editor.default\">\n\t\t\t\t<div class=\"elementor-widget-container\">\n\t\t\t\t\t\t\t<h3>Junge bei Unfall schwer verletzt<\/h3><p>Heideck &#8211; Ein 58-j\u00e4hriger Motorradfahrer war am Montagnachmittag, den 28.05.2018,\u00a0 auf der Kreisstra\u00dfe RH 21 von Heideck in Richtung Schlo\u00dfberg unterwegs, als kurz nach dem Ortsbeginn von Schlo\u00dfberg ein 9-j\u00e4hriger Junge mit seinem Fahrrad auf die Kreisstra\u00dfe fuhr, und es zum Zusammensto\u00df kam. Dabei wurde der Junge in die angrenzende Wiese geschleudert, wobei er sich mittelschwer verletzte, und mit dem Rettungsdienst ins Krankenhaus gebracht wurde. An den beiden Zweir\u00e4dern entstand ein Sachschaden in H\u00f6he von ca. 1.200 Euro.<\/p><h3>24 Fahrer waren zu schnell unterwegs<\/h3><p>Allersberg &#8211; Am Montagnachmittag, den 28.05.2018, f\u00fchrte die Polizei auf der Staatsstra\u00dfe 2225 zwischen Allersberg und Hilpoltstein eine Geschwindigkeitskontrolle durch, in deren Verlauf fast 1.500 Fahrzeuge kontrolliert wurden. Dabei waren 24 Fahrzeugf\u00fchrer zu schnell unterwegs, und hatten die zul\u00e4ssige H\u00f6chstgeschwindigkeit von 100 km\/h \u00fcberschritten, von denen sechs so schnell unterwegs waren, da\u00df ein Bu\u00dfgeldverfahren eingeleitet wurde. Der Spitzenreiter ist hierbei mit 141 km\/h gemessen worden.<\/p><h3>Beim Ausparken PKW angefahren<\/h3><p>Heideck &#8211; Am Montagabend, den 28.05.2018, besch\u00e4digte eine bisher unbekannte Frau um 17.00 Uhr beim Ausparken aus einer Parkl\u00fccke\u00a0 im S\u00fcdlichen Stadtgraben in Heideck (beim Seniorenheim) einen dort geparkten blauen Smart. Im Anschlu\u00df entfernte sich die Fahrerin des wei\u00dfen PKWs unerlaubt vom Unfallort, ohne sich um den entstandenenden Schaden zu k\u00fcmmern.\u00a0<\/p><h3>Hochwertiges E-Bike vor Gastst\u00e4tte entwendet<\/h3><p>Hilpoltstein &#8211; Am Freitagnacht, den 25.05.2018, wurde einem 51 J\u00e4hrigen sein vor einer Gastst\u00e4tte in der Christoph-Sturm-Stra\u00dfe in Hilpoltstein versperrt abgestelltes e-Bike gestohlen. Bei dem entwendeten Bike handelt es ich um ein rotes Herren-E-Bike der Marke Wilier im Wert von ca. 4.200 Euro.\u00a0<\/p><h3>Polizei bittet um Mithilfe<\/h3><p>Personen, die verd\u00e4chtige Beobachtungen gemacht haben, werden gebeten, diese der Polizei in Hilpoltstein unter der Rufnummer 09174-4789-0 mitzuteilen.<\/p>\t\t\t\t\t\t<\/div>\n\t\t\t\t<\/div>\n\t\t\t\t<div class=\"elementor-element elementor-element-3b2035c elementor-widget-divider--view-line elementor-widget elementor-widget-divider\" data-id=\"3b2035c\" data-element_type=\"widget\" data-widget_type=\"divider.default\">\n\t\t\t\t<div class=\"elementor-widget-container\">\n\t\t\t\t\t<div class=\"elementor-divider\">\n\t\t\t<span class=\"elementor-divider-separator\">\n\t\t\t\t\t\t<\/span>\n\t\t<\/div>\n\t\t\t\t<\/div>\n\t\t\t\t<\/div>\n\t\t\t\t<div class=\"elementor-element elementor-element-1l7zbzo elementor-widget elementor-widget-google_maps\" data-id=\"1l7zbzo\" data-element_type=\"widget\" data-widget_type=\"google_maps.default\">\n\t\t\t\t<div class=\"elementor-widget-container\">\n\t\t\t\t\t<div class=\"elementor-custom-embed\">\n\t\t\t<iframe loading=\"lazy\"\n\t\t\t\t\tsrc=\"https:\/\/maps.google.com\/maps?q=Hilpoltstein%2C%20Deutschland&#038;t=m&#038;z=11&#038;output=embed&#038;iwloc=near\"\n\t\t\t\t\ttitle=\"Hilpoltstein, Deutschland\"\n\t\t\t\t\taria-label=\"Hilpoltstein, Deutschland\"\n\t\t\t><\/iframe>\n\t\t<\/div>\n\t\t\t\t<\/div>\n\t\t\t\t<\/div>\n\t\t\t\t\t<\/div>\n\t\t<\/div>\n\t\t\t\t<div class=\"elementor-column elementor-col-33 elementor-top-column elementor-element elementor-element-0w0urt1\" data-id=\"0w0urt1\" data-element_type=\"column\">\n\t\t\t<div class=\"elementor-widget-wrap elementor-element-populated\">\n\t\t\t\t\t\t<div class=\"elementor-element elementor-element-mo6nk5i elementor-widget elementor-widget-image\" data-id=\"mo6nk5i\" data-element_type=\"widget\" data-widget_type=\"image.default\">\n\t\t\t\t<div class=\"elementor-widget-container\">\n\t\t\t\t\t\t\t\t\t\t\t\t\t\t<a href=\"http:\/\/www.region-schwabach.de\/wordpress\/werben-auf-region-schwabach\/\" target=\"_blank\">\n\t\t\t\t\t\t\t<img fetchpriority=\"high\" decoding=\"async\" width=\"1024\" height=\"1024\" src=\"https:\/\/www.region-schwabach.de\/wordpress\/wp-content\/uploads\/2017\/06\/werbung8-1024x1024.png\" class=\"attachment-large size-large wp-image-2484\" alt=\"\" srcset=\"https:\/\/www.region-schwabach.de\/wordpress\/wp-content\/uploads\/2017\/06\/werbung8-1024x1024.png 1024w, https:\/\/www.region-schwabach.de\/wordpress\/wp-content\/uploads\/2017\/06\/werbung8-150x150.png 150w, https:\/\/www.region-schwabach.de\/wordpress\/wp-content\/uploads\/2017\/06\/werbung8-300x300.png 300w, https:\/\/www.region-schwabach.de\/wordpress\/wp-content\/uploads\/2017\/06\/werbung8-768x768.png 768w, https:\/\/www.region-schwabach.de\/wordpress\/wp-content\/uploads\/2017\/06\/werbung8-600x600.png 600w, https:\/\/www.region-schwabach.de\/wordpress\/wp-content\/uploads\/2017\/06\/werbung8.png 1200w\" sizes=\"(max-width: 1024px) 100vw, 1024px\" \/>\t\t\t\t\t\t\t\t<\/a>\n\t\t\t\t\t\t\t\t\t\t\t\t\t<\/div>\n\t\t\t\t<\/div>\n\t\t\t\t\t<\/div>\n\t\t<\/div>\n\t\t\t\t\t<\/div>\n\t\t<\/section>\n\t\t\t\t<\/div>\n\t\t","protected":false},"excerpt":{"rendered":"<div class=\"mh-excerpt\"><p>Junge bei Unfall schwer verletzt Heideck &#8211; Ein 58-j\u00e4hriger Motorradfahrer war am Montagnachmittag, den 28.05.2018,\u00a0 auf der Kreisstra\u00dfe RH 21 von Heideck in Richtung Schlo\u00dfberg unterwegs, als kurz nach dem Ortsbeginn von Schlo\u00dfberg ein 9-j\u00e4hriger <a class=\"mh-excerpt-more\" href=\"https:\/\/www.region-schwabach.de\/wordpress\/jede-menge-arbeit-fuer-die-hilpoltsteiner-polizeiinspektion-am-montag\/\" title=\"Jede Menge Arbeit f\u00fcr die Hilpoltsteiner Polizeiinspektion am Montag\">[&#8230;]<\/a><\/p>\n<\/div>","protected":false},"author":1,"featured_media":40991,"comment_status":"open","ping_status":"open","sticky":false,"template":"","format":"standard","meta":{"_cbd_carousel_blocks":"[]","footnotes":""},"categories":[15],"tags":[3653,3699,556,1351,30,454,643,635,596,297,4190,563,4191,4193,631,4192,334,457,4170],"class_list":{"0":"post-40990","1":"post","2":"type-post","3":"status-publish","4":"format-standard","5":"has-post-thumbnail","7":"category-polizeimeldungen","8":"tag-25-05-2018","9":"tag-28-05-2018","10":"tag-allersberg","11":"tag-christoph-sturm-strasse","12":"tag-diebstahl","13":"tag-fahrerflucht","14":"tag-fahrrad","15":"tag-geschwindigkeitskontrolle","16":"tag-heideck","17":"tag-hilpoltstein","18":"tag-kreisstrasse-rh-21","19":"tag-motorrad","20":"tag-schlossberg","21":"tag-seniorenheim","22":"tag-staatsstrasse-2225","23":"tag-suedlicher-stadtgraben","24":"tag-unfall","25":"tag-unfallflucht","26":"tag-verkehrsdelikten"},"_links":{"self":[{"href":"https:\/\/www.region-schwabach.de\/wordpress\/wp-json\/wp\/v2\/posts\/40990","targetHints":{"allow":["GET"]}}],"collection":[{"href":"https:\/\/www.region-schwabach.de\/wordpress\/wp-json\/wp\/v2\/posts"}],"about":[{"href":"https:\/\/www.region-schwabach.de\/wordpress\/wp-json\/wp\/v2\/types\/post"}],"author":[{"embeddable":true,"href":"https:\/\/www.region-schwabach.de\/wordpress\/wp-json\/wp\/v2\/users\/1"}],"replies":[{"embeddable":true,"href":"https:\/\/www.region-schwabach.de\/wordpress\/wp-json\/wp\/v2\/comments?post=40990"}],"version-history":[{"count":0,"href":"https:\/\/www.region-schwabach.de\/wordpress\/wp-json\/wp\/v2\/posts\/40990\/revisions"}],"wp:featuredmedia":[{"embeddable":true,"href":"https:\/\/www.region-schwabach.de\/wordpress\/wp-json\/wp\/v2\/media\/40991"}],"wp:attachment":[{"href":"https:\/\/www.region-schwabach.de\/wordpress\/wp-json\/wp\/v2\/media?parent=40990"}],"wp:term":[{"taxonomy":"category","embeddable":true,"href":"https:\/\/www.region-schwabach.de\/wordpress\/wp-json\/wp\/v2\/categories?post=40990"},{"taxonomy":"post_tag","embeddable":true,"href":"https:\/\/www.region-schwabach.de\/wordpress\/wp-json\/wp\/v2\/tags?post=40990"}],"curies":[{"name":"wp","href":"https:\/\/api.w.org\/{rel}","templated":true}]}}