{"id":41194,"date":"2018-05-30T01:01:05","date_gmt":"2018-05-29T23:01:05","guid":{"rendered":"http:\/\/www.region-schwabach.de\/wordpress\/?p=41194"},"modified":"2018-05-30T01:04:50","modified_gmt":"2018-05-29T23:04:50","slug":"aenderung-der-muellabfuhr-termine-wegen-fronleichnam","status":"publish","type":"post","link":"https:\/\/www.region-schwabach.de\/wordpress\/aenderung-der-muellabfuhr-termine-wegen-fronleichnam\/","title":{"rendered":"\u00c4nderung der M\u00fcllabfuhr-Termine wegen Fronleichnam"},"content":{"rendered":"\t\t<div data-elementor-type=\"wp-post\" data-elementor-id=\"41194\" class=\"elementor elementor-41194 elementor-bc-flex-widget\">\n\t\t\t\t\t\t<section class=\"elementor-section elementor-top-section elementor-element elementor-element-tlus4ia elementor-section-boxed elementor-section-height-default elementor-section-height-default\" data-id=\"tlus4ia\" data-element_type=\"section\">\n\t\t\t\t\t\t<div class=\"elementor-container elementor-column-gap-default\">\n\t\t\t\t\t<div class=\"elementor-column elementor-col-66 elementor-top-column elementor-element elementor-element-sphcucl\" data-id=\"sphcucl\" data-element_type=\"column\">\n\t\t\t<div class=\"elementor-widget-wrap elementor-element-populated\">\n\t\t\t\t\t\t<div class=\"elementor-element elementor-element-4f2h2af elementor-widget elementor-widget-text-editor\" data-id=\"4f2h2af\" data-element_type=\"widget\" data-widget_type=\"text-editor.default\">\n\t\t\t\t<div class=\"elementor-widget-container\">\n\t\t\t\t\t\t\t<h3>\u00c4nderung bei M\u00fcllabfuhrterminen<\/h3><p>Wegen des Feiertags am Donnerstag, den 31.05.2018 (Fronleichnam), kommt es vereinzelt zu \u00c4nderungen bei den\u00a0M\u00fcllabfuhrterminen f\u00fcr\u00a0Restm\u00fcll, Bioabfall und Gelber Sack.<\/p><h3>Folgende neue\u00a0Termine ergeben sich:<\/h3><table style=\"height: 105px;\"><tbody><tr style=\"height: 21px;\"><td style=\"height: 21px;\"><strong>Urspr\u00fcnglicher Termin<\/strong><\/td><td style=\"height: 21px;\"><strong>Beh\u00e4lter<\/strong><\/td><td style=\"height: 21px;\"><strong>Neuer Abholtermin<\/strong><\/td><\/tr><tr style=\"height: 21px;\"><td style=\"height: 21px;\">\u00a0<\/td><td style=\"height: 21px;\">\u00a0<\/td><td style=\"height: 21px;\">\u00a0<\/td><\/tr><tr style=\"height: 21px;\"><td style=\"vertical-align: middle; height: 63px;\" rowspan=\"3\"><strong>Fronleichnam<br \/><\/strong><strong>Donnerstag, den 31. Mai<\/strong><\/td><td style=\"height: 21px;\">Bioabfall<\/td><td style=\"height: 21px;\">Freitag, den 1. Juni<\/td><\/tr><tr style=\"height: 21px;\"><td style=\"height: 21px;\">Gelber Sack<\/td><td style=\"height: 21px;\">Samstag, den 2. Juni<\/td><\/tr><tr style=\"height: 21px;\"><td style=\"height: 21px;\">Restm\u00fcll<\/td><td style=\"height: 21px;\">Mittwoch, den 30. Mai<\/td><\/tr><\/tbody><\/table>\t\t\t\t\t\t<\/div>\n\t\t\t\t<\/div>\n\t\t\t\t\t<\/div>\n\t\t<\/div>\n\t\t\t\t<div class=\"elementor-column elementor-col-33 elementor-top-column elementor-element elementor-element-flkv3o5\" data-id=\"flkv3o5\" data-element_type=\"column\">\n\t\t\t<div class=\"elementor-widget-wrap elementor-element-populated\">\n\t\t\t\t\t\t<div class=\"elementor-element elementor-element-bpvimlk elementor-widget elementor-widget-image\" data-id=\"bpvimlk\" data-element_type=\"widget\" data-widget_type=\"image.default\">\n\t\t\t\t<div class=\"elementor-widget-container\">\n\t\t\t\t\t\t\t\t\t\t\t\t\t\t<a href=\"http:\/\/www.region-schwabach.de\/wordpress\/werben-auf-region-schwabach\/\" target=\"_blank\">\n\t\t\t\t\t\t\t<img fetchpriority=\"high\" decoding=\"async\" width=\"1024\" height=\"1024\" src=\"https:\/\/www.region-schwabach.de\/wordpress\/wp-content\/uploads\/2017\/06\/werbung8-1024x1024.png\" class=\"attachment-large size-large wp-image-2484\" alt=\"\" srcset=\"https:\/\/www.region-schwabach.de\/wordpress\/wp-content\/uploads\/2017\/06\/werbung8-1024x1024.png 1024w, https:\/\/www.region-schwabach.de\/wordpress\/wp-content\/uploads\/2017\/06\/werbung8-150x150.png 150w, https:\/\/www.region-schwabach.de\/wordpress\/wp-content\/uploads\/2017\/06\/werbung8-300x300.png 300w, https:\/\/www.region-schwabach.de\/wordpress\/wp-content\/uploads\/2017\/06\/werbung8-768x768.png 768w, https:\/\/www.region-schwabach.de\/wordpress\/wp-content\/uploads\/2017\/06\/werbung8-600x600.png 600w, https:\/\/www.region-schwabach.de\/wordpress\/wp-content\/uploads\/2017\/06\/werbung8.png 1200w\" sizes=\"(max-width: 1024px) 100vw, 1024px\" \/>\t\t\t\t\t\t\t\t<\/a>\n\t\t\t\t\t\t\t\t\t\t\t\t\t<\/div>\n\t\t\t\t<\/div>\n\t\t\t\t\t<\/div>\n\t\t<\/div>\n\t\t\t\t\t<\/div>\n\t\t<\/section>\n\t\t\t\t<\/div>\n\t\t","protected":false},"excerpt":{"rendered":"<div class=\"mh-excerpt\"><p>\u00c4nderung bei M\u00fcllabfuhrterminen Wegen des Feiertags am Donnerstag, den 31.05.2018 (Fronleichnam), kommt es vereinzelt zu \u00c4nderungen bei den\u00a0M\u00fcllabfuhrterminen f\u00fcr\u00a0Restm\u00fcll, Bioabfall und Gelber Sack. Folgende neue\u00a0Termine ergeben sich: Urspr\u00fcnglicher Termin Beh\u00e4lter Neuer Abholtermin \u00a0 \u00a0 \u00a0 <a class=\"mh-excerpt-more\" href=\"https:\/\/www.region-schwabach.de\/wordpress\/aenderung-der-muellabfuhr-termine-wegen-fronleichnam\/\" title=\"\u00c4nderung der M\u00fcllabfuhr-Termine wegen Fronleichnam\">[&#8230;]<\/a><\/p>\n<\/div>","protected":false},"author":1,"featured_media":0,"comment_status":"open","ping_status":"open","sticky":false,"template":"","format":"standard","meta":{"_cbd_carousel_blocks":"[]","footnotes":""},"categories":[16,1,13,61,118],"tags":[3702,1210,1209,4202,1089,1207,1208,19],"class_list":{"0":"post-41194","1":"post","2":"type-post","3":"status-publish","4":"format-standard","6":"category-aktuell","7":"category-allgemein","8":"category-nachrichten","9":"category-rathaus","10":"category-umwelt","11":"tag-31-05-2018","12":"tag-aenderung-abholtermine","13":"tag-bioabfall","14":"tag-fronleichnam","15":"tag-gelber-sack","16":"tag-muellabfuhr","17":"tag-restmuell","18":"tag-schwabach"},"_links":{"self":[{"href":"https:\/\/www.region-schwabach.de\/wordpress\/wp-json\/wp\/v2\/posts\/41194","targetHints":{"allow":["GET"]}}],"collection":[{"href":"https:\/\/www.region-schwabach.de\/wordpress\/wp-json\/wp\/v2\/posts"}],"about":[{"href":"https:\/\/www.region-schwabach.de\/wordpress\/wp-json\/wp\/v2\/types\/post"}],"author":[{"embeddable":true,"href":"https:\/\/www.region-schwabach.de\/wordpress\/wp-json\/wp\/v2\/users\/1"}],"replies":[{"embeddable":true,"href":"https:\/\/www.region-schwabach.de\/wordpress\/wp-json\/wp\/v2\/comments?post=41194"}],"version-history":[{"count":0,"href":"https:\/\/www.region-schwabach.de\/wordpress\/wp-json\/wp\/v2\/posts\/41194\/revisions"}],"wp:attachment":[{"href":"https:\/\/www.region-schwabach.de\/wordpress\/wp-json\/wp\/v2\/media?parent=41194"}],"wp:term":[{"taxonomy":"category","embeddable":true,"href":"https:\/\/www.region-schwabach.de\/wordpress\/wp-json\/wp\/v2\/categories?post=41194"},{"taxonomy":"post_tag","embeddable":true,"href":"https:\/\/www.region-schwabach.de\/wordpress\/wp-json\/wp\/v2\/tags?post=41194"}],"curies":[{"name":"wp","href":"https:\/\/api.w.org\/{rel}","templated":true}]}}