{"id":41259,"date":"2018-05-17T13:50:29","date_gmt":"2018-05-17T11:50:29","guid":{"rendered":"http:\/\/www.region-schwabach.de\/wordpress\/?p=41259"},"modified":"2018-05-31T14:10:00","modified_gmt":"2018-05-31T12:10:00","slug":"umbau-waldfriedhof-von-anfang-mai-bis-anfang-juli-2018","status":"publish","type":"post","link":"https:\/\/www.region-schwabach.de\/wordpress\/umbau-waldfriedhof-von-anfang-mai-bis-anfang-juli-2018\/","title":{"rendered":"Umbau Waldfriedhof von Anfang Mai bis Anfang Juli 2018"},"content":{"rendered":"\t\t<div data-elementor-type=\"wp-post\" data-elementor-id=\"41259\" class=\"elementor elementor-41259 elementor-bc-flex-widget\">\n\t\t\t\t\t\t<section class=\"elementor-section elementor-top-section elementor-element elementor-element-678181b elementor-section-boxed elementor-section-height-default elementor-section-height-default\" data-id=\"678181b\" data-element_type=\"section\">\n\t\t\t\t\t\t<div class=\"elementor-container elementor-column-gap-default\">\n\t\t\t\t\t<div class=\"elementor-column elementor-col-66 elementor-top-column elementor-element elementor-element-6b34026\" data-id=\"6b34026\" data-element_type=\"column\">\n\t\t\t<div class=\"elementor-widget-wrap elementor-element-populated\">\n\t\t\t\t\t\t<div class=\"elementor-element elementor-element-443ab98 elementor-widget elementor-widget-text-editor\" data-id=\"443ab98\" data-element_type=\"widget\" data-widget_type=\"text-editor.default\">\n\t\t\t\t<div class=\"elementor-widget-container\">\n\t\t\t\t\t\t\t<h3>Umbau Waldfriedhof von Mai bis Juli<\/h3><p>Bereits seit Anfang Mai sind der Haupteingang und die dort gelegene Kapelle des Waldfriedhofs, wegen etwa zehn Wochen dauernder Umbauma\u00dfnahmen, geschlossen.<\/p><h3>Gesch\u00e4digte B\u00e4ume mu\u00dften gef\u00e4llt werden<\/h3><p>Die zum gr\u00f6\u00dften Teil bereits sehr gesch\u00e4digten B\u00e4ume entlang der kleinen Allee, mussten gef\u00e4llt werden, da sie den steigenden sommerlichen Temperaturen nicht mehr standgehalten h\u00e4tten, und werden durch widerstandsf\u00e4higere Purpurerlen ersetzt.<\/p><p>Ein weiterer Grund f\u00fcr die etwa 370.000 Euro teure Bauma\u00dfnahme ist der f\u00fcr Gehbehinderte erschwerte Zugang zur Kapelle.\u00a0Hier wird der gesamte Bereich barrierefrei, also ohne Bordstein und mit ebener Oberfl \u00e4che, gepflastert.<\/p><h3>Weiterf\u00fchrende Links:<\/h3><p><a href=\"http:\/\/www.schwabach.de\/de\/stadtverwaltung\/referat-4-stadtplanung-und-bauwesen\/53-baubetriebsamt\/neues-vom-baubetriebsamt\/6443-umbau-des-waldfriedhofs-bis-voraussichtlich-anfang-juli.html\" target=\"_blank\" rel=\"noopener\">Weitere Informationen zum Umbau finden Sie hier &#8230;<\/a><\/p><p><a href=\"http:\/\/www.schwabach.de\/de\/stadtverwaltung\/referat-4-stadtplanung-und-bauwesen\/55-baubetriebsamt\/dienstleistungen\/1684-waldfriedhof.html\" target=\"_blank\" rel=\"noopener\">Waldfriedhof in Schwabach &#8230;<\/a><\/p>\t\t\t\t\t\t<\/div>\n\t\t\t\t<\/div>\n\t\t\t\t<div class=\"elementor-element elementor-element-0c834d7 elementor-widget-divider--view-line elementor-widget elementor-widget-divider\" data-id=\"0c834d7\" data-element_type=\"widget\" data-widget_type=\"divider.default\">\n\t\t\t\t<div class=\"elementor-widget-container\">\n\t\t\t\t\t<div class=\"elementor-divider\">\n\t\t\t<span class=\"elementor-divider-separator\">\n\t\t\t\t\t\t<\/span>\n\t\t<\/div>\n\t\t\t\t<\/div>\n\t\t\t\t<\/div>\n\t\t\t\t<div class=\"elementor-element elementor-element-325f51f elementor-widget elementor-widget-google_maps\" data-id=\"325f51f\" data-element_type=\"widget\" data-widget_type=\"google_maps.default\">\n\t\t\t\t<div class=\"elementor-widget-container\">\n\t\t\t\t\t<div class=\"elementor-custom-embed\">\n\t\t\t<iframe loading=\"lazy\"\n\t\t\t\t\tsrc=\"https:\/\/maps.google.com\/maps?q=Friedenstra%C3%9Fe%201%2C%20Schwabach%2C%20Deutschland&#038;t=m&#038;z=16&#038;output=embed&#038;iwloc=near\"\n\t\t\t\t\ttitle=\"Friedenstra\u00dfe 1, Schwabach, Deutschland\"\n\t\t\t\t\taria-label=\"Friedenstra\u00dfe 1, Schwabach, Deutschland\"\n\t\t\t><\/iframe>\n\t\t<\/div>\n\t\t\t\t<\/div>\n\t\t\t\t<\/div>\n\t\t\t\t\t<\/div>\n\t\t<\/div>\n\t\t\t\t<div class=\"elementor-column elementor-col-33 elementor-top-column elementor-element elementor-element-f645137\" data-id=\"f645137\" data-element_type=\"column\">\n\t\t\t<div class=\"elementor-widget-wrap elementor-element-populated\">\n\t\t\t\t\t\t<div class=\"elementor-element elementor-element-25043c1 elementor-widget elementor-widget-image\" data-id=\"25043c1\" data-element_type=\"widget\" data-widget_type=\"image.default\">\n\t\t\t\t<div class=\"elementor-widget-container\">\n\t\t\t\t\t\t\t\t\t\t\t\t\t<img fetchpriority=\"high\" decoding=\"async\" width=\"300\" height=\"300\" src=\"https:\/\/www.region-schwabach.de\/wordpress\/wp-content\/uploads\/2018\/04\/werbung1-300x300.png\" class=\"attachment-medium size-medium wp-image-35382\" alt=\"\" srcset=\"https:\/\/www.region-schwabach.de\/wordpress\/wp-content\/uploads\/2018\/04\/werbung1-300x300.png 300w, https:\/\/www.region-schwabach.de\/wordpress\/wp-content\/uploads\/2018\/04\/werbung1-150x150.png 150w, https:\/\/www.region-schwabach.de\/wordpress\/wp-content\/uploads\/2018\/04\/werbung1-768x768.png 768w, https:\/\/www.region-schwabach.de\/wordpress\/wp-content\/uploads\/2018\/04\/werbung1-1024x1024.png 1024w, https:\/\/www.region-schwabach.de\/wordpress\/wp-content\/uploads\/2018\/04\/werbung1.png 1200w\" sizes=\"(max-width: 300px) 100vw, 300px\" \/>\t\t\t\t\t\t\t\t\t\t\t\t\t<\/div>\n\t\t\t\t<\/div>\n\t\t\t\t\t<\/div>\n\t\t<\/div>\n\t\t\t\t\t<\/div>\n\t\t<\/section>\n\t\t\t\t<\/div>\n\t\t","protected":false},"excerpt":{"rendered":"<div class=\"mh-excerpt\"><p>Umbau Waldfriedhof von Mai bis Juli Bereits seit Anfang Mai sind der Haupteingang und die dort gelegene Kapelle des Waldfriedhofs, wegen etwa zehn Wochen dauernder Umbauma\u00dfnahmen, geschlossen. Gesch\u00e4digte B\u00e4ume mu\u00dften gef\u00e4llt werden Die zum gr\u00f6\u00dften <a class=\"mh-excerpt-more\" href=\"https:\/\/www.region-schwabach.de\/wordpress\/umbau-waldfriedhof-von-anfang-mai-bis-anfang-juli-2018\/\" title=\"Umbau Waldfriedhof von Anfang Mai bis Anfang Juli 2018\">[&#8230;]<\/a><\/p>\n<\/div>","protected":false},"author":1,"featured_media":41260,"comment_status":"open","ping_status":"open","sticky":false,"template":"","format":"standard","meta":{"_cbd_carousel_blocks":"[]","footnotes":""},"categories":[16,1,61,203],"tags":[4240,3919,3918,4241,3878,1480,19,4239,4006],"class_list":{"0":"post-41259","1":"post","2":"type-post","3":"status-publish","4":"format-standard","5":"has-post-thumbnail","7":"category-aktuell","8":"category-allgemein","9":"category-rathaus","10":"category-umwelt-nachrichten","11":"tag-haupteingang","12":"tag-juli-2018","13":"tag-juni-2018","14":"tag-kapelle","15":"tag-mai-2018","16":"tag-rathaus","17":"tag-schwabach","18":"tag-umbau","19":"tag-waldfriedhof"},"_links":{"self":[{"href":"https:\/\/www.region-schwabach.de\/wordpress\/wp-json\/wp\/v2\/posts\/41259","targetHints":{"allow":["GET"]}}],"collection":[{"href":"https:\/\/www.region-schwabach.de\/wordpress\/wp-json\/wp\/v2\/posts"}],"about":[{"href":"https:\/\/www.region-schwabach.de\/wordpress\/wp-json\/wp\/v2\/types\/post"}],"author":[{"embeddable":true,"href":"https:\/\/www.region-schwabach.de\/wordpress\/wp-json\/wp\/v2\/users\/1"}],"replies":[{"embeddable":true,"href":"https:\/\/www.region-schwabach.de\/wordpress\/wp-json\/wp\/v2\/comments?post=41259"}],"version-history":[{"count":0,"href":"https:\/\/www.region-schwabach.de\/wordpress\/wp-json\/wp\/v2\/posts\/41259\/revisions"}],"wp:featuredmedia":[{"embeddable":true,"href":"https:\/\/www.region-schwabach.de\/wordpress\/wp-json\/wp\/v2\/media\/41260"}],"wp:attachment":[{"href":"https:\/\/www.region-schwabach.de\/wordpress\/wp-json\/wp\/v2\/media?parent=41259"}],"wp:term":[{"taxonomy":"category","embeddable":true,"href":"https:\/\/www.region-schwabach.de\/wordpress\/wp-json\/wp\/v2\/categories?post=41259"},{"taxonomy":"post_tag","embeddable":true,"href":"https:\/\/www.region-schwabach.de\/wordpress\/wp-json\/wp\/v2\/tags?post=41259"}],"curies":[{"name":"wp","href":"https:\/\/api.w.org\/{rel}","templated":true}]}}