{"id":41272,"date":"2018-05-21T14:43:44","date_gmt":"2018-05-21T12:43:44","guid":{"rendered":"http:\/\/www.region-schwabach.de\/wordpress\/?p=41272"},"modified":"2018-05-31T14:58:08","modified_gmt":"2018-05-31T12:58:08","slug":"pick-fruehjahrsprogramm-es-sind-noch-plaetze-in-den-pfingstferien-frei","status":"publish","type":"post","link":"https:\/\/www.region-schwabach.de\/wordpress\/pick-fruehjahrsprogramm-es-sind-noch-plaetze-in-den-pfingstferien-frei\/","title":{"rendered":"Pick-Fr\u00fchjahrsprogramm &#8211; es sind noch Pl\u00e4tze in den Pfingstferien frei"},"content":{"rendered":"\t\t<div data-elementor-type=\"wp-post\" data-elementor-id=\"41272\" class=\"elementor elementor-41272 elementor-bc-flex-widget\">\n\t\t\t\t\t\t<section class=\"elementor-section elementor-top-section elementor-element elementor-element-678181b elementor-section-boxed elementor-section-height-default elementor-section-height-default\" data-id=\"678181b\" data-element_type=\"section\">\n\t\t\t\t\t\t<div class=\"elementor-container elementor-column-gap-default\">\n\t\t\t\t\t<div class=\"elementor-column elementor-col-66 elementor-top-column elementor-element elementor-element-6b34026\" data-id=\"6b34026\" data-element_type=\"column\">\n\t\t\t<div class=\"elementor-widget-wrap elementor-element-populated\">\n\t\t\t\t\t\t<div class=\"elementor-element elementor-element-443ab98 elementor-widget elementor-widget-text-editor\" data-id=\"443ab98\" data-element_type=\"widget\" data-widget_type=\"text-editor.default\">\n\t\t\t\t<div class=\"elementor-widget-container\">\n\t\t\t\t\t\t\t<h3>Noch Pl\u00e4tze frei<\/h3><p>Die Pfingstferien\u00a0sind endlich da, und die\u00a0Anmeldungen f\u00fcr das PICK Fr\u00fchjahrsprogramm laufen auf Hochtouren.<\/p><h3>Ausfl\u00fcge, Kreativangebote und sportliche Aktivit\u00e4ten<\/h3><p>Wer noch auf der Suche nach tollen Ausfl\u00fcgen, Kreativangeboten oder sportlichen Aktivit\u00e4ten ist, beim PICK-Fr\u00fchjahrsprogramm genau richtig.\u00a0<\/p><p><br \/>F\u00fcr die Kreativen\u00a0gibt\u00a0 es die M\u00f6glichkeit am 29.05. Seifen selbst herzustellen, beim\u00a0Batiken am 28.05. ein Kleidungsst\u00fcck in ein Unikat zu verwandeln oder am 02.06. wundersch\u00f6nen Schmuck aus Kork zu basteln.<\/p><p>Alle, die ihr handwerkliches Geschick unter Beweis stellen m\u00f6chten, k\u00f6nnen sich beim Speckstein bearbeiten am 28.05. ausprobieren.<\/p><h3>Weiterf\u00fchrende Links:<\/h3><p><a href=\"http:\/\/www.schwabach.de\/de\/zuhause-in-schwabach\/jung-in-schwabach\/kommunale-jugendarbeit\/nachrichten-und-termine\/6440-pick-fruehjahrsprogramm-2018-noch-plaetze-frei.html\" target=\"_blank\" rel=\"noopener\">Diese Aktivit\u00e4ten sind aktuell noch buchbar &#8230;<\/a><\/p><p><a dir=\"ltr\" title=\"Hier finden Sie das PICK Fr\u00fchjahrsprogramm 2018 als PDF- Datei\" href=\"http:\/\/www.schwabach.de\/images\/referate\/referat_2\/Kommunale_Jugendarbeit\/Ferienangebote\/Aktuell_Pick_2018_online-version.pdf\" target=\"_blank\" rel=\"noopener\">PICK Fr\u00fchjahrsprogramm 2018<\/a><\/p>\t\t\t\t\t\t<\/div>\n\t\t\t\t<\/div>\n\t\t\t\t\t<\/div>\n\t\t<\/div>\n\t\t\t\t<div class=\"elementor-column elementor-col-33 elementor-top-column elementor-element elementor-element-f645137\" data-id=\"f645137\" data-element_type=\"column\">\n\t\t\t<div class=\"elementor-widget-wrap elementor-element-populated\">\n\t\t\t\t\t\t<div class=\"elementor-element elementor-element-25043c1 elementor-widget elementor-widget-image\" data-id=\"25043c1\" data-element_type=\"widget\" data-widget_type=\"image.default\">\n\t\t\t\t<div class=\"elementor-widget-container\">\n\t\t\t\t\t\t\t\t\t\t\t\t\t<img fetchpriority=\"high\" decoding=\"async\" width=\"300\" height=\"300\" src=\"https:\/\/www.region-schwabach.de\/wordpress\/wp-content\/uploads\/2018\/04\/werbung1-300x300.png\" class=\"attachment-medium size-medium wp-image-35382\" alt=\"\" srcset=\"https:\/\/www.region-schwabach.de\/wordpress\/wp-content\/uploads\/2018\/04\/werbung1-300x300.png 300w, https:\/\/www.region-schwabach.de\/wordpress\/wp-content\/uploads\/2018\/04\/werbung1-150x150.png 150w, https:\/\/www.region-schwabach.de\/wordpress\/wp-content\/uploads\/2018\/04\/werbung1-768x768.png 768w, https:\/\/www.region-schwabach.de\/wordpress\/wp-content\/uploads\/2018\/04\/werbung1-1024x1024.png 1024w, https:\/\/www.region-schwabach.de\/wordpress\/wp-content\/uploads\/2018\/04\/werbung1.png 1200w\" sizes=\"(max-width: 300px) 100vw, 300px\" \/>\t\t\t\t\t\t\t\t\t\t\t\t\t<\/div>\n\t\t\t\t<\/div>\n\t\t\t\t\t<\/div>\n\t\t<\/div>\n\t\t\t\t\t<\/div>\n\t\t<\/section>\n\t\t\t\t<\/div>\n\t\t","protected":false},"excerpt":{"rendered":"<div class=\"mh-excerpt\"><p>Noch Pl\u00e4tze frei Die Pfingstferien\u00a0sind endlich da, und die\u00a0Anmeldungen f\u00fcr das PICK Fr\u00fchjahrsprogramm laufen auf Hochtouren. Ausfl\u00fcge, Kreativangebote und sportliche Aktivit\u00e4ten Wer noch auf der Suche nach tollen Ausfl\u00fcgen, Kreativangeboten oder sportlichen Aktivit\u00e4ten ist, beim <a class=\"mh-excerpt-more\" href=\"https:\/\/www.region-schwabach.de\/wordpress\/pick-fruehjahrsprogramm-es-sind-noch-plaetze-in-den-pfingstferien-frei\/\" title=\"Pick-Fr\u00fchjahrsprogramm &#8211; es sind noch Pl\u00e4tze in den Pfingstferien frei\">[&#8230;]<\/a><\/p>\n<\/div>","protected":false},"author":1,"featured_media":0,"comment_status":"open","ping_status":"open","sticky":false,"template":"","format":"standard","meta":{"_cbd_carousel_blocks":"[]","footnotes":""},"categories":[16,1,61,203],"tags":[4249,4246,4247,4250,3555,4245,4248,1480,19,4251],"class_list":{"0":"post-41272","1":"post","2":"type-post","3":"status-publish","4":"format-standard","6":"category-aktuell","7":"category-allgemein","8":"category-rathaus","9":"category-umwelt-nachrichten","10":"tag-ausfluege","11":"tag-fruehjahrsprogramm","12":"tag-kommunale-jugendarbeit","13":"tag-kreativangebote","14":"tag-pfingstferien","15":"tag-pick","16":"tag-plaetze-frei","17":"tag-rathaus","18":"tag-schwabach","19":"tag-sportliche-aktivitaeten"},"_links":{"self":[{"href":"https:\/\/www.region-schwabach.de\/wordpress\/wp-json\/wp\/v2\/posts\/41272","targetHints":{"allow":["GET"]}}],"collection":[{"href":"https:\/\/www.region-schwabach.de\/wordpress\/wp-json\/wp\/v2\/posts"}],"about":[{"href":"https:\/\/www.region-schwabach.de\/wordpress\/wp-json\/wp\/v2\/types\/post"}],"author":[{"embeddable":true,"href":"https:\/\/www.region-schwabach.de\/wordpress\/wp-json\/wp\/v2\/users\/1"}],"replies":[{"embeddable":true,"href":"https:\/\/www.region-schwabach.de\/wordpress\/wp-json\/wp\/v2\/comments?post=41272"}],"version-history":[{"count":0,"href":"https:\/\/www.region-schwabach.de\/wordpress\/wp-json\/wp\/v2\/posts\/41272\/revisions"}],"wp:attachment":[{"href":"https:\/\/www.region-schwabach.de\/wordpress\/wp-json\/wp\/v2\/media?parent=41272"}],"wp:term":[{"taxonomy":"category","embeddable":true,"href":"https:\/\/www.region-schwabach.de\/wordpress\/wp-json\/wp\/v2\/categories?post=41272"},{"taxonomy":"post_tag","embeddable":true,"href":"https:\/\/www.region-schwabach.de\/wordpress\/wp-json\/wp\/v2\/tags?post=41272"}],"curies":[{"name":"wp","href":"https:\/\/api.w.org\/{rel}","templated":true}]}}