{"id":41279,"date":"2018-05-31T15:21:26","date_gmt":"2018-05-31T13:21:26","guid":{"rendered":"http:\/\/www.region-schwabach.de\/wordpress\/?p=41279"},"modified":"2018-05-31T15:27:19","modified_gmt":"2018-05-31T13:27:19","slug":"bewerbungsaufruf-fuer-joberfolg-2018-menschen-mit-behinderung-am-arbeitsplatz","status":"publish","type":"post","link":"https:\/\/www.region-schwabach.de\/wordpress\/bewerbungsaufruf-fuer-joberfolg-2018-menschen-mit-behinderung-am-arbeitsplatz\/","title":{"rendered":"Bewerbungsaufruf f\u00fcr Joberfolg 2018 &#8211; Menschen mit Behinderung am Arbeitsplatz"},"content":{"rendered":"\t\t<div data-elementor-type=\"wp-post\" data-elementor-id=\"41279\" class=\"elementor elementor-41279 elementor-bc-flex-widget\">\n\t\t\t\t\t\t<section class=\"elementor-section elementor-top-section elementor-element elementor-element-678181b elementor-section-boxed elementor-section-height-default elementor-section-height-default\" data-id=\"678181b\" data-element_type=\"section\">\n\t\t\t\t\t\t<div class=\"elementor-container elementor-column-gap-default\">\n\t\t\t\t\t<div class=\"elementor-column elementor-col-66 elementor-top-column elementor-element elementor-element-6b34026\" data-id=\"6b34026\" data-element_type=\"column\">\n\t\t\t<div class=\"elementor-widget-wrap elementor-element-populated\">\n\t\t\t\t\t\t<div class=\"elementor-element elementor-element-443ab98 elementor-widget elementor-widget-text-editor\" data-id=\"443ab98\" data-element_type=\"widget\" data-widget_type=\"text-editor.default\">\n\t\t\t\t<div class=\"elementor-widget-container\">\n\t\t\t\t\t\t\t<h3>Bewerbungsaufruf<\/h3><p>Schwabach &#8211; Bereits seit 2005 werden werden jedes Jahr drei Unternehmen aus der freien Wirtschaft bzw. Beh\u00f6rden im \u00f6ffentlichen Dienst f\u00fcr ihr beispielhaftes und herausragendes Engagement bei der Besch\u00e4ftigung von Menschen mit und ohne Behinderung am Arbeitsplatz gew\u00fcrdigt, und auch 2018 ist es wieder soweit.<\/p><h3>Weiterf\u00fchrende Links:<\/h3><p><a href=\"http:\/\/www.schwabach.de\/de\/wirtschaft\/wirtschaftsfoerderung\/termine-und-infos\/6463-joberfolg-2018.html\" target=\"_blank\" rel=\"noopener\">Weitere Infos zum Wettbewerb &#8230;<\/a><\/p><p><a href=\"https:\/\/www.zbfs.bayern.de\/behinderung-beruf\/arbeitgeber\/joberfolg\/\" target=\"_blank\" rel=\"noopener\">Bewerbungskriterien und Bewerbungsformulare &#8230;<\/a><\/p>\t\t\t\t\t\t<\/div>\n\t\t\t\t<\/div>\n\t\t\t\t<div class=\"elementor-element elementor-element-0c834d7 elementor-widget-divider--view-line elementor-widget elementor-widget-divider\" data-id=\"0c834d7\" data-element_type=\"widget\" data-widget_type=\"divider.default\">\n\t\t\t\t<div class=\"elementor-widget-container\">\n\t\t\t\t\t<div class=\"elementor-divider\">\n\t\t\t<span class=\"elementor-divider-separator\">\n\t\t\t\t\t\t<\/span>\n\t\t<\/div>\n\t\t\t\t<\/div>\n\t\t\t\t<\/div>\n\t\t\t\t\t<\/div>\n\t\t<\/div>\n\t\t\t\t<div class=\"elementor-column elementor-col-33 elementor-top-column elementor-element elementor-element-f645137\" data-id=\"f645137\" data-element_type=\"column\">\n\t\t\t<div class=\"elementor-widget-wrap elementor-element-populated\">\n\t\t\t\t\t\t<div class=\"elementor-element elementor-element-25043c1 elementor-widget elementor-widget-image\" data-id=\"25043c1\" data-element_type=\"widget\" data-widget_type=\"image.default\">\n\t\t\t\t<div class=\"elementor-widget-container\">\n\t\t\t\t\t\t\t\t\t\t\t\t\t<img fetchpriority=\"high\" decoding=\"async\" width=\"300\" height=\"300\" src=\"https:\/\/www.region-schwabach.de\/wordpress\/wp-content\/uploads\/2018\/04\/werbung1-300x300.png\" class=\"attachment-medium size-medium wp-image-35382\" alt=\"\" srcset=\"https:\/\/www.region-schwabach.de\/wordpress\/wp-content\/uploads\/2018\/04\/werbung1-300x300.png 300w, https:\/\/www.region-schwabach.de\/wordpress\/wp-content\/uploads\/2018\/04\/werbung1-150x150.png 150w, https:\/\/www.region-schwabach.de\/wordpress\/wp-content\/uploads\/2018\/04\/werbung1-768x768.png 768w, https:\/\/www.region-schwabach.de\/wordpress\/wp-content\/uploads\/2018\/04\/werbung1-1024x1024.png 1024w, https:\/\/www.region-schwabach.de\/wordpress\/wp-content\/uploads\/2018\/04\/werbung1.png 1200w\" sizes=\"(max-width: 300px) 100vw, 300px\" \/>\t\t\t\t\t\t\t\t\t\t\t\t\t<\/div>\n\t\t\t\t<\/div>\n\t\t\t\t\t<\/div>\n\t\t<\/div>\n\t\t\t\t\t<\/div>\n\t\t<\/section>\n\t\t\t\t<\/div>\n\t\t","protected":false},"excerpt":{"rendered":"<div class=\"mh-excerpt\"><p>Bewerbungsaufruf Schwabach &#8211; Bereits seit 2005 werden werden jedes Jahr drei Unternehmen aus der freien Wirtschaft bzw. Beh\u00f6rden im \u00f6ffentlichen Dienst f\u00fcr ihr beispielhaftes und herausragendes Engagement bei der Besch\u00e4ftigung von Menschen mit und ohne <a class=\"mh-excerpt-more\" href=\"https:\/\/www.region-schwabach.de\/wordpress\/bewerbungsaufruf-fuer-joberfolg-2018-menschen-mit-behinderung-am-arbeitsplatz\/\" title=\"Bewerbungsaufruf f\u00fcr Joberfolg 2018 &#8211; Menschen mit Behinderung am Arbeitsplatz\">[&#8230;]<\/a><\/p>\n<\/div>","protected":false},"author":1,"featured_media":41280,"comment_status":"open","ping_status":"open","sticky":false,"template":"","format":"standard","meta":{"_cbd_carousel_blocks":"[]","footnotes":""},"categories":[16,1,287,61,46],"tags":[2551,4252,4255,4258,4256,4257,1480,19,4254,4253],"class_list":{"0":"post-41279","1":"post","2":"type-post","3":"status-publish","4":"format-standard","5":"has-post-thumbnail","7":"category-aktuell","8":"category-allgemein","9":"category-jugend-und-familie","10":"category-rathaus","11":"category-verbaende","12":"tag-2551","13":"tag-30-06-2018","14":"tag-bewerbungsaufruf","15":"tag-einsendeschluss-30-juni-2018","16":"tag-joberfolg-2018","17":"tag-menschen-mit-behinderung-am-arbeitsplatz","18":"tag-rathaus","19":"tag-schwabach","20":"tag-skulptur","21":"tag-urkunde"},"_links":{"self":[{"href":"https:\/\/www.region-schwabach.de\/wordpress\/wp-json\/wp\/v2\/posts\/41279","targetHints":{"allow":["GET"]}}],"collection":[{"href":"https:\/\/www.region-schwabach.de\/wordpress\/wp-json\/wp\/v2\/posts"}],"about":[{"href":"https:\/\/www.region-schwabach.de\/wordpress\/wp-json\/wp\/v2\/types\/post"}],"author":[{"embeddable":true,"href":"https:\/\/www.region-schwabach.de\/wordpress\/wp-json\/wp\/v2\/users\/1"}],"replies":[{"embeddable":true,"href":"https:\/\/www.region-schwabach.de\/wordpress\/wp-json\/wp\/v2\/comments?post=41279"}],"version-history":[{"count":0,"href":"https:\/\/www.region-schwabach.de\/wordpress\/wp-json\/wp\/v2\/posts\/41279\/revisions"}],"wp:featuredmedia":[{"embeddable":true,"href":"https:\/\/www.region-schwabach.de\/wordpress\/wp-json\/wp\/v2\/media\/41280"}],"wp:attachment":[{"href":"https:\/\/www.region-schwabach.de\/wordpress\/wp-json\/wp\/v2\/media?parent=41279"}],"wp:term":[{"taxonomy":"category","embeddable":true,"href":"https:\/\/www.region-schwabach.de\/wordpress\/wp-json\/wp\/v2\/categories?post=41279"},{"taxonomy":"post_tag","embeddable":true,"href":"https:\/\/www.region-schwabach.de\/wordpress\/wp-json\/wp\/v2\/tags?post=41279"}],"curies":[{"name":"wp","href":"https:\/\/api.w.org\/{rel}","templated":true}]}}