{"id":41287,"date":"2018-06-01T00:05:40","date_gmt":"2018-05-31T22:05:40","guid":{"rendered":"http:\/\/www.region-schwabach.de\/wordpress\/?p=41287"},"modified":"2018-05-31T19:19:46","modified_gmt":"2018-05-31T17:19:46","slug":"mitreden-jugendkonferenz-im-eichwasen","status":"publish","type":"post","link":"https:\/\/www.region-schwabach.de\/wordpress\/mitreden-jugendkonferenz-im-eichwasen\/","title":{"rendered":"Mitreden! &#8211; Jugendkonferenz im Eichwasen am 13. Juni 2018"},"content":{"rendered":"\t\t<div data-elementor-type=\"wp-post\" data-elementor-id=\"41287\" class=\"elementor elementor-41287 elementor-bc-flex-widget\">\n\t\t\t\t\t\t<section class=\"elementor-section elementor-top-section elementor-element elementor-element-678181b elementor-section-boxed elementor-section-height-default elementor-section-height-default\" data-id=\"678181b\" data-element_type=\"section\">\n\t\t\t\t\t\t<div class=\"elementor-container elementor-column-gap-default\">\n\t\t\t\t\t<div class=\"elementor-column elementor-col-66 elementor-top-column elementor-element elementor-element-6b34026\" data-id=\"6b34026\" data-element_type=\"column\">\n\t\t\t<div class=\"elementor-widget-wrap elementor-element-populated\">\n\t\t\t\t\t\t<div class=\"elementor-element elementor-element-443ab98 elementor-widget elementor-widget-text-editor\" data-id=\"443ab98\" data-element_type=\"widget\" data-widget_type=\"text-editor.default\">\n\t\t\t\t<div class=\"elementor-widget-container\">\n\t\t\t\t\t\t\t<h3>Mitreden!<\/h3><p>Schwabach &#8211; Am Mittwoch, den 13. Juni 2018, findet &#8211; bei einem gem\u00fctlichen Pizzaabend im Jugendbistro Babberlabab &#8211; im Rahmen des St\u00e4dtischen Partizipationskonzeptes \u201eMit!\u201c von 17.30 Uhr bis 19.30 Uhr die Jugendkonferenz im Eichwasen statt, zu der alle 12 bis 18 J\u00e4hrigen aus dem Stadtteil Eichwasen herzlich eingeladen sind.<\/p><h3>Austausch, Ideen, Anregungen<\/h3><p>Jens R\u00fchl und Nina Eckert-Friesen vom Jugendbistro Babberlabab, Stadtrat Peter Rei\u00df, sowie Stadtjugendpflegerin Susanna Regelsberger-Sacco laden die Jugendlichen zum Austausch \u00fcber ihren Stadtteil, ihre Ideen und Anregungen ein, und stehen gerne Rede und Antwort, und informieren auch \u00fcber die M\u00f6glichkeiten der Beteiligung in Schwabach:<\/p><ul style=\"list-style-type: disc;\"><li>vom Demokratief\u00fchrerschein<\/li><li>bis zur Finanzierung von Mikroprojekten.<\/li><\/ul><p>Die Jugendlichen erhalten mit der Einladung auch einen Link, der als Zugang zu einer extra f\u00fcr die Veranstaltung eingerichteten Plattform dient, um sich auch online an der Konferenz beteiligen zu k\u00f6nnen.<\/p>\t\t\t\t\t\t<\/div>\n\t\t\t\t<\/div>\n\t\t\t\t<div class=\"elementor-element elementor-element-0c834d7 elementor-widget-divider--view-line elementor-widget elementor-widget-divider\" data-id=\"0c834d7\" data-element_type=\"widget\" data-widget_type=\"divider.default\">\n\t\t\t\t<div class=\"elementor-widget-container\">\n\t\t\t\t\t<div class=\"elementor-divider\">\n\t\t\t<span class=\"elementor-divider-separator\">\n\t\t\t\t\t\t<\/span>\n\t\t<\/div>\n\t\t\t\t<\/div>\n\t\t\t\t<\/div>\n\t\t\t\t<div class=\"elementor-element elementor-element-d08c758 elementor-widget elementor-widget-google_maps\" data-id=\"d08c758\" data-element_type=\"widget\" data-widget_type=\"google_maps.default\">\n\t\t\t\t<div class=\"elementor-widget-container\">\n\t\t\t\t\t<div class=\"elementor-custom-embed\">\n\t\t\t<iframe loading=\"lazy\"\n\t\t\t\t\tsrc=\"https:\/\/maps.google.com\/maps?q=Wilhelm-D%C3%BCmmler-Stra%C3%9Fe%20116c%2C%20Schwabach%2C%20Deutschland&#038;t=m&#038;z=16&#038;output=embed&#038;iwloc=near\"\n\t\t\t\t\ttitle=\"Wilhelm-D\u00fcmmler-Stra\u00dfe 116c, Schwabach, Deutschland\"\n\t\t\t\t\taria-label=\"Wilhelm-D\u00fcmmler-Stra\u00dfe 116c, Schwabach, Deutschland\"\n\t\t\t><\/iframe>\n\t\t<\/div>\n\t\t\t\t<\/div>\n\t\t\t\t<\/div>\n\t\t\t\t\t<\/div>\n\t\t<\/div>\n\t\t\t\t<div class=\"elementor-column elementor-col-33 elementor-top-column elementor-element elementor-element-f645137\" data-id=\"f645137\" data-element_type=\"column\">\n\t\t\t<div class=\"elementor-widget-wrap elementor-element-populated\">\n\t\t\t\t\t\t<div class=\"elementor-element elementor-element-25043c1 elementor-widget elementor-widget-image\" data-id=\"25043c1\" data-element_type=\"widget\" data-widget_type=\"image.default\">\n\t\t\t\t<div class=\"elementor-widget-container\">\n\t\t\t\t\t\t\t\t\t\t\t\t\t<img fetchpriority=\"high\" decoding=\"async\" width=\"300\" height=\"300\" src=\"https:\/\/www.region-schwabach.de\/wordpress\/wp-content\/uploads\/2018\/04\/werbung1-300x300.png\" class=\"attachment-medium size-medium wp-image-35382\" alt=\"\" srcset=\"https:\/\/www.region-schwabach.de\/wordpress\/wp-content\/uploads\/2018\/04\/werbung1-300x300.png 300w, https:\/\/www.region-schwabach.de\/wordpress\/wp-content\/uploads\/2018\/04\/werbung1-150x150.png 150w, https:\/\/www.region-schwabach.de\/wordpress\/wp-content\/uploads\/2018\/04\/werbung1-768x768.png 768w, https:\/\/www.region-schwabach.de\/wordpress\/wp-content\/uploads\/2018\/04\/werbung1-1024x1024.png 1024w, https:\/\/www.region-schwabach.de\/wordpress\/wp-content\/uploads\/2018\/04\/werbung1.png 1200w\" sizes=\"(max-width: 300px) 100vw, 300px\" \/>\t\t\t\t\t\t\t\t\t\t\t\t\t<\/div>\n\t\t\t\t<\/div>\n\t\t\t\t\t<\/div>\n\t\t<\/div>\n\t\t\t\t\t<\/div>\n\t\t<\/section>\n\t\t\t\t<\/div>\n\t\t","protected":false},"excerpt":{"rendered":"<div class=\"mh-excerpt\"><p>Mitreden! Schwabach &#8211; Am Mittwoch, den 13. Juni 2018, findet &#8211; bei einem gem\u00fctlichen Pizzaabend im Jugendbistro Babberlabab &#8211; im Rahmen des St\u00e4dtischen Partizipationskonzeptes \u201eMit!\u201c von 17.30 Uhr bis 19.30 Uhr die Jugendkonferenz im Eichwasen <a class=\"mh-excerpt-more\" href=\"https:\/\/www.region-schwabach.de\/wordpress\/mitreden-jugendkonferenz-im-eichwasen\/\" title=\"Mitreden! &#8211; Jugendkonferenz im Eichwasen am 13. Juni 2018\">[&#8230;]<\/a><\/p>\n<\/div>","protected":false},"author":1,"featured_media":41289,"comment_status":"open","ping_status":"open","sticky":false,"template":"","format":"standard","meta":{"_cbd_carousel_blocks":"[]","footnotes":""},"categories":[16,1,287,61,46],"tags":[4141,4267,2377,4266,4265,488,4269,4034,4270,1480,19,4268],"class_list":{"0":"post-41287","1":"post","2":"type-post","3":"status-publish","4":"format-standard","5":"has-post-thumbnail","7":"category-aktuell","8":"category-allgemein","9":"category-jugend-und-familie","10":"category-rathaus","11":"category-verbaende","12":"tag-13-06-2018","13":"tag-babberlabab","14":"tag-eichwasen","15":"tag-jugendbistro","16":"tag-jugendkonferenz","17":"tag-jugendliche","18":"tag-mitreden","19":"tag-online","20":"tag-plattform","21":"tag-rathaus","22":"tag-schwabach","23":"tag-wilhelm-duemmler-strasse"},"_links":{"self":[{"href":"https:\/\/www.region-schwabach.de\/wordpress\/wp-json\/wp\/v2\/posts\/41287","targetHints":{"allow":["GET"]}}],"collection":[{"href":"https:\/\/www.region-schwabach.de\/wordpress\/wp-json\/wp\/v2\/posts"}],"about":[{"href":"https:\/\/www.region-schwabach.de\/wordpress\/wp-json\/wp\/v2\/types\/post"}],"author":[{"embeddable":true,"href":"https:\/\/www.region-schwabach.de\/wordpress\/wp-json\/wp\/v2\/users\/1"}],"replies":[{"embeddable":true,"href":"https:\/\/www.region-schwabach.de\/wordpress\/wp-json\/wp\/v2\/comments?post=41287"}],"version-history":[{"count":0,"href":"https:\/\/www.region-schwabach.de\/wordpress\/wp-json\/wp\/v2\/posts\/41287\/revisions"}],"wp:featuredmedia":[{"embeddable":true,"href":"https:\/\/www.region-schwabach.de\/wordpress\/wp-json\/wp\/v2\/media\/41289"}],"wp:attachment":[{"href":"https:\/\/www.region-schwabach.de\/wordpress\/wp-json\/wp\/v2\/media?parent=41287"}],"wp:term":[{"taxonomy":"category","embeddable":true,"href":"https:\/\/www.region-schwabach.de\/wordpress\/wp-json\/wp\/v2\/categories?post=41287"},{"taxonomy":"post_tag","embeddable":true,"href":"https:\/\/www.region-schwabach.de\/wordpress\/wp-json\/wp\/v2\/tags?post=41287"}],"curies":[{"name":"wp","href":"https:\/\/api.w.org\/{rel}","templated":true}]}}