{"id":41376,"date":"2018-06-02T16:17:14","date_gmt":"2018-06-02T14:17:14","guid":{"rendered":"http:\/\/www.region-schwabach.de\/wordpress\/?p=41376"},"modified":"2018-06-02T21:33:59","modified_gmt":"2018-06-02T19:33:59","slug":"toedlicher-verkehrsunfall-auf-der-b466-bei-kammerstein","status":"publish","type":"post","link":"https:\/\/www.region-schwabach.de\/wordpress\/toedlicher-verkehrsunfall-auf-der-b466-bei-kammerstein\/","title":{"rendered":"T\u00f6dlicher Verkehrsunfall auf der B466 bei Kammerstein"},"content":{"rendered":"\t\t<div data-elementor-type=\"wp-post\" data-elementor-id=\"41376\" class=\"elementor elementor-41376 elementor-bc-flex-widget\">\n\t\t\t\t\t\t<section class=\"elementor-section elementor-top-section elementor-element elementor-element-1cuv9jr elementor-section-boxed elementor-section-height-default elementor-section-height-default\" data-id=\"1cuv9jr\" data-element_type=\"section\">\n\t\t\t\t\t\t<div class=\"elementor-container elementor-column-gap-default\">\n\t\t\t\t\t<div class=\"elementor-column elementor-col-66 elementor-top-column elementor-element elementor-element-q5zak7b\" data-id=\"q5zak7b\" data-element_type=\"column\">\n\t\t\t<div class=\"elementor-widget-wrap elementor-element-populated\">\n\t\t\t\t\t\t<div class=\"elementor-element elementor-element-86qws23 elementor-widget elementor-widget-text-editor\" data-id=\"86qws23\" data-element_type=\"widget\" data-widget_type=\"text-editor.default\">\n\t\t\t\t<div class=\"elementor-widget-container\">\n\t\t\t\t\t\t\t<h3 class=\"story-headline\">Schwerer Verkehrsunfall auf B466 &#8211; Fahrer t\u00f6dlich verletzt<\/h3><p>Schwabach &#8211;\u00a0Am Samstagvormittag, den 02.06.2018, ereignete sich ein folgenschwerer Verkehrsunfall auf der B466 bei Kammerstein (Lkrs. Roth). Der Fahrer eines Pkw erlitt t\u00f6dliche Verletzungen.<\/p><h3>Mit LKW zusammengesto\u00dfen<\/h3><p>Der 78-j\u00e4hrige Fahrer eines Opel Mokka war gegen 10:30 Uhr auf der B466 von Barthelmesaurach in Richtung Gunzenhausen unterwegs. Kurz nach dem Ortsausgang des Kammersteiner Ortsteiles kam er aus bislang ungekl\u00e4rter Ursache nach links von der Fahrbahn ab und prallte mit einem entgegenkommenden Lkw zusammen. Durch die Wucht des Aufpralls wurde der 78-j\u00e4hrige Mann in seinem Auto eingeklemmt. Er erlag noch an der Unfallstelle seinen schweren Verletzungen.<\/p><h3>LKW-Fahrer leicht verletzt ins Krankenhaus gebracht<\/h3><p>Der Fahrer des entgegenkommenden Lkw (53 Jahre) erlitt leichte Verletzungen. Ein Krankenwagen brachte ihn in ein umliegendes Klinikum.<\/p><p>Beamte der Polizeiinspektion Schwabach \u00fcbernahmen die polizeiliche Unfallaufnahme. Zur Kl\u00e4rung der Unfallursache war &#8211; auf Anordnung der Staatsanwaltschaft N\u00fcrnberg-F\u00fcrth &#8211; ein Sachverst\u00e4ndiger in die Ermittlungen vor Ort eingebunden.<\/p><h3>LKW verliert Kraftstoff<\/h3><p>Der Lkw hatte Kraftstoff geladen, wovon sich ca. 200 &#8211; 300 Liter auf der Fahrbahn verteilten. \u00d6rtliche Feuerwehren sowie die Stra\u00dfenmeisterei waren im Einsatz, um die Fahrbahn zu reinigen und die Unfallfahrzeuge zu bergen. Die B466 ist (Stand 16:00 Uhr) bis etwa 17:00 Uhr komplett gesperrt.<\/p><p><strong>Alexandra Federl<\/strong><\/p><p>Original-Content von: Polizeipr\u00e4sidium Mittelfranken<\/p>\t\t\t\t\t\t<\/div>\n\t\t\t\t<\/div>\n\t\t\t\t<div class=\"elementor-element elementor-element-1l7zbzo elementor-widget elementor-widget-google_maps\" data-id=\"1l7zbzo\" data-element_type=\"widget\" data-widget_type=\"google_maps.default\">\n\t\t\t\t<div class=\"elementor-widget-container\">\n\t\t\t\t\t<div class=\"elementor-custom-embed\">\n\t\t\t<iframe loading=\"lazy\"\n\t\t\t\t\tsrc=\"https:\/\/maps.google.com\/maps?q=Bartelmessaurach%2C%20Kammerstein%2C%20Deutschland&#038;t=m&#038;z=14&#038;output=embed&#038;iwloc=near\"\n\t\t\t\t\ttitle=\"Bartelmessaurach, Kammerstein, Deutschland\"\n\t\t\t\t\taria-label=\"Bartelmessaurach, Kammerstein, Deutschland\"\n\t\t\t><\/iframe>\n\t\t<\/div>\n\t\t\t\t<\/div>\n\t\t\t\t<\/div>\n\t\t\t\t\t<\/div>\n\t\t<\/div>\n\t\t\t\t<div class=\"elementor-column elementor-col-33 elementor-top-column elementor-element elementor-element-0w0urt1\" data-id=\"0w0urt1\" data-element_type=\"column\">\n\t\t\t<div class=\"elementor-widget-wrap elementor-element-populated\">\n\t\t\t\t\t\t<div class=\"elementor-element elementor-element-mo6nk5i elementor-widget elementor-widget-image\" data-id=\"mo6nk5i\" data-element_type=\"widget\" data-widget_type=\"image.default\">\n\t\t\t\t<div class=\"elementor-widget-container\">\n\t\t\t\t\t\t\t\t\t\t\t\t\t\t<a href=\"http:\/\/www.region-schwabach.de\/wordpress\/werben-auf-region-schwabach\/\" target=\"_blank\">\n\t\t\t\t\t\t\t<img fetchpriority=\"high\" decoding=\"async\" width=\"1024\" height=\"1024\" src=\"https:\/\/www.region-schwabach.de\/wordpress\/wp-content\/uploads\/2017\/06\/werbung8-1024x1024.png\" class=\"attachment-large size-large wp-image-2484\" alt=\"\" srcset=\"https:\/\/www.region-schwabach.de\/wordpress\/wp-content\/uploads\/2017\/06\/werbung8-1024x1024.png 1024w, https:\/\/www.region-schwabach.de\/wordpress\/wp-content\/uploads\/2017\/06\/werbung8-150x150.png 150w, https:\/\/www.region-schwabach.de\/wordpress\/wp-content\/uploads\/2017\/06\/werbung8-300x300.png 300w, https:\/\/www.region-schwabach.de\/wordpress\/wp-content\/uploads\/2017\/06\/werbung8-768x768.png 768w, https:\/\/www.region-schwabach.de\/wordpress\/wp-content\/uploads\/2017\/06\/werbung8-600x600.png 600w, https:\/\/www.region-schwabach.de\/wordpress\/wp-content\/uploads\/2017\/06\/werbung8.png 1200w\" sizes=\"(max-width: 1024px) 100vw, 1024px\" \/>\t\t\t\t\t\t\t\t<\/a>\n\t\t\t\t\t\t\t\t\t\t\t\t\t<\/div>\n\t\t\t\t<\/div>\n\t\t\t\t\t<\/div>\n\t\t<\/div>\n\t\t\t\t\t<\/div>\n\t\t<\/section>\n\t\t\t\t<\/div>\n\t\t","protected":false},"excerpt":{"rendered":"<div class=\"mh-excerpt\"><p>Schwerer Verkehrsunfall auf B466 &#8211; Fahrer t\u00f6dlich verletzt Schwabach &#8211;\u00a0Am Samstagvormittag, den 02.06.2018, ereignete sich ein folgenschwerer Verkehrsunfall auf der B466 bei Kammerstein (Lkrs. Roth). Der Fahrer eines Pkw erlitt t\u00f6dliche Verletzungen. Mit LKW zusammengesto\u00dfen <a class=\"mh-excerpt-more\" href=\"https:\/\/www.region-schwabach.de\/wordpress\/toedlicher-verkehrsunfall-auf-der-b466-bei-kammerstein\/\" title=\"T\u00f6dlicher Verkehrsunfall auf der B466 bei Kammerstein\">[&#8230;]<\/a><\/p>\n<\/div>","protected":false},"author":1,"featured_media":41377,"comment_status":"open","ping_status":"open","sticky":false,"template":"","format":"standard","meta":{"_cbd_carousel_blocks":"[]","footnotes":""},"categories":[16,15],"tags":[3704,703,2353,260,1856,261,463,401,713,19,212,584],"class_list":{"0":"post-41376","1":"post","2":"type-post","3":"status-publish","4":"format-standard","5":"has-post-thumbnail","7":"category-aktuell","8":"category-polizeimeldungen","9":"tag-02-06-2018","10":"tag-b466","11":"tag-barthelmesaurach","12":"tag-kammerstein","13":"tag-krankenhaus","14":"tag-lkw","15":"tag-pkw","16":"tag-sachschaden","17":"tag-schaden","18":"tag-schwabach","19":"tag-toedlicher-unfall","20":"tag-zusammenstoss"},"_links":{"self":[{"href":"https:\/\/www.region-schwabach.de\/wordpress\/wp-json\/wp\/v2\/posts\/41376","targetHints":{"allow":["GET"]}}],"collection":[{"href":"https:\/\/www.region-schwabach.de\/wordpress\/wp-json\/wp\/v2\/posts"}],"about":[{"href":"https:\/\/www.region-schwabach.de\/wordpress\/wp-json\/wp\/v2\/types\/post"}],"author":[{"embeddable":true,"href":"https:\/\/www.region-schwabach.de\/wordpress\/wp-json\/wp\/v2\/users\/1"}],"replies":[{"embeddable":true,"href":"https:\/\/www.region-schwabach.de\/wordpress\/wp-json\/wp\/v2\/comments?post=41376"}],"version-history":[{"count":0,"href":"https:\/\/www.region-schwabach.de\/wordpress\/wp-json\/wp\/v2\/posts\/41376\/revisions"}],"wp:featuredmedia":[{"embeddable":true,"href":"https:\/\/www.region-schwabach.de\/wordpress\/wp-json\/wp\/v2\/media\/41377"}],"wp:attachment":[{"href":"https:\/\/www.region-schwabach.de\/wordpress\/wp-json\/wp\/v2\/media?parent=41376"}],"wp:term":[{"taxonomy":"category","embeddable":true,"href":"https:\/\/www.region-schwabach.de\/wordpress\/wp-json\/wp\/v2\/categories?post=41376"},{"taxonomy":"post_tag","embeddable":true,"href":"https:\/\/www.region-schwabach.de\/wordpress\/wp-json\/wp\/v2\/tags?post=41376"}],"curies":[{"name":"wp","href":"https:\/\/api.w.org\/{rel}","templated":true}]}}