{"id":41993,"date":"2018-06-05T01:00:20","date_gmt":"2018-06-04T23:00:20","guid":{"rendered":"http:\/\/www.region-schwabach.de\/wordpress\/?p=41993"},"modified":"2018-06-05T00:17:55","modified_gmt":"2018-06-04T22:17:55","slug":"stadtrundgang-auf-den-spuren-anna-wolffs","status":"publish","type":"post","link":"https:\/\/www.region-schwabach.de\/wordpress\/stadtrundgang-auf-den-spuren-anna-wolffs\/","title":{"rendered":"Stadtrundgang: Auf den Spuren Anna Wolf(f)s"},"content":{"rendered":"\t\t<div data-elementor-type=\"wp-post\" data-elementor-id=\"41993\" class=\"elementor elementor-41993 elementor-bc-flex-widget\">\n\t\t\t\t\t\t<section class=\"elementor-section elementor-top-section elementor-element elementor-element-678181b elementor-section-boxed elementor-section-height-default elementor-section-height-default\" data-id=\"678181b\" data-element_type=\"section\">\n\t\t\t\t\t\t<div class=\"elementor-container elementor-column-gap-default\">\n\t\t\t\t\t<div class=\"elementor-column elementor-col-66 elementor-top-column elementor-element elementor-element-6b34026\" data-id=\"6b34026\" data-element_type=\"column\">\n\t\t\t<div class=\"elementor-widget-wrap elementor-element-populated\">\n\t\t\t\t\t\t<div class=\"elementor-element elementor-element-443ab98 elementor-widget elementor-widget-text-editor\" data-id=\"443ab98\" data-element_type=\"widget\" data-widget_type=\"text-editor.default\">\n\t\t\t\t<div class=\"elementor-widget-container\">\n\t\t\t\t\t\t\t<h3>Stadtrundgang: Auf den Spuren Anna Wolf(f)s<\/h3><h3>Erinnerungen an Schwabach im 30-j\u00e4hrigen Krieg<\/h3><p>In diesem Jahr j\u00e4hrt sich der Beginn des 30-j\u00e4hrigen Krieges zum 400. Mal.\u00a0Seinen Anfang nahm er mit dem \u201ePrager Fenstersturz\u201c 1618 und erst am 24.\u00a0Oktober 1648 fand er mit dem Westf\u00e4lischen Frieden sein Ende. Das Wissen\u00a0dar\u00fcber, wie sehr auch die Schwabacher in dieser Zeit zu leiden hatten,\u00a0verdanken wir Anna Klein, verwitwete Kohler, geborene Wolf(f).\u00a0Sie hat im Alter\u00a0von 63 Jahren r\u00fcckblickend nicht nur die Ereignisse im Schicksalsjahr 1632\u00a0beschrieben, sondern auch die Lebensverh\u00e4ltnisse \u00fcber dieses Jahr hinaus.<\/p><h3>Im Gedenken an den Todestag von Anna Wolf(f)<\/h3><p>Anl\u00e4sslich ihres Todestages am 11. Juni l\u00e4dt das Tourismusb\u00fcro am Sonntag,\u00a017. Juni, zu einem Rundgang mit der Stadtheimatpflegerin Ursula Kaiser-Biburger ein. Diese erinnert ab 14 Uhr an die Ereignisse, N\u00f6te und Schicksale\u00a0der Schwabacher in den Jahren 1632 bis 1635.<\/p><h3>W\u00fcrdigung der Schwabacher Heldin<\/h3><p>Denn nicht nur der\u00a0Wallenstein-Angriff brachte die Stadt an den wirtschaftlichen und menschlichen\u00a0Abgrund. Auch weitere schreckliche Jahre bedeuteten Pl\u00fcnderungen,\u00a0Hungersn\u00f6te und Seuchen. Eine besondere W\u00fcrdigung aber soll das Leben\u00a0von Schwabachs Heldin Anna Wolf(f) erfahren, das so viel mehr zu erz\u00e4hlen\u00a0hat als ihr couragiertes Handeln bei der Rettung der Familie des\u00a0B\u00fcrgermeisters Christoph Driller vor den angreifenden Truppen.<\/p><h3>Infos:<\/h3><p>Termin: Sonntag, 17. Juni, 14 Uhr<br \/>Treffpunkt: vor dem Rathaus<br \/>Kosten: Erwachsene 5 Euro, Jugendliche ab 12 Jahren 3 Euro<\/p><p><strong>Foto (Stadt Schwabach):<\/strong> Hier in der Kappadozia stand die M\u00fchle der Anna<br \/>Wolf(f)<\/p>\t\t\t\t\t\t<\/div>\n\t\t\t\t<\/div>\n\t\t\t\t\t<\/div>\n\t\t<\/div>\n\t\t\t\t<div class=\"elementor-column elementor-col-33 elementor-top-column elementor-element elementor-element-f645137\" data-id=\"f645137\" data-element_type=\"column\">\n\t\t\t<div class=\"elementor-widget-wrap elementor-element-populated\">\n\t\t\t\t\t\t<div class=\"elementor-element elementor-element-25043c1 elementor-widget elementor-widget-image\" data-id=\"25043c1\" data-element_type=\"widget\" data-widget_type=\"image.default\">\n\t\t\t\t<div class=\"elementor-widget-container\">\n\t\t\t\t\t\t\t\t\t\t\t\t\t<img fetchpriority=\"high\" decoding=\"async\" width=\"300\" height=\"300\" src=\"https:\/\/www.region-schwabach.de\/wordpress\/wp-content\/uploads\/2018\/04\/werbung1-300x300.png\" class=\"attachment-medium size-medium wp-image-35382\" alt=\"\" srcset=\"https:\/\/www.region-schwabach.de\/wordpress\/wp-content\/uploads\/2018\/04\/werbung1-300x300.png 300w, https:\/\/www.region-schwabach.de\/wordpress\/wp-content\/uploads\/2018\/04\/werbung1-150x150.png 150w, https:\/\/www.region-schwabach.de\/wordpress\/wp-content\/uploads\/2018\/04\/werbung1-768x768.png 768w, https:\/\/www.region-schwabach.de\/wordpress\/wp-content\/uploads\/2018\/04\/werbung1-1024x1024.png 1024w, https:\/\/www.region-schwabach.de\/wordpress\/wp-content\/uploads\/2018\/04\/werbung1.png 1200w\" sizes=\"(max-width: 300px) 100vw, 300px\" \/>\t\t\t\t\t\t\t\t\t\t\t\t\t<\/div>\n\t\t\t\t<\/div>\n\t\t\t\t\t<\/div>\n\t\t<\/div>\n\t\t\t\t\t<\/div>\n\t\t<\/section>\n\t\t\t\t<\/div>\n\t\t","protected":false},"excerpt":{"rendered":"<div class=\"mh-excerpt\"><p>Stadtrundgang: Auf den Spuren Anna Wolf(f)s Erinnerungen an Schwabach im 30-j\u00e4hrigen Krieg In diesem Jahr j\u00e4hrt sich der Beginn des 30-j\u00e4hrigen Krieges zum 400. Mal.\u00a0Seinen Anfang nahm er mit dem \u201ePrager Fenstersturz\u201c 1618 und erst <a class=\"mh-excerpt-more\" href=\"https:\/\/www.region-schwabach.de\/wordpress\/stadtrundgang-auf-den-spuren-anna-wolffs\/\" title=\"Stadtrundgang: Auf den Spuren Anna Wolf(f)s\">[&#8230;]<\/a><\/p>\n<\/div>","protected":false},"author":1,"featured_media":41994,"comment_status":"open","ping_status":"open","sticky":false,"template":"","format":"standard","meta":{"_cbd_carousel_blocks":"[]","footnotes":""},"categories":[16,1,287,61,231],"tags":[4144,4326,4327,4325,53,4329,1480,3645,19,4324,4328],"class_list":{"0":"post-41993","1":"post","2":"type-post","3":"status-publish","4":"format-standard","5":"has-post-thumbnail","7":"category-aktuell","8":"category-allgemein","9":"category-jugend-und-familie","10":"category-rathaus","11":"category-veranstaltungsnews","12":"tag-17-06-2018","13":"tag-30-jaehriger-krieg","14":"tag-anna-klein","15":"tag-auf-den-spuren-anna-wolffs","16":"tag-fuehrung","17":"tag-geborene-wolff","18":"tag-rathaus","19":"tag-rundgang","20":"tag-schwabach","21":"tag-stadtrundgang","22":"tag-verwitwete-kohler"},"_links":{"self":[{"href":"https:\/\/www.region-schwabach.de\/wordpress\/wp-json\/wp\/v2\/posts\/41993","targetHints":{"allow":["GET"]}}],"collection":[{"href":"https:\/\/www.region-schwabach.de\/wordpress\/wp-json\/wp\/v2\/posts"}],"about":[{"href":"https:\/\/www.region-schwabach.de\/wordpress\/wp-json\/wp\/v2\/types\/post"}],"author":[{"embeddable":true,"href":"https:\/\/www.region-schwabach.de\/wordpress\/wp-json\/wp\/v2\/users\/1"}],"replies":[{"embeddable":true,"href":"https:\/\/www.region-schwabach.de\/wordpress\/wp-json\/wp\/v2\/comments?post=41993"}],"version-history":[{"count":0,"href":"https:\/\/www.region-schwabach.de\/wordpress\/wp-json\/wp\/v2\/posts\/41993\/revisions"}],"wp:featuredmedia":[{"embeddable":true,"href":"https:\/\/www.region-schwabach.de\/wordpress\/wp-json\/wp\/v2\/media\/41994"}],"wp:attachment":[{"href":"https:\/\/www.region-schwabach.de\/wordpress\/wp-json\/wp\/v2\/media?parent=41993"}],"wp:term":[{"taxonomy":"category","embeddable":true,"href":"https:\/\/www.region-schwabach.de\/wordpress\/wp-json\/wp\/v2\/categories?post=41993"},{"taxonomy":"post_tag","embeddable":true,"href":"https:\/\/www.region-schwabach.de\/wordpress\/wp-json\/wp\/v2\/tags?post=41993"}],"curies":[{"name":"wp","href":"https:\/\/api.w.org\/{rel}","templated":true}]}}