{"id":42006,"date":"2018-06-13T15:50:13","date_gmt":"2018-06-13T13:50:13","guid":{"rendered":"http:\/\/www.region-schwabach.de\/wordpress\/?p=42006"},"modified":"2018-06-13T15:50:25","modified_gmt":"2018-06-13T13:50:25","slug":"jugendkonferenz-im-eichwasen-am-13-juni-2018","status":"publish","type":"post","link":"https:\/\/www.region-schwabach.de\/wordpress\/jugendkonferenz-im-eichwasen-am-13-juni-2018\/","title":{"rendered":"Jugendkonferenz im Eichwasen am 13. Juni 2018"},"content":{"rendered":"\t\t<div data-elementor-type=\"wp-post\" data-elementor-id=\"42006\" class=\"elementor elementor-42006 elementor-bc-flex-widget\">\n\t\t\t\t\t\t<section class=\"elementor-section elementor-top-section elementor-element elementor-element-678181b elementor-section-boxed elementor-section-height-default elementor-section-height-default\" data-id=\"678181b\" data-element_type=\"section\">\n\t\t\t\t\t\t<div class=\"elementor-container elementor-column-gap-default\">\n\t\t\t\t\t<div class=\"elementor-column elementor-col-66 elementor-top-column elementor-element elementor-element-6b34026\" data-id=\"6b34026\" data-element_type=\"column\">\n\t\t\t<div class=\"elementor-widget-wrap elementor-element-populated\">\n\t\t\t\t\t\t<div class=\"elementor-element elementor-element-443ab98 elementor-widget elementor-widget-text-editor\" data-id=\"443ab98\" data-element_type=\"widget\" data-widget_type=\"text-editor.default\">\n\t\t\t\t<div class=\"elementor-widget-container\">\n\t\t\t\t\t\t\t<h3>Jugendkonferenz im Eichwasen am 13. Juni 2018<\/h3><p>Schwabach &#8211; Bei einem gem\u00fctlichen Pizzaabend im Jugendbistro Babberlabab, in der Wilhelm-D\u00fcmmler-Stra\u00dfe 116 c in Schwabach, findet die n\u00e4chste Jugendkonferenz am Mittwoch, den 13.\u00a0Juni 2018, statt.<\/p><h3>F\u00fcr alle 12- bis 18-J\u00e4hrigen im Jugendbistro Babberlabab<\/h3><p>Zur Veranstaltung, die Teil des st\u00e4dtischen Partizipationskonzeptes\u00a0\u201eMit!\u201c ist, sind alle 12- bis 18-j\u00e4hrigen aus dem Stadtteil Eichwasen eingeladen.<\/p><h3>Los geht&#8217;s um 17.30 Uhr<\/h3><p>Jens R\u00fchl und Nina Eckert-Friesen vom \u201eBabberlabab\u201c, Stadtrat Peter Rei\u00df\u00a0und Stadtjugendpflegerin Susanna Regelsberger-Sacco freuen sich ab 17:30\u00a0Uhr auf den Austausch mit den Jugendlichen \u00fcber ihren Stadtteil, ihre Ideen\u00a0und Anregungen.<\/p><h3>Austausch, Ideen, Anregungen<\/h3><p>Sie beantworten Fragen und informieren \u00fcber die\u00a0M\u00f6glichkeiten der Beteiligung in Schwabach: vom Demokratief\u00fchrerschein bis\u00a0hin zur Finanzierung von\u00a0 Mikroprojekten. Die Jugendlichen des Stadtteils\u00a0haben mit der Einladung auch einen Link erhalten, mit dem sie sich auf einer\u00a0extra f\u00fcr die Veranstaltung eingerichteten Plattform auch online beteiligen\u00a0k\u00f6nnen.<\/p>\t\t\t\t\t\t<\/div>\n\t\t\t\t<\/div>\n\t\t\t\t<div class=\"elementor-element elementor-element-0c834d7 elementor-widget-divider--view-line elementor-widget elementor-widget-divider\" data-id=\"0c834d7\" data-element_type=\"widget\" data-widget_type=\"divider.default\">\n\t\t\t\t<div class=\"elementor-widget-container\">\n\t\t\t\t\t<div class=\"elementor-divider\">\n\t\t\t<span class=\"elementor-divider-separator\">\n\t\t\t\t\t\t<\/span>\n\t\t<\/div>\n\t\t\t\t<\/div>\n\t\t\t\t<\/div>\n\t\t\t\t<div class=\"elementor-element elementor-element-d08c758 elementor-widget elementor-widget-google_maps\" data-id=\"d08c758\" data-element_type=\"widget\" data-widget_type=\"google_maps.default\">\n\t\t\t\t<div class=\"elementor-widget-container\">\n\t\t\t\t\t<div class=\"elementor-custom-embed\">\n\t\t\t<iframe loading=\"lazy\"\n\t\t\t\t\tsrc=\"https:\/\/maps.google.com\/maps?q=Wilhelm-D%C3%BCmmler-Stra%C3%9Fe%20116c%2C%20Schwabach%2C%20Deutschland&#038;t=m&#038;z=16&#038;output=embed&#038;iwloc=near\"\n\t\t\t\t\ttitle=\"Wilhelm-D\u00fcmmler-Stra\u00dfe 116c, Schwabach, Deutschland\"\n\t\t\t\t\taria-label=\"Wilhelm-D\u00fcmmler-Stra\u00dfe 116c, Schwabach, Deutschland\"\n\t\t\t><\/iframe>\n\t\t<\/div>\n\t\t\t\t<\/div>\n\t\t\t\t<\/div>\n\t\t\t\t\t<\/div>\n\t\t<\/div>\n\t\t\t\t<div class=\"elementor-column elementor-col-33 elementor-top-column elementor-element elementor-element-f645137\" data-id=\"f645137\" data-element_type=\"column\">\n\t\t\t<div class=\"elementor-widget-wrap elementor-element-populated\">\n\t\t\t\t\t\t<div class=\"elementor-element elementor-element-25043c1 elementor-widget elementor-widget-image\" data-id=\"25043c1\" data-element_type=\"widget\" data-widget_type=\"image.default\">\n\t\t\t\t<div class=\"elementor-widget-container\">\n\t\t\t\t\t\t\t\t\t\t\t\t\t<img fetchpriority=\"high\" decoding=\"async\" width=\"300\" height=\"300\" src=\"https:\/\/www.region-schwabach.de\/wordpress\/wp-content\/uploads\/2018\/04\/werbung1-300x300.png\" class=\"attachment-medium size-medium wp-image-35382\" alt=\"\" srcset=\"https:\/\/www.region-schwabach.de\/wordpress\/wp-content\/uploads\/2018\/04\/werbung1-300x300.png 300w, https:\/\/www.region-schwabach.de\/wordpress\/wp-content\/uploads\/2018\/04\/werbung1-150x150.png 150w, https:\/\/www.region-schwabach.de\/wordpress\/wp-content\/uploads\/2018\/04\/werbung1-768x768.png 768w, https:\/\/www.region-schwabach.de\/wordpress\/wp-content\/uploads\/2018\/04\/werbung1-1024x1024.png 1024w, https:\/\/www.region-schwabach.de\/wordpress\/wp-content\/uploads\/2018\/04\/werbung1.png 1200w\" sizes=\"(max-width: 300px) 100vw, 300px\" \/>\t\t\t\t\t\t\t\t\t\t\t\t\t<\/div>\n\t\t\t\t<\/div>\n\t\t\t\t\t<\/div>\n\t\t<\/div>\n\t\t\t\t\t<\/div>\n\t\t<\/section>\n\t\t\t\t<section class=\"elementor-section elementor-top-section elementor-element elementor-element-549b05b elementor-section-boxed elementor-section-height-default elementor-section-height-default\" data-id=\"549b05b\" data-element_type=\"section\">\n\t\t\t\t\t\t<div class=\"elementor-container elementor-column-gap-default\">\n\t\t\t\t\t<div class=\"elementor-column elementor-col-100 elementor-top-column elementor-element elementor-element-31e0f30\" data-id=\"31e0f30\" data-element_type=\"column\">\n\t\t\t<div class=\"elementor-widget-wrap elementor-element-populated\">\n\t\t\t\t\t\t<div class=\"elementor-element elementor-element-aa55405 elementor-widget elementor-widget-image\" data-id=\"aa55405\" data-element_type=\"widget\" data-widget_type=\"image.default\">\n\t\t\t\t<div class=\"elementor-widget-container\">\n\t\t\t\t\t\t\t\t\t\t\t\t\t<img decoding=\"async\" width=\"1415\" height=\"1194\" src=\"https:\/\/www.region-schwabach.de\/wordpress\/wp-content\/uploads\/2018\/06\/PM128_Jugendkonferenz_Eichwasen.jpg\" class=\"attachment-full size-full wp-image-42007\" alt=\"\" srcset=\"https:\/\/www.region-schwabach.de\/wordpress\/wp-content\/uploads\/2018\/06\/PM128_Jugendkonferenz_Eichwasen.jpg 1415w, https:\/\/www.region-schwabach.de\/wordpress\/wp-content\/uploads\/2018\/06\/PM128_Jugendkonferenz_Eichwasen-300x253.jpg 300w, https:\/\/www.region-schwabach.de\/wordpress\/wp-content\/uploads\/2018\/06\/PM128_Jugendkonferenz_Eichwasen-768x648.jpg 768w, https:\/\/www.region-schwabach.de\/wordpress\/wp-content\/uploads\/2018\/06\/PM128_Jugendkonferenz_Eichwasen-1024x864.jpg 1024w\" sizes=\"(max-width: 1415px) 100vw, 1415px\" \/>\t\t\t\t\t\t\t\t\t\t\t\t\t<\/div>\n\t\t\t\t<\/div>\n\t\t\t\t\t<\/div>\n\t\t<\/div>\n\t\t\t\t\t<\/div>\n\t\t<\/section>\n\t\t\t\t<\/div>\n\t\t","protected":false},"excerpt":{"rendered":"<div class=\"mh-excerpt\"><p>Jugendkonferenz im Eichwasen am 13. Juni 2018 Schwabach &#8211; Bei einem gem\u00fctlichen Pizzaabend im Jugendbistro Babberlabab, in der Wilhelm-D\u00fcmmler-Stra\u00dfe 116 c in Schwabach, findet die n\u00e4chste Jugendkonferenz am Mittwoch, den 13.\u00a0Juni 2018, statt. F\u00fcr alle <a class=\"mh-excerpt-more\" href=\"https:\/\/www.region-schwabach.de\/wordpress\/jugendkonferenz-im-eichwasen-am-13-juni-2018\/\" title=\"Jugendkonferenz im Eichwasen am 13. Juni 2018\">[&#8230;]<\/a><\/p>\n<\/div>","protected":false},"author":1,"featured_media":42007,"comment_status":"open","ping_status":"open","sticky":false,"template":"","format":"standard","meta":{"_cbd_carousel_blocks":"[]","footnotes":""},"categories":[16,1,287,61,46],"tags":[4141,4267,2377,4266,4265,488,4269,4034,4270,1480,19,4268],"class_list":{"0":"post-42006","1":"post","2":"type-post","3":"status-publish","4":"format-standard","5":"has-post-thumbnail","7":"category-aktuell","8":"category-allgemein","9":"category-jugend-und-familie","10":"category-rathaus","11":"category-verbaende","12":"tag-13-06-2018","13":"tag-babberlabab","14":"tag-eichwasen","15":"tag-jugendbistro","16":"tag-jugendkonferenz","17":"tag-jugendliche","18":"tag-mitreden","19":"tag-online","20":"tag-plattform","21":"tag-rathaus","22":"tag-schwabach","23":"tag-wilhelm-duemmler-strasse"},"_links":{"self":[{"href":"https:\/\/www.region-schwabach.de\/wordpress\/wp-json\/wp\/v2\/posts\/42006","targetHints":{"allow":["GET"]}}],"collection":[{"href":"https:\/\/www.region-schwabach.de\/wordpress\/wp-json\/wp\/v2\/posts"}],"about":[{"href":"https:\/\/www.region-schwabach.de\/wordpress\/wp-json\/wp\/v2\/types\/post"}],"author":[{"embeddable":true,"href":"https:\/\/www.region-schwabach.de\/wordpress\/wp-json\/wp\/v2\/users\/1"}],"replies":[{"embeddable":true,"href":"https:\/\/www.region-schwabach.de\/wordpress\/wp-json\/wp\/v2\/comments?post=42006"}],"version-history":[{"count":0,"href":"https:\/\/www.region-schwabach.de\/wordpress\/wp-json\/wp\/v2\/posts\/42006\/revisions"}],"wp:featuredmedia":[{"embeddable":true,"href":"https:\/\/www.region-schwabach.de\/wordpress\/wp-json\/wp\/v2\/media\/42007"}],"wp:attachment":[{"href":"https:\/\/www.region-schwabach.de\/wordpress\/wp-json\/wp\/v2\/media?parent=42006"}],"wp:term":[{"taxonomy":"category","embeddable":true,"href":"https:\/\/www.region-schwabach.de\/wordpress\/wp-json\/wp\/v2\/categories?post=42006"},{"taxonomy":"post_tag","embeddable":true,"href":"https:\/\/www.region-schwabach.de\/wordpress\/wp-json\/wp\/v2\/tags?post=42006"}],"curies":[{"name":"wp","href":"https:\/\/api.w.org\/{rel}","templated":true}]}}