{"id":42058,"date":"2018-06-05T12:52:35","date_gmt":"2018-06-05T10:52:35","guid":{"rendered":"http:\/\/www.region-schwabach.de\/wordpress\/?p=42058"},"modified":"2018-06-05T13:33:47","modified_gmt":"2018-06-05T11:33:47","slug":"arbeitsreicher-start-in-die-woche-fuer-die-polizeiinspektion-roth","status":"publish","type":"post","link":"https:\/\/www.region-schwabach.de\/wordpress\/arbeitsreicher-start-in-die-woche-fuer-die-polizeiinspektion-roth\/","title":{"rendered":"Arbeitsreicher Start in die Woche f\u00fcr die Polizeiinspektion Roth"},"content":{"rendered":"\t\t<div data-elementor-type=\"wp-post\" data-elementor-id=\"42058\" class=\"elementor elementor-42058 elementor-bc-flex-widget\">\n\t\t\t\t\t\t<section class=\"elementor-section elementor-top-section elementor-element elementor-element-1cuv9jr elementor-section-boxed elementor-section-height-default elementor-section-height-default\" data-id=\"1cuv9jr\" data-element_type=\"section\">\n\t\t\t\t\t\t<div class=\"elementor-container elementor-column-gap-default\">\n\t\t\t\t\t<div class=\"elementor-column elementor-col-66 elementor-top-column elementor-element elementor-element-q5zak7b\" data-id=\"q5zak7b\" data-element_type=\"column\">\n\t\t\t<div class=\"elementor-widget-wrap elementor-element-populated\">\n\t\t\t\t\t\t<div class=\"elementor-element elementor-element-86qws23 elementor-widget elementor-widget-text-editor\" data-id=\"86qws23\" data-element_type=\"widget\" data-widget_type=\"text-editor.default\">\n\t\t\t\t<div class=\"elementor-widget-container\">\n\t\t\t\t\t\t\t<h3>\u00dcberholman\u00f6ver missgl\u00fcckt<\/h3><p>Abenberg &#8211; Am Montagnachmittag, den 04.06.2018, kam es auf der Staatsstra\u00dfe bei Abenberg zu einem Unfall, bei dem die beiden Pkw-Fahrerinnen mittelschwere Verletzungen davontrugen, und ein Gesamtsachschaden in H\u00f6he von ca. 18.000 Euro verursacht wurde.<\/p><p>Zu dem Unfall kam es, als eine 26 J\u00e4hrige aus Roth einen Lkw \u00fcberholte, und dabei eine entgegenkommende Pkw-Fahrerin \u00fcbersah, so da\u00df beide Fahrzeuge fast frontal zusammenstie\u00dfen.\u00a0<\/p><h3>Motorraum komplett ausgebrannt<\/h3><p>Roth &#8211; Am Montagnachmittag, den 04.06.2018, wurde die Rother Feuerwehr zu einem Pkw-Brand in die M\u00fcnchner Stra\u00dfe \/ Stieber Stra\u00dfe gerufen, nachdem dort ein Pkw-Fahrer abgebogen war, und aus dem Motorraum pl\u00f6tzlich Flammen schlugen.<\/p><p>Der Fahrer stellte den Pkw unverz\u00fcglich am Fahrbahnrand ab, und blieb so unverletzt, obwohl der Motorraum komplett ausbrannte. An dem Fahrzeug d\u00fcrfte ein Sachschaden in H\u00f6he von ca. 2000,- Euro entstanden sein, au\u00dferdem wurde die Fahrbahndecke durch die starke Hitzeentwicklung leicht besch\u00e4digt.<\/p><h3>\u201eLangfinger\u201c unterwegs<strong style=\"font-size: 16px;\"><u>\u00a0<\/u><\/strong><\/h3><p>Roth &#8211; Am Montagnachmittag, den 04.06.2018, wurde eine 48-j\u00e4hrige Frau in der Einkaufspassage am Willy-Supf-Platz in Roth beim Ladendiebstahl beobachtet, wie sie in einem Bekleidungsgesch\u00e4ft zwei Blusen in ihrer Handtasche verschwinden lie\u00df, und das Gesch\u00e4ft verlassen wollte, ohne die Ware im Wert von 80 Euro zu bezahlen, was eine aufmerksame Mitarbeiterin jedoch verhindern konnte.<\/p><p>Die herbeigerufenen Beamten fanden in der Tasche der Diebin auch noch ein Paar modische Damenschuhe aus einem benachbarten Schuhgesch\u00e4ft, welche die Frau ebenfalls nicht bezahlt hatte. Da die T\u00e4terin auch noch ein sog. Einhandmesser griffbereit\u00a0mitf\u00fchrte, wurde ein Strafverfahren wegen Diebstahls mit Waffen in die Wege geleitet.<\/p><h3>Dachrinne besch\u00e4digt<\/h3><p>Roth &#8211; In Eckersm\u00fchlen wurde zwischen Mittwoch, den 30.05.2018, und Freitag, den 01.06.2018, am dortigen Einkaufsmarkt von einem bisher Unbekannten eine Dachrinne angefahren und besch\u00e4digt.<\/p><p>Der Unfallverursacher entfernte sich im Anschlu\u00df unerlaubt vom Unfallort, ohne sich um den entstandenen Schaden in H\u00f6he von ca. 1.000 Euro zu k\u00fcmmern.\u00a0<\/p><h3>Garageneck touchiert<\/h3><p>Spalt &#8211; Bereits in vergangene Woche wurde in der Weingarter Stra\u00dfe in Spalt von einem bisher Unbekannten die Ecke einer Garage angefahren, und dabei der Putz und das Mauerwerk besch\u00e4digt, wodurch ein Schaden in H\u00f6he von ca. 1.500 Euro verursacht wurde.<\/p><h3>Geldbeutel aus PKW gestohlen<\/h3><p>Roth &#8211; Am Dienstagvormittag, den 05.06.2018, wurde einer 27 J\u00e4hrigen &#8211; die gerade ihre Spr\u00f6\u00dflinge in den Kindergarten brachte &#8211; in der R\u00f6ntgenstra\u00dfe in Roth der Geldbeutel aus ihrem wei\u00dfen, unversperrten Audi gestohlen.<\/p><p>Ein bisher unbekannter T\u00e4ter nutzte die kurze Abwesenheit der Gesch\u00e4digten, und entnahm aus der im Fu\u00dfraum liegenden Handtasche den Gelbeutel, in dem sich\u00a0 einige pers\u00f6nliche Papiere befanden. Der Wert der erbeuteten Sachen h\u00e4lt sich zwar in Grenzen, allerdings hat die Frau nun einige Beh\u00f6rdeng\u00e4nge zu erledigen, um neue Dokumente zu erhalten.<\/p><h3>Polizei bittet um Mithilfe<\/h3><p>Personen, die verd\u00e4chtige Beobachtungen gemacht haben, werden gebeten, diese der Polizei in Roth unter der Rufnummer 09171-9744-0 mitzuteilen.<\/p>\t\t\t\t\t\t<\/div>\n\t\t\t\t<\/div>\n\t\t\t\t<div class=\"elementor-element elementor-element-1l7zbzo elementor-widget elementor-widget-google_maps\" data-id=\"1l7zbzo\" data-element_type=\"widget\" data-widget_type=\"google_maps.default\">\n\t\t\t\t<div class=\"elementor-widget-container\">\n\t\t\t\t\t<div class=\"elementor-custom-embed\">\n\t\t\t<iframe loading=\"lazy\"\n\t\t\t\t\tsrc=\"https:\/\/maps.google.com\/maps?q=R%C3%B6ntgenstra%C3%9Fe%2C%20Roth%2C%20Deutschland&#038;t=m&#038;z=16&#038;output=embed&#038;iwloc=near\"\n\t\t\t\t\ttitle=\"R\u00f6ntgenstra\u00dfe, Roth, Deutschland\"\n\t\t\t\t\taria-label=\"R\u00f6ntgenstra\u00dfe, Roth, Deutschland\"\n\t\t\t><\/iframe>\n\t\t<\/div>\n\t\t\t\t<\/div>\n\t\t\t\t<\/div>\n\t\t\t\t\t<\/div>\n\t\t<\/div>\n\t\t\t\t<div class=\"elementor-column elementor-col-33 elementor-top-column elementor-element elementor-element-0w0urt1\" data-id=\"0w0urt1\" data-element_type=\"column\">\n\t\t\t<div class=\"elementor-widget-wrap elementor-element-populated\">\n\t\t\t\t\t\t<div class=\"elementor-element elementor-element-mo6nk5i elementor-widget elementor-widget-image\" data-id=\"mo6nk5i\" data-element_type=\"widget\" data-widget_type=\"image.default\">\n\t\t\t\t<div class=\"elementor-widget-container\">\n\t\t\t\t\t\t\t\t\t\t\t\t\t\t<a href=\"http:\/\/www.region-schwabach.de\/wordpress\/werben-auf-region-schwabach\/\" target=\"_blank\">\n\t\t\t\t\t\t\t<img fetchpriority=\"high\" decoding=\"async\" width=\"1024\" height=\"1024\" src=\"https:\/\/www.region-schwabach.de\/wordpress\/wp-content\/uploads\/2017\/06\/werbung8-1024x1024.png\" class=\"attachment-large size-large wp-image-2484\" alt=\"\" srcset=\"https:\/\/www.region-schwabach.de\/wordpress\/wp-content\/uploads\/2017\/06\/werbung8-1024x1024.png 1024w, https:\/\/www.region-schwabach.de\/wordpress\/wp-content\/uploads\/2017\/06\/werbung8-150x150.png 150w, https:\/\/www.region-schwabach.de\/wordpress\/wp-content\/uploads\/2017\/06\/werbung8-300x300.png 300w, https:\/\/www.region-schwabach.de\/wordpress\/wp-content\/uploads\/2017\/06\/werbung8-768x768.png 768w, https:\/\/www.region-schwabach.de\/wordpress\/wp-content\/uploads\/2017\/06\/werbung8-600x600.png 600w, https:\/\/www.region-schwabach.de\/wordpress\/wp-content\/uploads\/2017\/06\/werbung8.png 1200w\" sizes=\"(max-width: 1024px) 100vw, 1024px\" \/>\t\t\t\t\t\t\t\t<\/a>\n\t\t\t\t\t\t\t\t\t\t\t\t\t<\/div>\n\t\t\t\t<\/div>\n\t\t\t\t\t<\/div>\n\t\t<\/div>\n\t\t\t\t\t<\/div>\n\t\t<\/section>\n\t\t\t\t<\/div>\n\t\t","protected":false},"excerpt":{"rendered":"<div class=\"mh-excerpt\"><p>\u00dcberholman\u00f6ver missgl\u00fcckt Abenberg &#8211; Am Montagnachmittag, den 04.06.2018, kam es auf der Staatsstra\u00dfe bei Abenberg zu einem Unfall, bei dem die beiden Pkw-Fahrerinnen mittelschwere Verletzungen davontrugen, und ein Gesamtsachschaden in H\u00f6he von ca. 18.000 Euro <a class=\"mh-excerpt-more\" href=\"https:\/\/www.region-schwabach.de\/wordpress\/arbeitsreicher-start-in-die-woche-fuer-die-polizeiinspektion-roth\/\" title=\"Arbeitsreicher Start in die Woche f\u00fcr die Polizeiinspektion Roth\">[&#8230;]<\/a><\/p>\n<\/div>","protected":false},"author":1,"featured_media":42059,"comment_status":"open","ping_status":"open","sticky":false,"template":"","format":"standard","meta":{"_cbd_carousel_blocks":"[]","footnotes":""},"categories":[15],"tags":[3703,3784,3785,3701,3702,578,30,221,454,755,32,487,401,713,628,334],"class_list":{"0":"post-42058","1":"post","2":"type-post","3":"status-publish","4":"format-standard","5":"has-post-thumbnail","7":"category-polizeimeldungen","8":"tag-01-06-2018","9":"tag-04-06-2018","10":"tag-05-06-2018","11":"tag-30-05-2018","12":"tag-31-05-2018","13":"tag-abenberg","14":"tag-diebstahl","15":"tag-eckersmuehlen","16":"tag-fahrerflucht","17":"tag-fahrzeugbrand","18":"tag-roth","19":"tag-sachbeschaedigung","20":"tag-sachschaden","21":"tag-schaden","22":"tag-spalt","23":"tag-unfall"},"_links":{"self":[{"href":"https:\/\/www.region-schwabach.de\/wordpress\/wp-json\/wp\/v2\/posts\/42058","targetHints":{"allow":["GET"]}}],"collection":[{"href":"https:\/\/www.region-schwabach.de\/wordpress\/wp-json\/wp\/v2\/posts"}],"about":[{"href":"https:\/\/www.region-schwabach.de\/wordpress\/wp-json\/wp\/v2\/types\/post"}],"author":[{"embeddable":true,"href":"https:\/\/www.region-schwabach.de\/wordpress\/wp-json\/wp\/v2\/users\/1"}],"replies":[{"embeddable":true,"href":"https:\/\/www.region-schwabach.de\/wordpress\/wp-json\/wp\/v2\/comments?post=42058"}],"version-history":[{"count":0,"href":"https:\/\/www.region-schwabach.de\/wordpress\/wp-json\/wp\/v2\/posts\/42058\/revisions"}],"wp:featuredmedia":[{"embeddable":true,"href":"https:\/\/www.region-schwabach.de\/wordpress\/wp-json\/wp\/v2\/media\/42059"}],"wp:attachment":[{"href":"https:\/\/www.region-schwabach.de\/wordpress\/wp-json\/wp\/v2\/media?parent=42058"}],"wp:term":[{"taxonomy":"category","embeddable":true,"href":"https:\/\/www.region-schwabach.de\/wordpress\/wp-json\/wp\/v2\/categories?post=42058"},{"taxonomy":"post_tag","embeddable":true,"href":"https:\/\/www.region-schwabach.de\/wordpress\/wp-json\/wp\/v2\/tags?post=42058"}],"curies":[{"name":"wp","href":"https:\/\/api.w.org\/{rel}","templated":true}]}}