{"id":42063,"date":"2018-06-05T13:43:43","date_gmt":"2018-06-05T11:43:43","guid":{"rendered":"http:\/\/www.region-schwabach.de\/wordpress\/?p=42063"},"modified":"2018-06-06T00:55:06","modified_gmt":"2018-06-05T22:55:06","slug":"mann-steigt-in-garten-ein-und-naehert-sich-kleinkind-festnahme","status":"publish","type":"post","link":"https:\/\/www.region-schwabach.de\/wordpress\/mann-steigt-in-garten-ein-und-naehert-sich-kleinkind-festnahme\/","title":{"rendered":"Mann steigt in Garten ein und n\u00e4hert sich Kleinkind &#8211; Festnahme"},"content":{"rendered":"\t\t<div data-elementor-type=\"wp-post\" data-elementor-id=\"42063\" class=\"elementor elementor-42063 elementor-bc-flex-widget\">\n\t\t\t\t\t\t<section class=\"elementor-section elementor-top-section elementor-element elementor-element-1cuv9jr elementor-section-boxed elementor-section-height-default elementor-section-height-default\" data-id=\"1cuv9jr\" data-element_type=\"section\">\n\t\t\t\t\t\t<div class=\"elementor-container elementor-column-gap-default\">\n\t\t\t\t\t<div class=\"elementor-column elementor-col-66 elementor-top-column elementor-element elementor-element-q5zak7b\" data-id=\"q5zak7b\" data-element_type=\"column\">\n\t\t\t<div class=\"elementor-widget-wrap elementor-element-populated\">\n\t\t\t\t\t\t<div class=\"elementor-element elementor-element-86qws23 elementor-widget elementor-widget-text-editor\" data-id=\"86qws23\" data-element_type=\"widget\" data-widget_type=\"text-editor.default\">\n\t\t\t\t<div class=\"elementor-widget-container\">\n\t\t\t\t\t\t\t<h3 class=\"story-headline\">Verd\u00e4chtiger in Roth festgenommen<\/h3><p>Roth\u00a0&#8211; Gestern Abend (Montag, den 04.06.2018) nahmen Polizeibeamte der Polizeiinspektion Roth einen 27-j\u00e4hrigen Mann fest. Dieser war zuvor widerrechtlich in einen Garten eingestiegen und hatte sich dort in verd\u00e4chtiger Weise einem Kleinkind gen\u00e4hert.<\/p><h3>Anwohner hatten Polizei verst\u00e4ndigt<\/h3><p>Anwohner der R\u00f6ntgenstra\u00dfe hatten zun\u00e4chst die Polizei verst\u00e4ndigt, da sich ein zun\u00e4chst unbekannter Mann im Bereich der dortigen Wohnsiedlung auff\u00e4llig verhalten und in mehrere G\u00e4rten geschaut hatte. Gegen 21:00 Uhr soll der sp\u00e4tere Tatverd\u00e4chtige schlie\u00dflich in einen Garten eingestiegen sein und dort nach einem 2-j\u00e4hrigen Kleinkind gegriffen haben, das sich auf der Terrasse aufhielt. Auf Ansprache der anwesenden Eltern fl\u00fcchtete der Mann. Im Rahmen der eingeleiteten Fahndung nahm eine Streifenbesatzung der Polizeiinspektion Roth einen 27-j\u00e4hrigen Mann in der N\u00e4he des Bahnhofs fest.<\/p><h3>Drogen im Spiel<\/h3><p>Im Zuge der Festnahme stellten die Polizisten fest, dass der 27-J\u00e4hrige mehrere Gramm Marihuana mit sich f\u00fchrte. Bei einer anschlie\u00dfend durchgef\u00fchrten Durchsuchung seiner Wohnung wurden die Beamten erneut f\u00fcndig und beschlagnahmten zudem eine geringe Menge einer synthetischen Droge.<\/p><h3>N\u00e4here Hintergr\u00fcnde der Tat sind derzeit nicht bekannt<\/h3><p>Der 27-j\u00e4hrige Tatverd\u00e4chtige stand w\u00e4hrend des Vorfalls offensichtlich unter Drogeneinfluss. Ein entsprechender Schnelltest verlief positiv. Die n\u00e4heren Hintergr\u00fcnde der Tat sind derzeit nicht bekannt. Die Polizei leitete gegen den Festgenommenen ein Ermittlungsverfahren wegen unerlaubten Drogenbesitzes, Hausfriedensbruchs und des Verdachts der versuchten Entziehung Minderj\u00e4hriger ein.<\/p><p><strong>Michael Konrad\/n<\/strong><\/p><p>Original-Content von: Polizeipr\u00e4sidium Mittelfranken<small class=\"originator\"><\/small><\/p>\t\t\t\t\t\t<\/div>\n\t\t\t\t<\/div>\n\t\t\t\t<div class=\"elementor-element elementor-element-1l7zbzo elementor-widget elementor-widget-google_maps\" data-id=\"1l7zbzo\" data-element_type=\"widget\" data-widget_type=\"google_maps.default\">\n\t\t\t\t<div class=\"elementor-widget-container\">\n\t\t\t\t\t<div class=\"elementor-custom-embed\">\n\t\t\t<iframe loading=\"lazy\"\n\t\t\t\t\tsrc=\"https:\/\/maps.google.com\/maps?q=R%C3%B6ntgenstra%C3%9Fe%2C%20Roth%2C%20Deutschland&#038;t=m&#038;z=17&#038;output=embed&#038;iwloc=near\"\n\t\t\t\t\ttitle=\"R\u00f6ntgenstra\u00dfe, Roth, Deutschland\"\n\t\t\t\t\taria-label=\"R\u00f6ntgenstra\u00dfe, Roth, Deutschland\"\n\t\t\t><\/iframe>\n\t\t<\/div>\n\t\t\t\t<\/div>\n\t\t\t\t<\/div>\n\t\t\t\t\t<\/div>\n\t\t<\/div>\n\t\t\t\t<div class=\"elementor-column elementor-col-33 elementor-top-column elementor-element elementor-element-0w0urt1\" data-id=\"0w0urt1\" data-element_type=\"column\">\n\t\t\t<div class=\"elementor-widget-wrap elementor-element-populated\">\n\t\t\t\t\t\t<div class=\"elementor-element elementor-element-mo6nk5i elementor-widget elementor-widget-image\" data-id=\"mo6nk5i\" data-element_type=\"widget\" data-widget_type=\"image.default\">\n\t\t\t\t<div class=\"elementor-widget-container\">\n\t\t\t\t\t\t\t\t\t\t\t\t\t\t<a href=\"http:\/\/www.region-schwabach.de\/wordpress\/werben-auf-region-schwabach\/\" target=\"_blank\">\n\t\t\t\t\t\t\t<img fetchpriority=\"high\" decoding=\"async\" width=\"1024\" height=\"1024\" src=\"https:\/\/www.region-schwabach.de\/wordpress\/wp-content\/uploads\/2017\/06\/werbung8-1024x1024.png\" class=\"attachment-large size-large wp-image-2484\" alt=\"\" srcset=\"https:\/\/www.region-schwabach.de\/wordpress\/wp-content\/uploads\/2017\/06\/werbung8-1024x1024.png 1024w, https:\/\/www.region-schwabach.de\/wordpress\/wp-content\/uploads\/2017\/06\/werbung8-150x150.png 150w, https:\/\/www.region-schwabach.de\/wordpress\/wp-content\/uploads\/2017\/06\/werbung8-300x300.png 300w, https:\/\/www.region-schwabach.de\/wordpress\/wp-content\/uploads\/2017\/06\/werbung8-768x768.png 768w, https:\/\/www.region-schwabach.de\/wordpress\/wp-content\/uploads\/2017\/06\/werbung8-600x600.png 600w, https:\/\/www.region-schwabach.de\/wordpress\/wp-content\/uploads\/2017\/06\/werbung8.png 1200w\" sizes=\"(max-width: 1024px) 100vw, 1024px\" \/>\t\t\t\t\t\t\t\t<\/a>\n\t\t\t\t\t\t\t\t\t\t\t\t\t<\/div>\n\t\t\t\t<\/div>\n\t\t\t\t\t<\/div>\n\t\t<\/div>\n\t\t\t\t\t<\/div>\n\t\t<\/section>\n\t\t\t\t<\/div>\n\t\t","protected":false},"excerpt":{"rendered":"<div class=\"mh-excerpt\"><p>Verd\u00e4chtiger in Roth festgenommen Roth\u00a0&#8211; Gestern Abend (Montag, den 04.06.2018) nahmen Polizeibeamte der Polizeiinspektion Roth einen 27-j\u00e4hrigen Mann fest. Dieser war zuvor widerrechtlich in einen Garten eingestiegen und hatte sich dort in verd\u00e4chtiger Weise einem <a class=\"mh-excerpt-more\" href=\"https:\/\/www.region-schwabach.de\/wordpress\/mann-steigt-in-garten-ein-und-naehert-sich-kleinkind-festnahme\/\" title=\"Mann steigt in Garten ein und n\u00e4hert sich Kleinkind &#8211; Festnahme\">[&#8230;]<\/a><\/p>\n<\/div>","protected":false},"author":1,"featured_media":42064,"comment_status":"open","ping_status":"open","sticky":false,"template":"","format":"standard","meta":{"_cbd_carousel_blocks":"[]","footnotes":""},"categories":[15],"tags":[3784,1035,701,43,764,1324,1323,2128,981,4344,32,4345],"class_list":{"0":"post-42063","1":"post","2":"type-post","3":"status-publish","4":"format-standard","5":"has-post-thumbnail","7":"category-polizeimeldungen","8":"tag-04-06-2018","9":"tag-anwohner","10":"tag-drogen","11":"tag-festnahme","12":"tag-flucht","13":"tag-garten","14":"tag-grundstueck","15":"tag-kleinkind","16":"tag-polizei","17":"tag-roentgenstrasse","18":"tag-roth","19":"tag-verdaechtiges-verhalten"},"_links":{"self":[{"href":"https:\/\/www.region-schwabach.de\/wordpress\/wp-json\/wp\/v2\/posts\/42063","targetHints":{"allow":["GET"]}}],"collection":[{"href":"https:\/\/www.region-schwabach.de\/wordpress\/wp-json\/wp\/v2\/posts"}],"about":[{"href":"https:\/\/www.region-schwabach.de\/wordpress\/wp-json\/wp\/v2\/types\/post"}],"author":[{"embeddable":true,"href":"https:\/\/www.region-schwabach.de\/wordpress\/wp-json\/wp\/v2\/users\/1"}],"replies":[{"embeddable":true,"href":"https:\/\/www.region-schwabach.de\/wordpress\/wp-json\/wp\/v2\/comments?post=42063"}],"version-history":[{"count":0,"href":"https:\/\/www.region-schwabach.de\/wordpress\/wp-json\/wp\/v2\/posts\/42063\/revisions"}],"wp:featuredmedia":[{"embeddable":true,"href":"https:\/\/www.region-schwabach.de\/wordpress\/wp-json\/wp\/v2\/media\/42064"}],"wp:attachment":[{"href":"https:\/\/www.region-schwabach.de\/wordpress\/wp-json\/wp\/v2\/media?parent=42063"}],"wp:term":[{"taxonomy":"category","embeddable":true,"href":"https:\/\/www.region-schwabach.de\/wordpress\/wp-json\/wp\/v2\/categories?post=42063"},{"taxonomy":"post_tag","embeddable":true,"href":"https:\/\/www.region-schwabach.de\/wordpress\/wp-json\/wp\/v2\/tags?post=42063"}],"curies":[{"name":"wp","href":"https:\/\/api.w.org\/{rel}","templated":true}]}}