{"id":42070,"date":"2018-06-06T01:00:56","date_gmt":"2018-06-05T23:00:56","guid":{"rendered":"http:\/\/www.region-schwabach.de\/wordpress\/?p=42070"},"modified":"2018-06-05T23:03:39","modified_gmt":"2018-06-05T21:03:39","slug":"baum-des-jahres-im-erholungswald-bruenst-gepflanzt","status":"publish","type":"post","link":"https:\/\/www.region-schwabach.de\/wordpress\/baum-des-jahres-im-erholungswald-bruenst-gepflanzt\/","title":{"rendered":"Baum des Jahres im Erholungswald &#8222;Br\u00fcnst&#8220; gepflanzt"},"content":{"rendered":"\t\t<div data-elementor-type=\"wp-post\" data-elementor-id=\"42070\" class=\"elementor elementor-42070 elementor-bc-flex-widget\">\n\t\t\t\t\t\t<section class=\"elementor-section elementor-top-section elementor-element elementor-element-678181b elementor-section-boxed elementor-section-height-default elementor-section-height-default\" data-id=\"678181b\" data-element_type=\"section\">\n\t\t\t\t\t\t<div class=\"elementor-container elementor-column-gap-default\">\n\t\t\t\t\t<div class=\"elementor-column elementor-col-66 elementor-top-column elementor-element elementor-element-6b34026\" data-id=\"6b34026\" data-element_type=\"column\">\n\t\t\t<div class=\"elementor-widget-wrap elementor-element-populated\">\n\t\t\t\t\t\t<div class=\"elementor-element elementor-element-443ab98 elementor-widget elementor-widget-text-editor\" data-id=\"443ab98\" data-element_type=\"widget\" data-widget_type=\"text-editor.default\">\n\t\t\t\t<div class=\"elementor-widget-container\">\n\t\t\t\t\t\t\t<h3>Esskastanie als Baum des Jahres gepflanzt<\/h3><p>Schwabach &#8211; Letzte Woche wurde im Erholungswald &#8222;Br\u00fcnst&#8220; (der auch ein Teil des &#8222;Naturspaziergang Schwabach&#8220; ist) ein beachtliches Jubil\u00e4um begangen:<\/p><p>Zum zwangigsten Mal wurde dort nun bereits der Baum des Jahres gepflanzt &#8211; dieses Mal die <strong>Esskastanie<\/strong>.<\/p><h3>Infotafel angebracht<\/h3><p>Damit die Wanderer und Spazierg\u00e4nger in der &#8222;Br\u00fcnst&#8220; die Esskastanie auch als solche erkennen, wurde wie immer auch eine kleine Informationstafel an der Pflanzstelle angebracht.<\/p><h3>B\u00fcrgermeister, Stadtwerke, Landschaftspflegeverband, Stadtf\u00f6rsterei und Stadtg\u00e4rtnerei an aktion beteiligt<\/h3><p>An der Pflanzaktion beteiligt waren:\u00a0B\u00fcrgermeister Dr. Roland Oeser, Dr. Thomas Hiller (der technische Leiter der Stadtwerke), Andreas Barthel vom Landschaftspflegeverband, Stadtf\u00f6rster Thomas Knotz und Thomas Mulzer von der Stadtg\u00e4rtnerei.<\/p><h3>Weiterf\u00fchrende Links:<\/h3><p><a href=\"http:\/\/www.schwabach.de\/de\/stadtverwaltung\/referat-2-recht-soziales-und-umwelt\/88-umweltschutzamt\/neues-aus-dem-umweltschutzamt\/6498-baum-des-jahres-gepflanzt.html\" target=\"_blank\" rel=\"noopener\">Ausf\u00fchrlicher Bericht zur Pflanzung, und ein paar Infos zur Esskastanie &#8230;\u00a0<\/a><\/p><p><a href=\"http:\/\/www.schwabach.de\/de\/stadtverwaltung\/referat-2-recht-soziales-und-umwelt\/494-umweltschutzamt\/dienstleistungen\/naturschutz\/2024-naturspaziergang.html\" target=\"_blank\" rel=\"noopener\">Infos zum &#8222;Naturspaziergang Schwabach&#8220; &#8230;<\/a><\/p>\t\t\t\t\t\t<\/div>\n\t\t\t\t<\/div>\n\t\t\t\t<div class=\"elementor-element elementor-element-d36d24f elementor-widget elementor-widget-image\" data-id=\"d36d24f\" data-element_type=\"widget\" data-widget_type=\"image.default\">\n\t\t\t\t<div class=\"elementor-widget-container\">\n\t\t\t\t\t\t\t\t\t\t<figure class=\"wp-caption\">\n\t\t\t\t\t\t\t\t\t\t\t<a href=\"http:\/\/www.region-schwabach.de\/wordpress\/wp-content\/uploads\/2018\/06\/esskastanie.jpg\" data-elementor-open-lightbox=\"yes\" data-elementor-lightbox-title=\"esskastanie\" data-e-action-hash=\"#elementor-action%3Aaction%3Dlightbox%26settings%3DeyJpZCI6NDIwNzMsInVybCI6Imh0dHBzOlwvXC93d3cucmVnaW9uLXNjaHdhYmFjaC5kZVwvd29yZHByZXNzXC93cC1jb250ZW50XC91cGxvYWRzXC8yMDE4XC8wNlwvZXNza2FzdGFuaWUuanBnIn0%3D\">\n\t\t\t\t\t\t\t<img fetchpriority=\"high\" decoding=\"async\" width=\"1920\" height=\"1280\" src=\"https:\/\/www.region-schwabach.de\/wordpress\/wp-content\/uploads\/2018\/06\/esskastanie.jpg\" class=\"attachment-full size-full wp-image-42073\" alt=\"\" srcset=\"https:\/\/www.region-schwabach.de\/wordpress\/wp-content\/uploads\/2018\/06\/esskastanie.jpg 1920w, https:\/\/www.region-schwabach.de\/wordpress\/wp-content\/uploads\/2018\/06\/esskastanie-300x200.jpg 300w, https:\/\/www.region-schwabach.de\/wordpress\/wp-content\/uploads\/2018\/06\/esskastanie-768x512.jpg 768w, https:\/\/www.region-schwabach.de\/wordpress\/wp-content\/uploads\/2018\/06\/esskastanie-1024x683.jpg 1024w\" sizes=\"(max-width: 1920px) 100vw, 1920px\" \/>\t\t\t\t\t\t\t\t<\/a>\n\t\t\t\t\t\t\t\t\t\t\t<figcaption class=\"widget-image-caption wp-caption-text\">Esskastanie<\/figcaption>\n\t\t\t\t\t\t\t\t\t\t<\/figure>\n\t\t\t\t\t\t\t<\/div>\n\t\t\t\t<\/div>\n\t\t\t\t\t<\/div>\n\t\t<\/div>\n\t\t\t\t<div class=\"elementor-column elementor-col-33 elementor-top-column elementor-element elementor-element-f645137\" data-id=\"f645137\" data-element_type=\"column\">\n\t\t\t<div class=\"elementor-widget-wrap elementor-element-populated\">\n\t\t\t\t\t\t<div class=\"elementor-element elementor-element-25043c1 elementor-widget elementor-widget-image\" data-id=\"25043c1\" data-element_type=\"widget\" data-widget_type=\"image.default\">\n\t\t\t\t<div class=\"elementor-widget-container\">\n\t\t\t\t\t\t\t\t\t\t\t\t\t<img decoding=\"async\" width=\"300\" height=\"300\" src=\"https:\/\/www.region-schwabach.de\/wordpress\/wp-content\/uploads\/2018\/04\/werbung1-300x300.png\" class=\"attachment-medium size-medium wp-image-35382\" alt=\"\" srcset=\"https:\/\/www.region-schwabach.de\/wordpress\/wp-content\/uploads\/2018\/04\/werbung1-300x300.png 300w, https:\/\/www.region-schwabach.de\/wordpress\/wp-content\/uploads\/2018\/04\/werbung1-150x150.png 150w, https:\/\/www.region-schwabach.de\/wordpress\/wp-content\/uploads\/2018\/04\/werbung1-768x768.png 768w, https:\/\/www.region-schwabach.de\/wordpress\/wp-content\/uploads\/2018\/04\/werbung1-1024x1024.png 1024w, https:\/\/www.region-schwabach.de\/wordpress\/wp-content\/uploads\/2018\/04\/werbung1.png 1200w\" sizes=\"(max-width: 300px) 100vw, 300px\" \/>\t\t\t\t\t\t\t\t\t\t\t\t\t<\/div>\n\t\t\t\t<\/div>\n\t\t\t\t\t<\/div>\n\t\t<\/div>\n\t\t\t\t\t<\/div>\n\t\t<\/section>\n\t\t\t\t<\/div>\n\t\t","protected":false},"excerpt":{"rendered":"<div class=\"mh-excerpt\"><p>Esskastanie als Baum des Jahres gepflanzt Schwabach &#8211; Letzte Woche wurde im Erholungswald &#8222;Br\u00fcnst&#8220; (der auch ein Teil des &#8222;Naturspaziergang Schwabach&#8220; ist) ein beachtliches Jubil\u00e4um begangen: Zum zwangigsten Mal wurde dort nun bereits der Baum <a class=\"mh-excerpt-more\" href=\"https:\/\/www.region-schwabach.de\/wordpress\/baum-des-jahres-im-erholungswald-bruenst-gepflanzt\/\" title=\"Baum des Jahres im Erholungswald &#8222;Br\u00fcnst&#8220; gepflanzt\">[&#8230;]<\/a><\/p>\n<\/div>","protected":false},"author":1,"featured_media":42071,"comment_status":"open","ping_status":"open","sticky":false,"template":"","format":"standard","meta":{"_cbd_carousel_blocks":"[]","footnotes":""},"categories":[16,1,287,61,203],"tags":[4347,4351,4348,4352,4346,4350,4349,3143,38,1480,19],"class_list":{"0":"post-42070","1":"post","2":"type-post","3":"status-publish","4":"format-standard","5":"has-post-thumbnail","7":"category-aktuell","8":"category-allgemein","9":"category-jugend-und-familie","10":"category-rathaus","11":"category-umwelt-nachrichten","12":"tag-baum-des-jahres","13":"tag-baumlehrpfad","14":"tag-bruenst","15":"tag-erholungswald","16":"tag-esskastanie","17":"tag-informationstafel","18":"tag-jubilaeum","19":"tag-juni","20":"tag-mai","21":"tag-rathaus","22":"tag-schwabach"},"_links":{"self":[{"href":"https:\/\/www.region-schwabach.de\/wordpress\/wp-json\/wp\/v2\/posts\/42070","targetHints":{"allow":["GET"]}}],"collection":[{"href":"https:\/\/www.region-schwabach.de\/wordpress\/wp-json\/wp\/v2\/posts"}],"about":[{"href":"https:\/\/www.region-schwabach.de\/wordpress\/wp-json\/wp\/v2\/types\/post"}],"author":[{"embeddable":true,"href":"https:\/\/www.region-schwabach.de\/wordpress\/wp-json\/wp\/v2\/users\/1"}],"replies":[{"embeddable":true,"href":"https:\/\/www.region-schwabach.de\/wordpress\/wp-json\/wp\/v2\/comments?post=42070"}],"version-history":[{"count":0,"href":"https:\/\/www.region-schwabach.de\/wordpress\/wp-json\/wp\/v2\/posts\/42070\/revisions"}],"wp:featuredmedia":[{"embeddable":true,"href":"https:\/\/www.region-schwabach.de\/wordpress\/wp-json\/wp\/v2\/media\/42071"}],"wp:attachment":[{"href":"https:\/\/www.region-schwabach.de\/wordpress\/wp-json\/wp\/v2\/media?parent=42070"}],"wp:term":[{"taxonomy":"category","embeddable":true,"href":"https:\/\/www.region-schwabach.de\/wordpress\/wp-json\/wp\/v2\/categories?post=42070"},{"taxonomy":"post_tag","embeddable":true,"href":"https:\/\/www.region-schwabach.de\/wordpress\/wp-json\/wp\/v2\/tags?post=42070"}],"curies":[{"name":"wp","href":"https:\/\/api.w.org\/{rel}","templated":true}]}}