{"id":42075,"date":"2018-06-09T00:30:35","date_gmt":"2018-06-08T22:30:35","guid":{"rendered":"http:\/\/www.region-schwabach.de\/wordpress\/?p=42075"},"modified":"2018-06-09T00:28:51","modified_gmt":"2018-06-08T22:28:51","slug":"finanzamt-und-adbv-schwabach-laden-am-9-juni-2018-zum-tag-der-offenen-tuer-ein","status":"publish","type":"post","link":"https:\/\/www.region-schwabach.de\/wordpress\/finanzamt-und-adbv-schwabach-laden-am-9-juni-2018-zum-tag-der-offenen-tuer-ein\/","title":{"rendered":"Finanzamt und ADBV Schwabach laden am 9. Juni 2018 zum Tag der offenen T\u00fcr ein"},"content":{"rendered":"\t\t<div data-elementor-type=\"wp-post\" data-elementor-id=\"42075\" class=\"elementor elementor-42075 elementor-bc-flex-widget\">\n\t\t\t\t\t\t<section class=\"elementor-section elementor-top-section elementor-element elementor-element-678181b elementor-section-boxed elementor-section-height-default elementor-section-height-default\" data-id=\"678181b\" data-element_type=\"section\">\n\t\t\t\t\t\t<div class=\"elementor-container elementor-column-gap-default\">\n\t\t\t\t\t<div class=\"elementor-column elementor-col-66 elementor-top-column elementor-element elementor-element-6b34026\" data-id=\"6b34026\" data-element_type=\"column\">\n\t\t\t<div class=\"elementor-widget-wrap elementor-element-populated\">\n\t\t\t\t\t\t<div class=\"elementor-element elementor-element-443ab98 elementor-widget elementor-widget-text-editor\" data-id=\"443ab98\" data-element_type=\"widget\" data-widget_type=\"text-editor.default\">\n\t\t\t\t<div class=\"elementor-widget-container\">\n\t\t\t\t\t\t\t<h3>Tag der offenen T\u00fcr<\/h3><p>Schwabach &#8211; Am Samstag, den 09.06.2018, laden das Finanzamt und\u00a0das Amt f\u00fcr Digitalisierung, Breitband und Vermessung (ADBV) Schwabach (Theodor-Heuss-Stra\u00dfe 61+63) beim Tag der offenen T\u00fcr von 10.00 Uhr bis 15.00 Uhr zu einem Blick hinter die Kulissen ein.<\/p><h3>25-j\u00e4hriges Jubil\u00e4um<\/h3><p>Anlass f\u00fcr den Tag der offenen T\u00fcr ist das 25-j\u00e4hrige Jubil\u00e4um der feierlichen Einweihung der beiden Dienststellen in der Theodor-Heuss-Stra\u00dfe, wobei das Finanzamt dieses Jahr sogar ein doppeltes Jubil\u00e4um feiert.<\/p><h3>Einweihung und\u00a0Wiedererlangung der Selbstst\u00e4ndigkeit<\/h3><p>Das Finanzamt Schwabach feierte 1993 n\u00e4mlich neben der Einweihung ihres Dienstgeb\u00e4udes am 24. Mai 1993, auch noch die Wiedererlangung der Selbstst\u00e4ndigkeit zum 1. Januar 1993.<\/p><h3>Programm Finanzamt:<\/h3><ul style=\"list-style-type: disc;\"><li>Vortr\u00e4ge zum Internetportal \u201eMein ELSTER\u201c\u00a0<\/li><li>Infos\u00a0\u00fcber Ausbildung und Duales Studium in der Finanzverwaltung<\/li><li>Ausstellung mit Bildern und Daten aus der 25-j\u00e4hrigen Geschichte des Finanzamts<\/li><li>St\u00fcndliche F\u00fchrungen durch das Finanzamt<\/li><\/ul><h3>Programm ADBV:<\/h3><ul style=\"list-style-type: disc;\"><li>Einblick in die Welt der Katastervermessung und Geodaten<\/li><li>Bedienung der\u00a0neuesten Messinstrumente<\/li><li>\u201eKataster im Wandel der Zeiten\u201c (historische und aktuelle Vermessungsunterlagen)<\/li><li>Kartenviewer BayernAtlas\u00a0<\/li><li>Virtueller \u00dcberflug \u00fcber Bayern mittels Joystick<\/li><li>Infos\u00a0\u00fcber interessante Berufsperspektiven<\/li><\/ul><h3>Weiterf\u00fchrende Links:<\/h3><p><a href=\"https:\/\/www.finanzamt.bayern.de\/Schwabach\/\" target=\"_blank\" rel=\"noopener\">Homepage Finanzamt Schwabach &#8230;<\/a><\/p><p><a href=\"http:\/\/www.adbv-schwabach.de\/\" target=\"_blank\" rel=\"noopener\">Homepage ADBV Schwabach &#8230;<\/a><\/p>\t\t\t\t\t\t<\/div>\n\t\t\t\t<\/div>\n\t\t\t\t<div class=\"elementor-element elementor-element-9ca12e2 elementor-widget elementor-widget-google_maps\" data-id=\"9ca12e2\" data-element_type=\"widget\" data-widget_type=\"google_maps.default\">\n\t\t\t\t<div class=\"elementor-widget-container\">\n\t\t\t\t\t<div class=\"elementor-custom-embed\">\n\t\t\t<iframe loading=\"lazy\"\n\t\t\t\t\tsrc=\"https:\/\/maps.google.com\/maps?q=Theodor-Heuss-Stra%C3%9Fe%2063%2C%20Schwabach%2C%20Deutschland&#038;t=m&#038;z=16&#038;output=embed&#038;iwloc=near\"\n\t\t\t\t\ttitle=\"Theodor-Heuss-Stra\u00dfe 63, Schwabach, Deutschland\"\n\t\t\t\t\taria-label=\"Theodor-Heuss-Stra\u00dfe 63, Schwabach, Deutschland\"\n\t\t\t><\/iframe>\n\t\t<\/div>\n\t\t\t\t<\/div>\n\t\t\t\t<\/div>\n\t\t\t\t\t<\/div>\n\t\t<\/div>\n\t\t\t\t<div class=\"elementor-column elementor-col-33 elementor-top-column elementor-element elementor-element-f645137\" data-id=\"f645137\" data-element_type=\"column\">\n\t\t\t<div class=\"elementor-widget-wrap elementor-element-populated\">\n\t\t\t\t\t\t<div class=\"elementor-element elementor-element-25043c1 elementor-widget elementor-widget-image\" data-id=\"25043c1\" data-element_type=\"widget\" data-widget_type=\"image.default\">\n\t\t\t\t<div class=\"elementor-widget-container\">\n\t\t\t\t\t\t\t\t\t\t\t\t\t<img fetchpriority=\"high\" decoding=\"async\" width=\"300\" height=\"300\" src=\"https:\/\/www.region-schwabach.de\/wordpress\/wp-content\/uploads\/2018\/04\/werbung1-300x300.png\" class=\"attachment-medium size-medium wp-image-35382\" alt=\"\" srcset=\"https:\/\/www.region-schwabach.de\/wordpress\/wp-content\/uploads\/2018\/04\/werbung1-300x300.png 300w, https:\/\/www.region-schwabach.de\/wordpress\/wp-content\/uploads\/2018\/04\/werbung1-150x150.png 150w, https:\/\/www.region-schwabach.de\/wordpress\/wp-content\/uploads\/2018\/04\/werbung1-768x768.png 768w, https:\/\/www.region-schwabach.de\/wordpress\/wp-content\/uploads\/2018\/04\/werbung1-1024x1024.png 1024w, https:\/\/www.region-schwabach.de\/wordpress\/wp-content\/uploads\/2018\/04\/werbung1.png 1200w\" sizes=\"(max-width: 300px) 100vw, 300px\" \/>\t\t\t\t\t\t\t\t\t\t\t\t\t<\/div>\n\t\t\t\t<\/div>\n\t\t\t\t\t<\/div>\n\t\t<\/div>\n\t\t\t\t\t<\/div>\n\t\t<\/section>\n\t\t\t\t<\/div>\n\t\t","protected":false},"excerpt":{"rendered":"<div class=\"mh-excerpt\"><p>Tag der offenen T\u00fcr Schwabach &#8211; Am Samstag, den 09.06.2018, laden das Finanzamt und\u00a0das Amt f\u00fcr Digitalisierung, Breitband und Vermessung (ADBV) Schwabach (Theodor-Heuss-Stra\u00dfe 61+63) beim Tag der offenen T\u00fcr von 10.00 Uhr bis 15.00 Uhr <a class=\"mh-excerpt-more\" href=\"https:\/\/www.region-schwabach.de\/wordpress\/finanzamt-und-adbv-schwabach-laden-am-9-juni-2018-zum-tag-der-offenen-tuer-ein\/\" title=\"Finanzamt und ADBV Schwabach laden am 9. Juni 2018 zum Tag der offenen T\u00fcr ein\">[&#8230;]<\/a><\/p>\n<\/div>","protected":false},"author":1,"featured_media":42076,"comment_status":"open","ping_status":"open","sticky":false,"template":"","format":"standard","meta":{"_cbd_carousel_blocks":"[]","footnotes":""},"categories":[16,1,61,231,46],"tags":[3789,4353,4354,900,4349,19,982,2970],"class_list":{"0":"post-42075","1":"post","2":"type-post","3":"status-publish","4":"format-standard","5":"has-post-thumbnail","7":"category-aktuell","8":"category-allgemein","9":"category-rathaus","10":"category-veranstaltungsnews","11":"category-verbaende","12":"tag-09-06-2018","13":"tag-adbv","14":"tag-doppeljubilaeum","15":"tag-finanzamt","16":"tag-jubilaeum","17":"tag-schwabach","18":"tag-tag-der-offenen-tuer","19":"tag-theodor-heuss-strasse"},"_links":{"self":[{"href":"https:\/\/www.region-schwabach.de\/wordpress\/wp-json\/wp\/v2\/posts\/42075","targetHints":{"allow":["GET"]}}],"collection":[{"href":"https:\/\/www.region-schwabach.de\/wordpress\/wp-json\/wp\/v2\/posts"}],"about":[{"href":"https:\/\/www.region-schwabach.de\/wordpress\/wp-json\/wp\/v2\/types\/post"}],"author":[{"embeddable":true,"href":"https:\/\/www.region-schwabach.de\/wordpress\/wp-json\/wp\/v2\/users\/1"}],"replies":[{"embeddable":true,"href":"https:\/\/www.region-schwabach.de\/wordpress\/wp-json\/wp\/v2\/comments?post=42075"}],"version-history":[{"count":0,"href":"https:\/\/www.region-schwabach.de\/wordpress\/wp-json\/wp\/v2\/posts\/42075\/revisions"}],"wp:featuredmedia":[{"embeddable":true,"href":"https:\/\/www.region-schwabach.de\/wordpress\/wp-json\/wp\/v2\/media\/42076"}],"wp:attachment":[{"href":"https:\/\/www.region-schwabach.de\/wordpress\/wp-json\/wp\/v2\/media?parent=42075"}],"wp:term":[{"taxonomy":"category","embeddable":true,"href":"https:\/\/www.region-schwabach.de\/wordpress\/wp-json\/wp\/v2\/categories?post=42075"},{"taxonomy":"post_tag","embeddable":true,"href":"https:\/\/www.region-schwabach.de\/wordpress\/wp-json\/wp\/v2\/tags?post=42075"}],"curies":[{"name":"wp","href":"https:\/\/api.w.org\/{rel}","templated":true}]}}