{"id":42106,"date":"2018-06-06T09:51:42","date_gmt":"2018-06-06T07:51:42","guid":{"rendered":"http:\/\/www.region-schwabach.de\/wordpress\/?p=42106"},"modified":"2018-06-06T10:01:24","modified_gmt":"2018-06-06T08:01:24","slug":"verstoss-nach-dem-kraftfahrzeugsteuergesetz","status":"publish","type":"post","link":"https:\/\/www.region-schwabach.de\/wordpress\/verstoss-nach-dem-kraftfahrzeugsteuergesetz\/","title":{"rendered":"Versto\u00df nach dem Kraftfahrzeugsteuergesetz"},"content":{"rendered":"\t\t<div data-elementor-type=\"wp-post\" data-elementor-id=\"42106\" class=\"elementor elementor-42106 elementor-bc-flex-widget\">\n\t\t\t\t\t\t<section class=\"elementor-section elementor-top-section elementor-element elementor-element-1cuv9jr elementor-section-boxed elementor-section-height-default elementor-section-height-default\" data-id=\"1cuv9jr\" data-element_type=\"section\">\n\t\t\t\t\t\t<div class=\"elementor-container elementor-column-gap-default\">\n\t\t\t\t\t<div class=\"elementor-column elementor-col-66 elementor-top-column elementor-element elementor-element-q5zak7b\" data-id=\"q5zak7b\" data-element_type=\"column\">\n\t\t\t<div class=\"elementor-widget-wrap elementor-element-populated\">\n\t\t\t\t\t\t<div class=\"elementor-element elementor-element-86qws23 elementor-widget elementor-widget-text-editor\" data-id=\"86qws23\" data-element_type=\"widget\" data-widget_type=\"text-editor.default\">\n\t\t\t\t<div class=\"elementor-widget-container\">\n\t\t\t\t\t\t\t<h3>Bei Verkehrskontrolle ertappt<\/h3><p>Hilpoltstein &#8211; Am Dienstagmorgen, den 05.06.2018, kontrollierte eine Polizeistreife\u00a0\u00a0in der Christoph-Sturm-Stra\u00dfe in Hilpoltstein einen PKW mit ungarischen KFZ-Kennzeichen.<\/p><h3>Versto\u00df gegen das\u00a0Kraftfahrzeugsteuergesetz<\/h3><p>Dabei stellte sich heraus, da\u00df der 47-j\u00e4hrige Fahrer bereits seit mehreren Jahren mit ausl\u00e4ndischer Zulassung in Deutschland unterwegs ist, und deshalb gegen das Kraftfahrzeugsteuergesetz verst\u00f6\u00dft, was zur Folge hat, da\u00df nun wegen eines Steuervergehens gegen ihn ermittelt wird.<\/p>\t\t\t\t\t\t<\/div>\n\t\t\t\t<\/div>\n\t\t\t\t<div class=\"elementor-element elementor-element-1l7zbzo elementor-widget elementor-widget-google_maps\" data-id=\"1l7zbzo\" data-element_type=\"widget\" data-widget_type=\"google_maps.default\">\n\t\t\t\t<div class=\"elementor-widget-container\">\n\t\t\t\t\t<div class=\"elementor-custom-embed\">\n\t\t\t<iframe loading=\"lazy\"\n\t\t\t\t\tsrc=\"https:\/\/maps.google.com\/maps?q=Christoph-Sturm-Stra%C3%9Fe%2C%20Hilpoltstein%2C%20Deutschland&#038;t=m&#038;z=19&#038;output=embed&#038;iwloc=near\"\n\t\t\t\t\ttitle=\"Christoph-Sturm-Stra\u00dfe, Hilpoltstein, Deutschland\"\n\t\t\t\t\taria-label=\"Christoph-Sturm-Stra\u00dfe, Hilpoltstein, Deutschland\"\n\t\t\t><\/iframe>\n\t\t<\/div>\n\t\t\t\t<\/div>\n\t\t\t\t<\/div>\n\t\t\t\t\t<\/div>\n\t\t<\/div>\n\t\t\t\t<div class=\"elementor-column elementor-col-33 elementor-top-column elementor-element elementor-element-0w0urt1\" data-id=\"0w0urt1\" data-element_type=\"column\">\n\t\t\t<div class=\"elementor-widget-wrap elementor-element-populated\">\n\t\t\t\t\t\t<div class=\"elementor-element elementor-element-mo6nk5i elementor-widget elementor-widget-image\" data-id=\"mo6nk5i\" data-element_type=\"widget\" data-widget_type=\"image.default\">\n\t\t\t\t<div class=\"elementor-widget-container\">\n\t\t\t\t\t\t\t\t\t\t\t\t\t\t<a href=\"http:\/\/www.region-schwabach.de\/wordpress\/werben-auf-region-schwabach\/\" target=\"_blank\">\n\t\t\t\t\t\t\t<img fetchpriority=\"high\" decoding=\"async\" width=\"1024\" height=\"1024\" src=\"https:\/\/www.region-schwabach.de\/wordpress\/wp-content\/uploads\/2017\/06\/werbung8-1024x1024.png\" class=\"attachment-large size-large wp-image-2484\" alt=\"\" srcset=\"https:\/\/www.region-schwabach.de\/wordpress\/wp-content\/uploads\/2017\/06\/werbung8-1024x1024.png 1024w, https:\/\/www.region-schwabach.de\/wordpress\/wp-content\/uploads\/2017\/06\/werbung8-150x150.png 150w, https:\/\/www.region-schwabach.de\/wordpress\/wp-content\/uploads\/2017\/06\/werbung8-300x300.png 300w, https:\/\/www.region-schwabach.de\/wordpress\/wp-content\/uploads\/2017\/06\/werbung8-768x768.png 768w, https:\/\/www.region-schwabach.de\/wordpress\/wp-content\/uploads\/2017\/06\/werbung8-600x600.png 600w, https:\/\/www.region-schwabach.de\/wordpress\/wp-content\/uploads\/2017\/06\/werbung8.png 1200w\" sizes=\"(max-width: 1024px) 100vw, 1024px\" \/>\t\t\t\t\t\t\t\t<\/a>\n\t\t\t\t\t\t\t\t\t\t\t\t\t<\/div>\n\t\t\t\t<\/div>\n\t\t\t\t\t<\/div>\n\t\t<\/div>\n\t\t\t\t\t<\/div>\n\t\t<\/section>\n\t\t\t\t<\/div>\n\t\t","protected":false},"excerpt":{"rendered":"<div class=\"mh-excerpt\"><p>Bei Verkehrskontrolle ertappt Hilpoltstein &#8211; Am Dienstagmorgen, den 05.06.2018, kontrollierte eine Polizeistreife\u00a0\u00a0in der Christoph-Sturm-Stra\u00dfe in Hilpoltstein einen PKW mit ungarischen KFZ-Kennzeichen. Versto\u00df gegen das\u00a0Kraftfahrzeugsteuergesetz Dabei stellte sich heraus, da\u00df der 47-j\u00e4hrige Fahrer bereits seit mehreren <a class=\"mh-excerpt-more\" href=\"https:\/\/www.region-schwabach.de\/wordpress\/verstoss-nach-dem-kraftfahrzeugsteuergesetz\/\" title=\"Versto\u00df nach dem Kraftfahrzeugsteuergesetz\">[&#8230;]<\/a><\/p>\n<\/div>","protected":false},"author":1,"featured_media":42107,"comment_status":"open","ping_status":"open","sticky":false,"template":"","format":"standard","meta":{"_cbd_carousel_blocks":"[]","footnotes":""},"categories":[15],"tags":[3785,1351,297,463,4361,4362],"class_list":{"0":"post-42106","1":"post","2":"type-post","3":"status-publish","4":"format-standard","5":"has-post-thumbnail","7":"category-polizeimeldungen","8":"tag-05-06-2018","9":"tag-christoph-sturm-strasse","10":"tag-hilpoltstein","11":"tag-pkw","12":"tag-ungarisches-kennzeichen","13":"tag-verstoss-gegen-kraftfahrzeugsteuergesetz"},"_links":{"self":[{"href":"https:\/\/www.region-schwabach.de\/wordpress\/wp-json\/wp\/v2\/posts\/42106","targetHints":{"allow":["GET"]}}],"collection":[{"href":"https:\/\/www.region-schwabach.de\/wordpress\/wp-json\/wp\/v2\/posts"}],"about":[{"href":"https:\/\/www.region-schwabach.de\/wordpress\/wp-json\/wp\/v2\/types\/post"}],"author":[{"embeddable":true,"href":"https:\/\/www.region-schwabach.de\/wordpress\/wp-json\/wp\/v2\/users\/1"}],"replies":[{"embeddable":true,"href":"https:\/\/www.region-schwabach.de\/wordpress\/wp-json\/wp\/v2\/comments?post=42106"}],"version-history":[{"count":0,"href":"https:\/\/www.region-schwabach.de\/wordpress\/wp-json\/wp\/v2\/posts\/42106\/revisions"}],"wp:featuredmedia":[{"embeddable":true,"href":"https:\/\/www.region-schwabach.de\/wordpress\/wp-json\/wp\/v2\/media\/42107"}],"wp:attachment":[{"href":"https:\/\/www.region-schwabach.de\/wordpress\/wp-json\/wp\/v2\/media?parent=42106"}],"wp:term":[{"taxonomy":"category","embeddable":true,"href":"https:\/\/www.region-schwabach.de\/wordpress\/wp-json\/wp\/v2\/categories?post=42106"},{"taxonomy":"post_tag","embeddable":true,"href":"https:\/\/www.region-schwabach.de\/wordpress\/wp-json\/wp\/v2\/tags?post=42106"}],"curies":[{"name":"wp","href":"https:\/\/api.w.org\/{rel}","templated":true}]}}