{"id":42171,"date":"2018-07-13T00:01:53","date_gmt":"2018-07-12T22:01:53","guid":{"rendered":"http:\/\/www.region-schwabach.de\/wordpress\/?p=42171"},"modified":"2018-07-12T22:03:45","modified_gmt":"2018-07-12T20:03:45","slug":"fotoausstellung-ueber-les-sables-ab-freitag-den-15-juni-2018","status":"publish","type":"post","link":"https:\/\/www.region-schwabach.de\/wordpress\/fotoausstellung-ueber-les-sables-ab-freitag-den-15-juni-2018\/","title":{"rendered":"Fotoausstellung \u00fcber Les-Sables ab Freitag, den 15. Juni 2018"},"content":{"rendered":"\t\t<div data-elementor-type=\"wp-post\" data-elementor-id=\"42171\" class=\"elementor elementor-42171 elementor-bc-flex-widget\">\n\t\t\t\t\t\t<section class=\"elementor-section elementor-top-section elementor-element elementor-element-tlus4ia elementor-section-boxed elementor-section-height-default elementor-section-height-default\" data-id=\"tlus4ia\" data-element_type=\"section\">\n\t\t\t\t\t\t<div class=\"elementor-container elementor-column-gap-default\">\n\t\t\t\t\t<div class=\"elementor-column elementor-col-66 elementor-top-column elementor-element elementor-element-sphcucl\" data-id=\"sphcucl\" data-element_type=\"column\">\n\t\t\t<div class=\"elementor-widget-wrap elementor-element-populated\">\n\t\t\t\t\t\t<div class=\"elementor-element elementor-element-4f2h2af elementor-widget elementor-widget-text-editor\" data-id=\"4f2h2af\" data-element_type=\"widget\" data-widget_type=\"text-editor.default\">\n\t\t\t\t<div class=\"elementor-widget-container\">\n\t\t\t\t\t\t\t<h3>Im Foyer des Stadtkrankenhauses<br \/>Fotoausstellung \u00fcber Les-Sables ab Freitag, 15. Juni<\/h3><p>\u201eLa mer, la plage, la joie\u201c ist die Fotoausstellung der franz\u00f6sischen Fotografin\u00a0Laurence Grangien betitelt, die das Partnerschaftskomitee Schwabach-Les\u00a0Sables d\u2018Olonne, am Freitag, 15. Juni, im Foyer des Krankenhauses\u00a0Schwabach, Regelsbacher Stra\u00dfe 7, um 18 Uhr er\u00f6ffnet.\u00a0Es geht also um das\u00a0Meer, den Strand und die Freude daran.\u00a0<\/p><h3>Datum der Vernissage bewusst auf 15. Juni festgelegt<\/h3><p>Das Datum der Vernissage wurde bewusst gew\u00e4hlt, denn am 15. Juni 1975\u00a0wurde der Partnerschaftsvertrag unterzeichnet. Dieser ist die Grundlage f\u00fcr alle\u00a0bisherigen und zuk\u00fcnftigen Aktionen und freundschaftlichen Kontakte mit\u00a0Schwabachs Partnerstadt in der Vend\u00e9e. Zudem feiert Les Sables d\u2018Olonne\u00a0heuer sein 800-j\u00e4hriges Stadtjubil\u00e4um und organisiert vor Ort das gesamte\u00a0Jahr \u00fcber vielf\u00e4ltige Aktionen f\u00fcr die einheimische Bev\u00f6lkerung und die\u00a0zahlreichen Saisong\u00e4ste.<\/p><h3>Fotoschau der Reisejournalistin und\u00a0Fotografin Laurence Grangien<\/h3><p>Das Partnerschaftskomitee m\u00f6chte diese Aktivit\u00e4ten zu einem Teil nach\u00a0Schwabach tragen und zeigt nun eine Fotoschau der Reisejournalistin und\u00a0Fotografin Laurence Grangien. In Les Sables geboren, lebt sie seit vielen\u00a0Jahren in N\u00fcrnberg. Sie wird ihre Vita und die Fotografien selbst pr\u00e4sentieren.<\/p><h3>Hauptaugenmerk liegt auf dem &#8222;Meer&#8220;<\/h3><p>Thematische Klammer der Ausstellung ist das Meer, der gr\u00f6\u00dfte touristische\u00a0Trumpf der Stadt am Atlantik.\u00a0Die Ausstellung ist rund vier Wochen im Foyer des Krankenhauses zu sehen,\u00a0danach wird sie bis etwa Mitte August in das Einkaufszentrum ORO (obere\u00a0Etage) im Falbenholz umziehen.<\/p><p><strong>Foto:<\/strong> Laurence Grangien<\/p>\t\t\t\t\t\t<\/div>\n\t\t\t\t<\/div>\n\t\t\t\t<div class=\"elementor-element elementor-element-39c5f74 elementor-widget elementor-widget-google_maps\" data-id=\"39c5f74\" data-element_type=\"widget\" data-widget_type=\"google_maps.default\">\n\t\t\t\t<div class=\"elementor-widget-container\">\n\t\t\t\t\t<div class=\"elementor-custom-embed\">\n\t\t\t<iframe loading=\"lazy\"\n\t\t\t\t\tsrc=\"https:\/\/maps.google.com\/maps?q=Regelsbacher%20Stra%C3%9Fe%207%2C%20Schwabach%2C%20Deutschland&#038;t=m&#038;z=18&#038;output=embed&#038;iwloc=near\"\n\t\t\t\t\ttitle=\"Regelsbacher Stra\u00dfe 7, Schwabach, Deutschland\"\n\t\t\t\t\taria-label=\"Regelsbacher Stra\u00dfe 7, Schwabach, Deutschland\"\n\t\t\t><\/iframe>\n\t\t<\/div>\n\t\t\t\t<\/div>\n\t\t\t\t<\/div>\n\t\t\t\t\t<\/div>\n\t\t<\/div>\n\t\t\t\t<div class=\"elementor-column elementor-col-33 elementor-top-column elementor-element elementor-element-flkv3o5\" data-id=\"flkv3o5\" data-element_type=\"column\">\n\t\t\t<div class=\"elementor-widget-wrap elementor-element-populated\">\n\t\t\t\t\t\t<div class=\"elementor-element elementor-element-bpvimlk elementor-widget elementor-widget-image\" data-id=\"bpvimlk\" data-element_type=\"widget\" data-widget_type=\"image.default\">\n\t\t\t\t<div class=\"elementor-widget-container\">\n\t\t\t\t\t\t\t\t\t\t\t\t\t\t<a href=\"http:\/\/www.region-schwabach.de\/wordpress\/werben-auf-region-schwabach\/\" target=\"_blank\">\n\t\t\t\t\t\t\t<img fetchpriority=\"high\" decoding=\"async\" width=\"1024\" height=\"1024\" src=\"https:\/\/www.region-schwabach.de\/wordpress\/wp-content\/uploads\/2017\/06\/werbung8-1024x1024.png\" class=\"attachment-large size-large wp-image-2484\" alt=\"\" srcset=\"https:\/\/www.region-schwabach.de\/wordpress\/wp-content\/uploads\/2017\/06\/werbung8-1024x1024.png 1024w, https:\/\/www.region-schwabach.de\/wordpress\/wp-content\/uploads\/2017\/06\/werbung8-150x150.png 150w, https:\/\/www.region-schwabach.de\/wordpress\/wp-content\/uploads\/2017\/06\/werbung8-300x300.png 300w, https:\/\/www.region-schwabach.de\/wordpress\/wp-content\/uploads\/2017\/06\/werbung8-768x768.png 768w, https:\/\/www.region-schwabach.de\/wordpress\/wp-content\/uploads\/2017\/06\/werbung8-600x600.png 600w, https:\/\/www.region-schwabach.de\/wordpress\/wp-content\/uploads\/2017\/06\/werbung8.png 1200w\" sizes=\"(max-width: 1024px) 100vw, 1024px\" \/>\t\t\t\t\t\t\t\t<\/a>\n\t\t\t\t\t\t\t\t\t\t\t\t\t<\/div>\n\t\t\t\t<\/div>\n\t\t\t\t\t<\/div>\n\t\t<\/div>\n\t\t\t\t\t<\/div>\n\t\t<\/section>\n\t\t\t\t<section class=\"elementor-section elementor-top-section elementor-element elementor-element-f4340ef elementor-section-boxed elementor-section-height-default elementor-section-height-default\" data-id=\"f4340ef\" data-element_type=\"section\">\n\t\t\t\t\t\t<div class=\"elementor-container elementor-column-gap-default\">\n\t\t\t\t\t<div class=\"elementor-column elementor-col-50 elementor-top-column elementor-element elementor-element-8f160f9\" data-id=\"8f160f9\" data-element_type=\"column\">\n\t\t\t<div class=\"elementor-widget-wrap elementor-element-populated\">\n\t\t\t\t\t\t<div class=\"elementor-element elementor-element-37862bc elementor-widget elementor-widget-heading\" data-id=\"37862bc\" data-element_type=\"widget\" data-widget_type=\"heading.default\">\n\t\t\t\t<div class=\"elementor-widget-container\">\n\t\t\t<h3 class=\"elementor-heading-title elementor-size-default\">Bild um Vergr\u00f6\u00dfern bitte anklicken<\/h3>\t\t<\/div>\n\t\t\t\t<\/div>\n\t\t\t\t<div class=\"elementor-element elementor-element-726c7fe elementor-widget elementor-widget-image\" data-id=\"726c7fe\" data-element_type=\"widget\" data-widget_type=\"image.default\">\n\t\t\t\t<div class=\"elementor-widget-container\">\n\t\t\t\t\t\t\t\t\t\t<figure class=\"wp-caption\">\n\t\t\t\t\t\t\t\t\t\t\t<a href=\"http:\/\/www.region-schwabach.de\/wordpress\/wp-content\/uploads\/2018\/06\/PM135_Laurence-Grangien_lessables_2.jpg\" data-elementor-open-lightbox=\"yes\" data-elementor-lightbox-title=\"PM135_Laurence Grangien_lessables_2\" data-e-action-hash=\"#elementor-action%3Aaction%3Dlightbox%26settings%3DeyJpZCI6NDIxNzMsInVybCI6Imh0dHBzOlwvXC93d3cucmVnaW9uLXNjaHdhYmFjaC5kZVwvd29yZHByZXNzXC93cC1jb250ZW50XC91cGxvYWRzXC8yMDE4XC8wNlwvUE0xMzVfTGF1cmVuY2UtR3JhbmdpZW5fbGVzc2FibGVzXzIuanBnIn0%3D\">\n\t\t\t\t\t\t\t<img decoding=\"async\" width=\"579\" height=\"381\" src=\"https:\/\/www.region-schwabach.de\/wordpress\/wp-content\/uploads\/2018\/06\/PM135_Laurence-Grangien_lessables_2-579x381.jpg\" class=\"attachment-mh-magazine-content size-mh-magazine-content wp-image-42173\" alt=\"\" \/>\t\t\t\t\t\t\t\t<\/a>\n\t\t\t\t\t\t\t\t\t\t\t<figcaption class=\"widget-image-caption wp-caption-text\">Laurence Grangien - Les Sables d\u2018Olonne 1<\/figcaption>\n\t\t\t\t\t\t\t\t\t\t<\/figure>\n\t\t\t\t\t\t\t<\/div>\n\t\t\t\t<\/div>\n\t\t\t\t\t<\/div>\n\t\t<\/div>\n\t\t\t\t<div class=\"elementor-column elementor-col-50 elementor-top-column elementor-element elementor-element-0102561\" data-id=\"0102561\" data-element_type=\"column\">\n\t\t\t<div class=\"elementor-widget-wrap elementor-element-populated\">\n\t\t\t\t\t\t<div class=\"elementor-element elementor-element-5e5a994 elementor-widget elementor-widget-heading\" data-id=\"5e5a994\" data-element_type=\"widget\" data-widget_type=\"heading.default\">\n\t\t\t\t<div class=\"elementor-widget-container\">\n\t\t\t<h3 class=\"elementor-heading-title elementor-size-default\">Bild um Vergr\u00f6\u00dfern bitte anklicken<\/h3>\t\t<\/div>\n\t\t\t\t<\/div>\n\t\t\t\t<div class=\"elementor-element elementor-element-262de6d elementor-widget elementor-widget-image\" data-id=\"262de6d\" data-element_type=\"widget\" data-widget_type=\"image.default\">\n\t\t\t\t<div class=\"elementor-widget-container\">\n\t\t\t\t\t\t\t\t\t\t<figure class=\"wp-caption\">\n\t\t\t\t\t\t\t\t\t\t\t<a href=\"http:\/\/www.region-schwabach.de\/wordpress\/wp-content\/uploads\/2018\/06\/PM135_Laurence-Grangien_lessables_1.jpg\" data-elementor-open-lightbox=\"yes\" data-elementor-lightbox-title=\"PM135_Laurence Grangien_lessables_1\" data-e-action-hash=\"#elementor-action%3Aaction%3Dlightbox%26settings%3DeyJpZCI6NDIxNzUsInVybCI6Imh0dHBzOlwvXC93d3cucmVnaW9uLXNjaHdhYmFjaC5kZVwvd29yZHByZXNzXC93cC1jb250ZW50XC91cGxvYWRzXC8yMDE4XC8wNlwvUE0xMzVfTGF1cmVuY2UtR3JhbmdpZW5fbGVzc2FibGVzXzEuanBnIn0%3D\">\n\t\t\t\t\t\t\t<img decoding=\"async\" width=\"979\" height=\"645\" src=\"https:\/\/www.region-schwabach.de\/wordpress\/wp-content\/uploads\/2018\/06\/PM135_Laurence-Grangien_lessables_1.jpg\" class=\"attachment-full size-full wp-image-42175\" alt=\"\" srcset=\"https:\/\/www.region-schwabach.de\/wordpress\/wp-content\/uploads\/2018\/06\/PM135_Laurence-Grangien_lessables_1.jpg 979w, https:\/\/www.region-schwabach.de\/wordpress\/wp-content\/uploads\/2018\/06\/PM135_Laurence-Grangien_lessables_1-300x198.jpg 300w, https:\/\/www.region-schwabach.de\/wordpress\/wp-content\/uploads\/2018\/06\/PM135_Laurence-Grangien_lessables_1-768x506.jpg 768w\" sizes=\"(max-width: 979px) 100vw, 979px\" \/>\t\t\t\t\t\t\t\t<\/a>\n\t\t\t\t\t\t\t\t\t\t\t<figcaption class=\"widget-image-caption wp-caption-text\">Laurence Grangien - Les Sables d\u2018Olonne 2<\/figcaption>\n\t\t\t\t\t\t\t\t\t\t<\/figure>\n\t\t\t\t\t\t\t<\/div>\n\t\t\t\t<\/div>\n\t\t\t\t\t<\/div>\n\t\t<\/div>\n\t\t\t\t\t<\/div>\n\t\t<\/section>\n\t\t\t\t<\/div>\n\t\t","protected":false},"excerpt":{"rendered":"<div class=\"mh-excerpt\"><p>Im Foyer des Stadtkrankenhauses Fotoausstellung \u00fcber Les-Sables ab Freitag, 15. Juni \u201eLa mer, la plage, la joie\u201c ist die Fotoausstellung der franz\u00f6sischen Fotografin\u00a0Laurence Grangien betitelt, die das Partnerschaftskomitee Schwabach-Les\u00a0Sables d\u2018Olonne, am Freitag, 15. Juni, im <a class=\"mh-excerpt-more\" href=\"https:\/\/www.region-schwabach.de\/wordpress\/fotoausstellung-ueber-les-sables-ab-freitag-den-15-juni-2018\/\" title=\"Fotoausstellung \u00fcber Les-Sables ab Freitag, den 15. Juni 2018\">[&#8230;]<\/a><\/p>\n<\/div>","protected":false},"author":1,"featured_media":42173,"comment_status":"open","ping_status":"open","sticky":false,"template":"","format":"standard","meta":{"_cbd_carousel_blocks":"[]","footnotes":""},"categories":[16,287,61,286,231,140],"tags":[3155,3498,4381,4382,4380,4383,19,3497],"class_list":{"0":"post-42171","1":"post","2":"type-post","3":"status-publish","4":"format-standard","5":"has-post-thumbnail","7":"category-aktuell","8":"category-jugend-und-familie","9":"category-rathaus","10":"category-staedtepartnerschaft","11":"category-veranstaltungsnews","12":"category-vereine","13":"tag-ausstellung","14":"tag-fotoausstellung","15":"tag-foyer","16":"tag-les-sables","17":"tag-mitte-juni-bis-mitte-juli","18":"tag-partnerstadt","19":"tag-schwabach","20":"tag-stadtkrankenhaus"},"_links":{"self":[{"href":"https:\/\/www.region-schwabach.de\/wordpress\/wp-json\/wp\/v2\/posts\/42171","targetHints":{"allow":["GET"]}}],"collection":[{"href":"https:\/\/www.region-schwabach.de\/wordpress\/wp-json\/wp\/v2\/posts"}],"about":[{"href":"https:\/\/www.region-schwabach.de\/wordpress\/wp-json\/wp\/v2\/types\/post"}],"author":[{"embeddable":true,"href":"https:\/\/www.region-schwabach.de\/wordpress\/wp-json\/wp\/v2\/users\/1"}],"replies":[{"embeddable":true,"href":"https:\/\/www.region-schwabach.de\/wordpress\/wp-json\/wp\/v2\/comments?post=42171"}],"version-history":[{"count":0,"href":"https:\/\/www.region-schwabach.de\/wordpress\/wp-json\/wp\/v2\/posts\/42171\/revisions"}],"wp:featuredmedia":[{"embeddable":true,"href":"https:\/\/www.region-schwabach.de\/wordpress\/wp-json\/wp\/v2\/media\/42173"}],"wp:attachment":[{"href":"https:\/\/www.region-schwabach.de\/wordpress\/wp-json\/wp\/v2\/media?parent=42171"}],"wp:term":[{"taxonomy":"category","embeddable":true,"href":"https:\/\/www.region-schwabach.de\/wordpress\/wp-json\/wp\/v2\/categories?post=42171"},{"taxonomy":"post_tag","embeddable":true,"href":"https:\/\/www.region-schwabach.de\/wordpress\/wp-json\/wp\/v2\/tags?post=42171"}],"curies":[{"name":"wp","href":"https:\/\/api.w.org\/{rel}","templated":true}]}}