{"id":42179,"date":"2018-06-16T00:06:41","date_gmt":"2018-06-15T22:06:41","guid":{"rendered":"http:\/\/www.region-schwabach.de\/wordpress\/?p=42179"},"modified":"2018-06-16T00:30:40","modified_gmt":"2018-06-15T22:30:40","slug":"das-umweltmobil-ist-am-16-juni-2018-wieder-im-einsatz","status":"publish","type":"post","link":"https:\/\/www.region-schwabach.de\/wordpress\/das-umweltmobil-ist-am-16-juni-2018-wieder-im-einsatz\/","title":{"rendered":"Das Umweltmobil ist am 16. Juni 2018 wieder im Einsatz"},"content":{"rendered":"\t\t<div data-elementor-type=\"wp-post\" data-elementor-id=\"42179\" class=\"elementor elementor-42179 elementor-bc-flex-widget\">\n\t\t\t\t\t\t<section class=\"elementor-section elementor-top-section elementor-element elementor-element-tlus4ia elementor-section-boxed elementor-section-height-default elementor-section-height-default\" data-id=\"tlus4ia\" data-element_type=\"section\">\n\t\t\t\t\t\t<div class=\"elementor-container elementor-column-gap-default\">\n\t\t\t\t\t<div class=\"elementor-column elementor-col-66 elementor-top-column elementor-element elementor-element-sphcucl\" data-id=\"sphcucl\" data-element_type=\"column\">\n\t\t\t<div class=\"elementor-widget-wrap elementor-element-populated\">\n\t\t\t\t\t\t<div class=\"elementor-element elementor-element-4f2h2af elementor-widget elementor-widget-text-editor\" data-id=\"4f2h2af\" data-element_type=\"widget\" data-widget_type=\"text-editor.default\">\n\t\t\t\t<div class=\"elementor-widget-container\">\n\t\t\t\t\t\t\t<h3>Das Schadstoffmobil kommt<br \/>Giftige Abf\u00e4lle am 16. Juni 2018 kostenlos abgeben<\/h3><p>Giftige und umweltsch\u00e4dliche Abf\u00e4lle sammelt die Stadt wieder kostenlos am\u00a0Samstag, den 16. Juni 2018. Angeliefert werden k\u00f6nnen Sonderm\u00fcll von Schwabacher\u00a0Privathaushalten sowie vergleichbare Abf\u00e4lle aus Schwabacher Gewerbe- und\u00a0Dienstleistungsbetrieben in haushalts\u00fcblichen Kleinmengen.<\/p><h3>Die Standorte<\/h3><p>Das Umweltmobil\u00a0steht an folgenden Standorten:<\/p><ul style=\"list-style-type: disc;\"><li>10.00 Uhr bis 11.30 Uhr\u00a0 &#8211; Flurstra\u00dfe\/Ecke M\u00fchlenstra\u00dfe<\/li><li>12.30 Uhr bis 13.30 Uhr\u00a0 &#8211; Eichwasen, Dr.-Georg-Betz-Stra\u00dfe<\/li><\/ul><p>Abgegeben werden k\u00f6nnen insbesondere: Lackdosen (mit fl\u00fcssigem Inhalt),\u00a0L\u00f6semittel, Pinselreiniger, Spraydosen mit sch\u00e4dlichem Restinhalt,\u00a0Holzschutzmittel, Chemikalien aller Art, S\u00e4uren, Laugen, Klebstoffe\u00a0(l\u00f6semittelhaltig), Spezial-Reinigungsmittel, Energiesparlampen,\u00a0Leuchtstoffr\u00f6hren, Bremsfl\u00fcssigkeit, Kleinmengen verschmutzter Kraftstoffe,\u00a0Pflanzenschutzmittel oder Unkrautvernichtungsmittel.<\/p><h3>Weitere Informationen<\/h3><p>Weitere Informationen finden sich im Internet unter\u00a0<a href=\"http:\/\/www.schwabach.de\/Entsorgungswegweiser\" target=\"_blank\" rel=\"noopener\">www.schwabach.de\/Entsorgungswegweiser<\/a>. Auch die Abfallberatung hilft unter\u00a0der Telefonnummer 860-228 weiter.<\/p><h3>Weiterf\u00fchrende Links:<\/h3><p><a href=\"http:\/\/www.schwabach.de\/de\/stadtverwaltung\/referat-2-recht-soziales-und-umwelt\/490-umweltschutzamt\/dienstleistungen\/abfallwirtschaft\/2173-abfallberatung-faq.html\" target=\"_blank\" rel=\"noopener\">Die wichtigsten Antworten im Zusammenhang mit der Abfallwirtschaft finden Sie hier &#8230;<\/a><\/p>\t\t\t\t\t\t<\/div>\n\t\t\t\t<\/div>\n\t\t\t\t<div class=\"elementor-element elementor-element-39c5f74 elementor-widget elementor-widget-google_maps\" data-id=\"39c5f74\" data-element_type=\"widget\" data-widget_type=\"google_maps.default\">\n\t\t\t\t<div class=\"elementor-widget-container\">\n\t\t\t\t\t<div class=\"elementor-custom-embed\">\n\t\t\t<iframe loading=\"lazy\"\n\t\t\t\t\tsrc=\"https:\/\/maps.google.com\/maps?q=49.329777%2C%2011.043401&#038;t=m&#038;z=17&#038;output=embed&#038;iwloc=near\"\n\t\t\t\t\ttitle=\"49.329777, 11.043401\"\n\t\t\t\t\taria-label=\"49.329777, 11.043401\"\n\t\t\t><\/iframe>\n\t\t<\/div>\n\t\t\t\t<\/div>\n\t\t\t\t<\/div>\n\t\t\t\t<div class=\"elementor-element elementor-element-520305a elementor-widget elementor-widget-google_maps\" data-id=\"520305a\" data-element_type=\"widget\" data-widget_type=\"google_maps.default\">\n\t\t\t\t<div class=\"elementor-widget-container\">\n\t\t\t\t\t<div class=\"elementor-custom-embed\">\n\t\t\t<iframe loading=\"lazy\"\n\t\t\t\t\tsrc=\"https:\/\/maps.google.com\/maps?q=49.343805%2C%2011.012831&#038;t=m&#038;z=17&#038;output=embed&#038;iwloc=near\"\n\t\t\t\t\ttitle=\"49.343805, 11.012831\"\n\t\t\t\t\taria-label=\"49.343805, 11.012831\"\n\t\t\t><\/iframe>\n\t\t<\/div>\n\t\t\t\t<\/div>\n\t\t\t\t<\/div>\n\t\t\t\t\t<\/div>\n\t\t<\/div>\n\t\t\t\t<div class=\"elementor-column elementor-col-33 elementor-top-column elementor-element elementor-element-flkv3o5\" data-id=\"flkv3o5\" data-element_type=\"column\">\n\t\t\t<div class=\"elementor-widget-wrap elementor-element-populated\">\n\t\t\t\t\t\t<div class=\"elementor-element elementor-element-bpvimlk elementor-widget elementor-widget-image\" data-id=\"bpvimlk\" data-element_type=\"widget\" data-widget_type=\"image.default\">\n\t\t\t\t<div class=\"elementor-widget-container\">\n\t\t\t\t\t\t\t\t\t\t\t\t\t\t<a href=\"http:\/\/www.region-schwabach.de\/wordpress\/werben-auf-region-schwabach\/\" target=\"_blank\">\n\t\t\t\t\t\t\t<img fetchpriority=\"high\" decoding=\"async\" width=\"1024\" height=\"1024\" src=\"https:\/\/www.region-schwabach.de\/wordpress\/wp-content\/uploads\/2017\/06\/werbung8-1024x1024.png\" class=\"attachment-large size-large wp-image-2484\" alt=\"\" srcset=\"https:\/\/www.region-schwabach.de\/wordpress\/wp-content\/uploads\/2017\/06\/werbung8-1024x1024.png 1024w, https:\/\/www.region-schwabach.de\/wordpress\/wp-content\/uploads\/2017\/06\/werbung8-150x150.png 150w, https:\/\/www.region-schwabach.de\/wordpress\/wp-content\/uploads\/2017\/06\/werbung8-300x300.png 300w, https:\/\/www.region-schwabach.de\/wordpress\/wp-content\/uploads\/2017\/06\/werbung8-768x768.png 768w, https:\/\/www.region-schwabach.de\/wordpress\/wp-content\/uploads\/2017\/06\/werbung8-600x600.png 600w, https:\/\/www.region-schwabach.de\/wordpress\/wp-content\/uploads\/2017\/06\/werbung8.png 1200w\" sizes=\"(max-width: 1024px) 100vw, 1024px\" \/>\t\t\t\t\t\t\t\t<\/a>\n\t\t\t\t\t\t\t\t\t\t\t\t\t<\/div>\n\t\t\t\t<\/div>\n\t\t\t\t\t<\/div>\n\t\t<\/div>\n\t\t\t\t\t<\/div>\n\t\t<\/section>\n\t\t\t\t<\/div>\n\t\t","protected":false},"excerpt":{"rendered":"<div class=\"mh-excerpt\"><p>Das Schadstoffmobil kommtGiftige Abf\u00e4lle am 16. Juni 2018 kostenlos abgeben Giftige und umweltsch\u00e4dliche Abf\u00e4lle sammelt die Stadt wieder kostenlos am\u00a0Samstag, den 16. Juni 2018. Angeliefert werden k\u00f6nnen Sonderm\u00fcll von Schwabacher\u00a0Privathaushalten sowie vergleichbare Abf\u00e4lle aus Schwabacher <a class=\"mh-excerpt-more\" href=\"https:\/\/www.region-schwabach.de\/wordpress\/das-umweltmobil-ist-am-16-juni-2018-wieder-im-einsatz\/\" title=\"Das Umweltmobil ist am 16. Juni 2018 wieder im Einsatz\">[&#8230;]<\/a><\/p>\n<\/div>","protected":false},"author":1,"featured_media":42180,"comment_status":"open","ping_status":"open","sticky":false,"template":"","format":"standard","meta":{"_cbd_carousel_blocks":"[]","footnotes":""},"categories":[16,4306,61,203,231],"tags":[1593,2377,4386,4385,1480,19,4384],"class_list":{"0":"post-42179","1":"post","2":"type-post","3":"status-publish","4":"format-standard","5":"has-post-thumbnail","7":"category-aktuell","8":"category-ratgeber","9":"category-rathaus","10":"category-umwelt-nachrichten","11":"category-veranstaltungsnews","12":"tag-dr-georg-betz-strasse","13":"tag-eichwasen","14":"tag-flurstrasse-ecke-muehlenstrasse","15":"tag-giftiger-und-umweltschaedlicher-abfall","16":"tag-rathaus","17":"tag-schwabach","18":"tag-umweltmobil"},"_links":{"self":[{"href":"https:\/\/www.region-schwabach.de\/wordpress\/wp-json\/wp\/v2\/posts\/42179","targetHints":{"allow":["GET"]}}],"collection":[{"href":"https:\/\/www.region-schwabach.de\/wordpress\/wp-json\/wp\/v2\/posts"}],"about":[{"href":"https:\/\/www.region-schwabach.de\/wordpress\/wp-json\/wp\/v2\/types\/post"}],"author":[{"embeddable":true,"href":"https:\/\/www.region-schwabach.de\/wordpress\/wp-json\/wp\/v2\/users\/1"}],"replies":[{"embeddable":true,"href":"https:\/\/www.region-schwabach.de\/wordpress\/wp-json\/wp\/v2\/comments?post=42179"}],"version-history":[{"count":0,"href":"https:\/\/www.region-schwabach.de\/wordpress\/wp-json\/wp\/v2\/posts\/42179\/revisions"}],"wp:featuredmedia":[{"embeddable":true,"href":"https:\/\/www.region-schwabach.de\/wordpress\/wp-json\/wp\/v2\/media\/42180"}],"wp:attachment":[{"href":"https:\/\/www.region-schwabach.de\/wordpress\/wp-json\/wp\/v2\/media?parent=42179"}],"wp:term":[{"taxonomy":"category","embeddable":true,"href":"https:\/\/www.region-schwabach.de\/wordpress\/wp-json\/wp\/v2\/categories?post=42179"},{"taxonomy":"post_tag","embeddable":true,"href":"https:\/\/www.region-schwabach.de\/wordpress\/wp-json\/wp\/v2\/tags?post=42179"}],"curies":[{"name":"wp","href":"https:\/\/api.w.org\/{rel}","templated":true}]}}