{"id":42184,"date":"2018-06-16T00:05:23","date_gmt":"2018-06-15T22:05:23","guid":{"rendered":"http:\/\/www.region-schwabach.de\/wordpress\/?p=42184"},"modified":"2018-06-16T00:29:52","modified_gmt":"2018-06-15T22:29:52","slug":"adolph-von-henselt-musikschule-laedt-zum-tag-der-offenen-tuer-ein","status":"publish","type":"post","link":"https:\/\/www.region-schwabach.de\/wordpress\/adolph-von-henselt-musikschule-laedt-zum-tag-der-offenen-tuer-ein\/","title":{"rendered":"Adolph von Henselt-Musikschule l\u00e4dt zum Tag der offenen T\u00fcr ein"},"content":{"rendered":"\t\t<div data-elementor-type=\"wp-post\" data-elementor-id=\"42184\" class=\"elementor elementor-42184 elementor-bc-flex-widget\">\n\t\t\t\t\t\t<section class=\"elementor-section elementor-top-section elementor-element elementor-element-678181b elementor-section-boxed elementor-section-height-default elementor-section-height-default\" data-id=\"678181b\" data-element_type=\"section\">\n\t\t\t\t\t\t<div class=\"elementor-container elementor-column-gap-default\">\n\t\t\t\t\t<div class=\"elementor-column elementor-col-66 elementor-top-column elementor-element elementor-element-6b34026\" data-id=\"6b34026\" data-element_type=\"column\">\n\t\t\t<div class=\"elementor-widget-wrap elementor-element-populated\">\n\t\t\t\t\t\t<div class=\"elementor-element elementor-element-443ab98 elementor-widget elementor-widget-text-editor\" data-id=\"443ab98\" data-element_type=\"widget\" data-widget_type=\"text-editor.default\">\n\t\t\t\t<div class=\"elementor-widget-container\">\n\t\t\t\t\t\t\t<h3>Nach dem Start im Alten DG<br \/>Tag der offenen T\u00fcr in der Musikschule<\/h3><p>Die Adolph von Henselt-Musikschule hat den Anfang gemacht: Als erste\u00a0Einrichtung bezog sie in den Pfingstferien ihre neuen R\u00e4ume im sanierten\u00a0Alten Deutschen Gymnasium an der Wittelsbacherstra\u00dfe 1.\u00a0Seit Anfang Juni\u00a0findet dort der Unterricht statt.<\/p><h3>Gleichzeitig findet auch ein Schnuppertag statt<\/h3><p>Grund genug also, am Samstag, den 16. Juni 2018, von\u00a011 bis 16 Uhr f\u00fcr alle Interessierten die T\u00fcren zu \u00f6ffnen.\u00a0Nat\u00fcrlich gibt es an diesem Tag nicht nur R\u00e4ume zu sehen, sondern ganz viel\u00a0Musik zu h\u00f6ren, zu erleben und zu machen. Denn gleichzeitig findet auch der\u00a0Schnuppertag statt, an dem die Musikschule ihr Unterrichtsangebot vorstellt.<\/p><h3>Instrumente,\u00a0Musikangebote,\u00a0Konzerte<\/h3><p>Auf drei Ebenen des Geb\u00e4udes k\u00f6nnen sich die G\u00e4ste Instrumente erkl\u00e4ren\u00a0lassen, diese ausprobieren, bei Musikangeboten selber mitmachen und kleinen\u00a0Konzerten der verschiedenen Ensembles lauschen. Wer will, kann sich auch\u00a0schon f\u00fcr das kommende Musikschuljahr anmelden.<\/p><h3>So finden Sie neuen R\u00e4ume<\/h3><p>Die R\u00e4ume der neuen\u00a0Musikschule befinden sich oberhalb des Holztores in der Wittelsbacherstra\u00dfe\u00a0und sind auf dem gleichen Weg wie die Marionettenb\u00fchne zu erreichen.<\/p><h3>Offen, hell und vielf\u00e4ltig nutzbar<\/h3><p>Die neue Musikschule ist offen, hell und genauso vielf\u00e4ltig nutzbar, wie es f\u00fcr\u00a0eine Begegnung mit verschiedensten Formen der Musik notwendig ist.\u00a0Menschen aller Altersklassen sollen sich darin wohlf\u00fchlen und Lust bekommen,\u00a0gemeinsam Musik zu machen. \u00dcber vier Geschosse verteilt ist genug Platz f\u00fcr\u00a0Geige, Schlagzeug, Klavier &amp; Co. Im Erdgeschoss sind Schulleitung und\u00a0Sekretariat zu finden, auf den drei Geschossen dar\u00fcber die Unterrichtsr\u00e4ume.<\/p><h3>Auch f\u00fcr das leibliche Wohl der G\u00e4ste ist gesorgt<\/h3><p>F\u00fcr die Besucher bietet im ebenfalls neu gestalteten Pausenhof am Tag der\u00a0offenen T\u00fcr die Arbeiterwohlfahrt Imbiss, Kaffee, Kuchen und Kaltgetr\u00e4nke an.<\/p><h3>Weiterf\u00fchrende Links:<\/h3><p><a href=\"http:\/\/www.schwabach.de\/de\/schwabach-erleben\/kultur\/einrichtungen\/musikschule.html\" target=\"_blank\" rel=\"noopener\">Homepage Adolph von Henselt-Musikschule &#8230;<\/a><\/p>\t\t\t\t\t\t<\/div>\n\t\t\t\t<\/div>\n\t\t\t\t<div class=\"elementor-element elementor-element-9ca12e2 elementor-widget elementor-widget-google_maps\" data-id=\"9ca12e2\" data-element_type=\"widget\" data-widget_type=\"google_maps.default\">\n\t\t\t\t<div class=\"elementor-widget-container\">\n\t\t\t\t\t<div class=\"elementor-custom-embed\">\n\t\t\t<iframe loading=\"lazy\"\n\t\t\t\t\tsrc=\"https:\/\/maps.google.com\/maps?q=Wittelsbacherstra%C3%9Fe%201%2C%20Schwabach%2C%20Deutschland&#038;t=m&#038;z=16&#038;output=embed&#038;iwloc=near\"\n\t\t\t\t\ttitle=\"Wittelsbacherstra\u00dfe 1, Schwabach, Deutschland\"\n\t\t\t\t\taria-label=\"Wittelsbacherstra\u00dfe 1, Schwabach, Deutschland\"\n\t\t\t><\/iframe>\n\t\t<\/div>\n\t\t\t\t<\/div>\n\t\t\t\t<\/div>\n\t\t\t\t\t<\/div>\n\t\t<\/div>\n\t\t\t\t<div class=\"elementor-column elementor-col-33 elementor-top-column elementor-element elementor-element-f645137\" data-id=\"f645137\" data-element_type=\"column\">\n\t\t\t<div class=\"elementor-widget-wrap elementor-element-populated\">\n\t\t\t\t\t\t<div class=\"elementor-element elementor-element-25043c1 elementor-widget elementor-widget-image\" data-id=\"25043c1\" data-element_type=\"widget\" data-widget_type=\"image.default\">\n\t\t\t\t<div class=\"elementor-widget-container\">\n\t\t\t\t\t\t\t\t\t\t\t\t\t<img fetchpriority=\"high\" decoding=\"async\" width=\"300\" height=\"300\" src=\"https:\/\/www.region-schwabach.de\/wordpress\/wp-content\/uploads\/2018\/04\/werbung1-300x300.png\" class=\"attachment-medium size-medium wp-image-35382\" alt=\"\" srcset=\"https:\/\/www.region-schwabach.de\/wordpress\/wp-content\/uploads\/2018\/04\/werbung1-300x300.png 300w, https:\/\/www.region-schwabach.de\/wordpress\/wp-content\/uploads\/2018\/04\/werbung1-150x150.png 150w, https:\/\/www.region-schwabach.de\/wordpress\/wp-content\/uploads\/2018\/04\/werbung1-768x768.png 768w, https:\/\/www.region-schwabach.de\/wordpress\/wp-content\/uploads\/2018\/04\/werbung1-1024x1024.png 1024w, https:\/\/www.region-schwabach.de\/wordpress\/wp-content\/uploads\/2018\/04\/werbung1.png 1200w\" sizes=\"(max-width: 300px) 100vw, 300px\" \/>\t\t\t\t\t\t\t\t\t\t\t\t\t<\/div>\n\t\t\t\t<\/div>\n\t\t\t\t\t<\/div>\n\t\t<\/div>\n\t\t\t\t\t<\/div>\n\t\t<\/section>\n\t\t\t\t<\/div>\n\t\t","protected":false},"excerpt":{"rendered":"<div class=\"mh-excerpt\"><p>Nach dem Start im Alten DGTag der offenen T\u00fcr in der Musikschule Die Adolph von Henselt-Musikschule hat den Anfang gemacht: Als erste\u00a0Einrichtung bezog sie in den Pfingstferien ihre neuen R\u00e4ume im sanierten\u00a0Alten Deutschen Gymnasium an <a class=\"mh-excerpt-more\" href=\"https:\/\/www.region-schwabach.de\/wordpress\/adolph-von-henselt-musikschule-laedt-zum-tag-der-offenen-tuer-ein\/\" title=\"Adolph von Henselt-Musikschule l\u00e4dt zum Tag der offenen T\u00fcr ein\">[&#8230;]<\/a><\/p>\n<\/div>","protected":false},"author":1,"featured_media":42185,"comment_status":"open","ping_status":"open","sticky":false,"template":"","format":"standard","meta":{"_cbd_carousel_blocks":"[]","footnotes":""},"categories":[16,1,287,61,231,140],"tags":[3142,4387,4388,19,982,987,2678],"class_list":{"0":"post-42184","1":"post","2":"type-post","3":"status-publish","4":"format-standard","5":"has-post-thumbnail","7":"category-aktuell","8":"category-allgemein","9":"category-jugend-und-familie","10":"category-rathaus","11":"category-veranstaltungsnews","12":"category-vereine","13":"tag-16-06-2018","14":"tag-adolph-von-henselt-musikschule","15":"tag-altes-deutschen-gymnasium","16":"tag-schwabach","17":"tag-tag-der-offenen-tuer","18":"tag-umzug","19":"tag-wittelsbacherstrasse"},"_links":{"self":[{"href":"https:\/\/www.region-schwabach.de\/wordpress\/wp-json\/wp\/v2\/posts\/42184","targetHints":{"allow":["GET"]}}],"collection":[{"href":"https:\/\/www.region-schwabach.de\/wordpress\/wp-json\/wp\/v2\/posts"}],"about":[{"href":"https:\/\/www.region-schwabach.de\/wordpress\/wp-json\/wp\/v2\/types\/post"}],"author":[{"embeddable":true,"href":"https:\/\/www.region-schwabach.de\/wordpress\/wp-json\/wp\/v2\/users\/1"}],"replies":[{"embeddable":true,"href":"https:\/\/www.region-schwabach.de\/wordpress\/wp-json\/wp\/v2\/comments?post=42184"}],"version-history":[{"count":0,"href":"https:\/\/www.region-schwabach.de\/wordpress\/wp-json\/wp\/v2\/posts\/42184\/revisions"}],"wp:featuredmedia":[{"embeddable":true,"href":"https:\/\/www.region-schwabach.de\/wordpress\/wp-json\/wp\/v2\/media\/42185"}],"wp:attachment":[{"href":"https:\/\/www.region-schwabach.de\/wordpress\/wp-json\/wp\/v2\/media?parent=42184"}],"wp:term":[{"taxonomy":"category","embeddable":true,"href":"https:\/\/www.region-schwabach.de\/wordpress\/wp-json\/wp\/v2\/categories?post=42184"},{"taxonomy":"post_tag","embeddable":true,"href":"https:\/\/www.region-schwabach.de\/wordpress\/wp-json\/wp\/v2\/tags?post=42184"}],"curies":[{"name":"wp","href":"https:\/\/api.w.org\/{rel}","templated":true}]}}