{"id":42217,"date":"2018-06-24T11:06:25","date_gmt":"2018-06-24T09:06:25","guid":{"rendered":"http:\/\/www.region-schwabach.de\/wordpress\/?p=42217"},"modified":"2019-06-22T01:42:14","modified_gmt":"2019-06-21T23:42:14","slug":"latinfestival-ritmos-latinos-mit-salsa-tango-und-vielen-lateinamerikanischen-rhythmen","status":"publish","type":"post","link":"https:\/\/www.region-schwabach.de\/wordpress\/latinfestival-ritmos-latinos-mit-salsa-tango-und-vielen-lateinamerikanischen-rhythmen\/","title":{"rendered":"Latinfestival Ritmos Latinos mit Salsa, Tango und vielen lateinamerikanischen Rhythmen"},"content":{"rendered":"\t\t<div data-elementor-type=\"wp-post\" data-elementor-id=\"42217\" class=\"elementor elementor-42217 elementor-bc-flex-widget\">\n\t\t\t\t\t\t<section class=\"elementor-section elementor-top-section elementor-element elementor-element-678181b elementor-section-boxed elementor-section-height-default elementor-section-height-default\" data-id=\"678181b\" data-element_type=\"section\">\n\t\t\t\t\t\t<div class=\"elementor-container elementor-column-gap-default\">\n\t\t\t\t\t<div class=\"elementor-column elementor-col-66 elementor-top-column elementor-element elementor-element-6b34026\" data-id=\"6b34026\" data-element_type=\"column\">\n\t\t\t<div class=\"elementor-widget-wrap elementor-element-populated\">\n\t\t\t\t\t\t<div class=\"elementor-element elementor-element-443ab98 elementor-widget elementor-widget-text-editor\" data-id=\"443ab98\" data-element_type=\"widget\" data-widget_type=\"text-editor.default\">\n\t\t\t\t<div class=\"elementor-widget-container\">\n\t\t\t\t\t\t\t<h3>Latinfestival Ritmos Latinos mit Salsa, Tango und<br \/>vielen lateinamerikanischen Rhythmen<\/h3><h3>22. bis 24. Juni &#8211; Karten gibt es im Vorverkauf<\/h3><p>Ritmos Latinos ist und bleibt das Latinfestival in der Region N\u00fcrnberg. Bereits\u00a0zum sechsten Mal trifft sich die Latin-Szene vom 22. bis 24. Juni 2018 im\u00a0Apothekersgarten &#8211; im Herzen der Schwabacher Altstadt. An drei\u00a0Konzertabenden mit Tanz pr\u00e4sentiert das kleine Festival auch 2018 eine\u00a0hochkar\u00e4tige Besetzung.<\/p><h3>Bereits seit 2013 ist Schwabach eine Hochburg f\u00fcr Latin-Liebhaber<\/h3><p>Seit 2013 ist Schwabach f\u00fcr ein Wochenende im Juni\u00a0der Hotspot f\u00fcr die Latin-Liebhaber in der Region. Im naturgr\u00fcnen Ambiente\u00a0des Apothekersgartens stehen Salsa, Tango Argentino &amp; Co. auf dem\u00a0Programm. Das Schwabacher Kulturamt l\u00e4dt ein, an lauen Sommerabenden\u00a0und bei k\u00fchlen Getr\u00e4nken Musik aus Lateinamerika zu h\u00f6ren und dazu zu\u00a0tanzen.<\/p><h3>Drei Bands der\u00a0Spitzenklasse<\/h3><p>2018 pr\u00e4sentiert das kleine Festival wieder drei Bands der absoluten\u00a0Spitzenklasse. Karten f\u00fcr die Konzerte gibt es im B\u00fcrgerb\u00fcro der Stadt\u00a0Schwabach (Rathaus), Tel. 09122 860-0 und online unter <a href=\"http:\/\/www.reservix.de\" target=\"_blank\" rel=\"noopener\">www.reservix.de<\/a>.<\/p><h3>Das Programm:<\/h3><h3>Freitag, 22. Juni: NapoliLatina<\/h3><ul style=\"list-style-type: disc;\"><li>Er\u00f6ffnet wird Ritmos Latinos 2018 am Freitag (20 Uhr) von NapoliLatina.<\/li><li>Die\u00a0Gruppe, 2004 gegr\u00fcndet, l\u00e4sst lateinamerikanische Rhythmen verschmelzen\u00a0mit Melodien, die in der Tradition neapolitanischer Musik verwurzelt sind. Damit\u00a0erlangt ihr frischer Sound seinen ganz besonderen Reiz und findet unmittelbar\u00a0seinen Weg in die Beine.<\/li><li>Die drei K\u00f6pfe der Gruppe stammen mit S\u00e4nger und\u00a0Gitarrist Edi Mautone sowie Multiinstrumentalist Stefano Renzi direkt aus\u00a0Italien bzw. mit Bassist und Schwabacher Tobias Kalisch aus Franken, dem\u00a0n\u00f6rdlichsten Teil davon.<\/li><li>Mal entspannt und nachdenklich, mal witzig und\u00a0temperamentvoll, wird das Konzert zu einer \u00fcberraschenden Reise in den\u00a0S\u00fcden.<\/li><\/ul><h3>Samstag, 23. Juni: Bandonegro Tango Orquesta<\/h3><ul style=\"list-style-type: disc;\"><li>Tango Argentino \u2013 das hei\u00dft Leidenschaft, Virtuosit\u00e4t und Kraft. Und genau\u00a0diese Zutaten finden sich wieder in der Musik des Bandonegro Tango Orquesta\u00a0aus Polen, das am Samstag (20 Uhr) zu Gast ist.<\/li><li>2010 gegr\u00fcndet, erlangte\u00a0Bandonegro in kurzer Zeit in seiner Heimat und dar\u00fcber hinaus schnell\u00a0Bekanntheit, vor allem wegen des frischen Klangs und der neuen\u00a0Interpretationen. Den leidenschaftlichen und temperamentvollen Musikern\u00a0gelingt es, die Aura eines Tanzsaals in Buenos Aires zu erschaffen.<\/li><li>Dabei lebt\u00a0und spielt das Quartett den traditionellen Tango Argentino und l\u00e4dt damit sein\u00a0Publikum zum Tanzen des \u201eTango para bailar\u201d ein.<\/li><li>Das Orquesta hat seine\u00a0Musikst\u00fccke so zusammengestellt, dass sie auf den Milongas stets f\u00fcr eine gut\u00a0gef\u00fcllte Tanzfl\u00e4che sorgen.<\/li><\/ul><h3>Sonntag, 24. Juni: Barbaro Fines y su Orquesta Mayimbe\u00a0<\/h3><ul style=\"list-style-type: disc;\"><li>Highlight der diesj\u00e4hrigen Ausgabe ist am Sonntag (19 Uhr) Barbaro Fines y su\u00a0Orquesta Mayimbe.<\/li><li>Die dreizehnk\u00f6pfige Truppe ist eine der angesagtesten\u00a0Salsa-Bands weltweit und steht in einer Reihe mit Havana D\u2019Primera und Los\u00a0Van Van.<\/li><li>Wenn man die Stationen ihrer aktuellen Europa-Tournee liest, finden\u00a0sich Metropolen wie Barcelona, Mailand oder London \u2013 und eben Schwabach.\u00a0<\/li><li>In Lima\/Peru 2010 vom kubanischen Pianist Barbaro Fines gegr\u00fcndet, hat sich\u00a0Mayimbe aus der pulsierenden peruanischen Salsa-Szene heraus weit \u00fcber\u00a0die Landesgrenzen hinweg einen Namen gemacht, wie allj\u00e4hrliche Gastspiele\u00a0in Nordamerika und Europa belegen.<\/li><li>Schon die erste CD \u201eDe la Habana a\u00a0Peru\u201c war ein voller Erfolg.<\/li><\/ul><h3>Teilnahme an\u00a0Tanz-Schnupperkurs m\u00f6glich<\/h3><p>Am Samstag, den 23. Juni 2018, und am Sonntag, den 24. Juni 2018, besteht die M\u00f6glichkeit, vor dem Konzert einen\u00a0kostenlosen Tanz-Schnupperkurs teilzunehmen (nur in Verbindung mit einer\u00a0Eintrittskarte).<\/p>\t\t\t\t\t\t<\/div>\n\t\t\t\t<\/div>\n\t\t\t\t\t<\/div>\n\t\t<\/div>\n\t\t\t\t<div class=\"elementor-column elementor-col-33 elementor-top-column elementor-element elementor-element-f645137\" data-id=\"f645137\" data-element_type=\"column\">\n\t\t\t<div class=\"elementor-widget-wrap elementor-element-populated\">\n\t\t\t\t\t\t<div class=\"elementor-element elementor-element-25043c1 elementor-widget elementor-widget-image\" data-id=\"25043c1\" data-element_type=\"widget\" data-widget_type=\"image.default\">\n\t\t\t\t<div class=\"elementor-widget-container\">\n\t\t\t\t\t\t\t\t\t\t\t\t\t<img fetchpriority=\"high\" decoding=\"async\" width=\"300\" height=\"300\" src=\"https:\/\/www.region-schwabach.de\/wordpress\/wp-content\/uploads\/2018\/04\/werbung1-300x300.png\" class=\"attachment-medium size-medium wp-image-35382\" alt=\"\" srcset=\"https:\/\/www.region-schwabach.de\/wordpress\/wp-content\/uploads\/2018\/04\/werbung1-300x300.png 300w, https:\/\/www.region-schwabach.de\/wordpress\/wp-content\/uploads\/2018\/04\/werbung1-150x150.png 150w, https:\/\/www.region-schwabach.de\/wordpress\/wp-content\/uploads\/2018\/04\/werbung1-768x768.png 768w, https:\/\/www.region-schwabach.de\/wordpress\/wp-content\/uploads\/2018\/04\/werbung1-1024x1024.png 1024w, https:\/\/www.region-schwabach.de\/wordpress\/wp-content\/uploads\/2018\/04\/werbung1.png 1200w\" sizes=\"(max-width: 300px) 100vw, 300px\" \/>\t\t\t\t\t\t\t\t\t\t\t\t\t<\/div>\n\t\t\t\t<\/div>\n\t\t\t\t\t<\/div>\n\t\t<\/div>\n\t\t\t\t\t<\/div>\n\t\t<\/section>\n\t\t\t\t<section class=\"elementor-section elementor-top-section elementor-element elementor-element-7d131e8 elementor-section-boxed elementor-section-height-default elementor-section-height-default\" data-id=\"7d131e8\" data-element_type=\"section\">\n\t\t\t\t\t\t<div class=\"elementor-container elementor-column-gap-default\">\n\t\t\t\t\t<div class=\"elementor-column elementor-col-100 elementor-top-column elementor-element elementor-element-cff7f35\" data-id=\"cff7f35\" data-element_type=\"column\">\n\t\t\t<div class=\"elementor-widget-wrap elementor-element-populated\">\n\t\t\t\t\t\t<div class=\"elementor-element elementor-element-ae54725 elementor-widget elementor-widget-heading\" data-id=\"ae54725\" data-element_type=\"widget\" data-widget_type=\"heading.default\">\n\t\t\t\t<div class=\"elementor-widget-container\">\n\t\t\t<h2 class=\"elementor-heading-title elementor-size-default\">Hier ein paar Impressionen zum \"Latinfestival Ritmos Latinos\"<\/h2>\t\t<\/div>\n\t\t\t\t<\/div>\n\t\t\t\t<div class=\"elementor-element elementor-element-a79fc02 elementor-widget elementor-widget-heading\" data-id=\"a79fc02\" data-element_type=\"widget\" data-widget_type=\"heading.default\">\n\t\t\t\t<div class=\"elementor-widget-container\">\n\t\t\t<h3 class=\"elementor-heading-title elementor-size-default\">(Bilder zum Vergr\u00f6\u00dfern bitte anklicken)<\/h3>\t\t<\/div>\n\t\t\t\t<\/div>\n\t\t\t\t\t<\/div>\n\t\t<\/div>\n\t\t\t\t\t<\/div>\n\t\t<\/section>\n\t\t\t\t<section class=\"elementor-section elementor-top-section elementor-element elementor-element-e928cd5 elementor-section-boxed elementor-section-height-default elementor-section-height-default\" data-id=\"e928cd5\" data-element_type=\"section\">\n\t\t\t\t\t\t<div class=\"elementor-container elementor-column-gap-default\">\n\t\t\t\t\t<div class=\"elementor-column elementor-col-50 elementor-top-column elementor-element elementor-element-0b4b354\" data-id=\"0b4b354\" data-element_type=\"column\">\n\t\t\t<div class=\"elementor-widget-wrap elementor-element-populated\">\n\t\t\t\t\t\t<div class=\"elementor-element elementor-element-9f4b680 elementor-widget elementor-widget-image\" data-id=\"9f4b680\" data-element_type=\"widget\" data-widget_type=\"image.default\">\n\t\t\t\t<div class=\"elementor-widget-container\">\n\t\t\t\t\t\t\t\t\t\t<figure class=\"wp-caption\">\n\t\t\t\t\t\t\t\t\t\t\t<a href=\"http:\/\/www.region-schwabach.de\/wordpress\/wp-content\/uploads\/2018\/06\/PM112_Ritmos_Logo_2018-1.jpg\" data-elementor-open-lightbox=\"yes\" data-elementor-lightbox-title=\"PM112_Ritmos_Logo_2018\" data-e-action-hash=\"#elementor-action%3Aaction%3Dlightbox%26settings%3DeyJpZCI6NDIyMjAsInVybCI6Imh0dHBzOlwvXC93d3cucmVnaW9uLXNjaHdhYmFjaC5kZVwvd29yZHByZXNzXC93cC1jb250ZW50XC91cGxvYWRzXC8yMDE4XC8wNlwvUE0xMTJfUml0bW9zX0xvZ29fMjAxOC0xLmpwZyJ9\">\n\t\t\t\t\t\t\t<img decoding=\"async\" width=\"650\" height=\"381\" src=\"https:\/\/www.region-schwabach.de\/wordpress\/wp-content\/uploads\/2018\/06\/PM112_Ritmos_Logo_2018-1-650x381.jpg\" class=\"attachment-mh-magazine-content size-mh-magazine-content wp-image-42220\" alt=\"\" \/>\t\t\t\t\t\t\t\t<\/a>\n\t\t\t\t\t\t\t\t\t\t\t<figcaption class=\"widget-image-caption wp-caption-text\">Veranstaltungslogo<\/figcaption>\n\t\t\t\t\t\t\t\t\t\t<\/figure>\n\t\t\t\t\t\t\t<\/div>\n\t\t\t\t<\/div>\n\t\t\t\t\t<\/div>\n\t\t<\/div>\n\t\t\t\t<div class=\"elementor-column elementor-col-50 elementor-top-column elementor-element elementor-element-b8f41fb\" data-id=\"b8f41fb\" data-element_type=\"column\">\n\t\t\t<div class=\"elementor-widget-wrap elementor-element-populated\">\n\t\t\t\t\t\t<div class=\"elementor-element elementor-element-995ae41 elementor-widget elementor-widget-image\" data-id=\"995ae41\" data-element_type=\"widget\" data-widget_type=\"image.default\">\n\t\t\t\t<div class=\"elementor-widget-container\">\n\t\t\t\t\t\t\t\t\t\t<figure class=\"wp-caption\">\n\t\t\t\t\t\t\t\t\t\t\t<a href=\"http:\/\/www.region-schwabach.de\/wordpress\/wp-content\/uploads\/2018\/06\/PM112_NapoliLatina_Foto_StephanSpangenberg.jpg\" data-elementor-open-lightbox=\"yes\" data-elementor-lightbox-title=\"PM112_NapoliLatina_Foto_StephanSpangenberg\" data-e-action-hash=\"#elementor-action%3Aaction%3Dlightbox%26settings%3DeyJpZCI6NDIyMjQsInVybCI6Imh0dHBzOlwvXC93d3cucmVnaW9uLXNjaHdhYmFjaC5kZVwvd29yZHByZXNzXC93cC1jb250ZW50XC91cGxvYWRzXC8yMDE4XC8wNlwvUE0xMTJfTmFwb2xpTGF0aW5hX0ZvdG9fU3RlcGhhblNwYW5nZW5iZXJnLmpwZyJ9\">\n\t\t\t\t\t\t\t<img decoding=\"async\" width=\"678\" height=\"381\" src=\"https:\/\/www.region-schwabach.de\/wordpress\/wp-content\/uploads\/2018\/06\/PM112_NapoliLatina_Foto_StephanSpangenberg-678x381.jpg\" class=\"attachment-mh-magazine-content size-mh-magazine-content wp-image-42224\" alt=\"\" \/>\t\t\t\t\t\t\t\t<\/a>\n\t\t\t\t\t\t\t\t\t\t\t<figcaption class=\"widget-image-caption wp-caption-text\">NapoliLatina<\/figcaption>\n\t\t\t\t\t\t\t\t\t\t<\/figure>\n\t\t\t\t\t\t\t<\/div>\n\t\t\t\t<\/div>\n\t\t\t\t\t<\/div>\n\t\t<\/div>\n\t\t\t\t\t<\/div>\n\t\t<\/section>\n\t\t\t\t<section class=\"elementor-section elementor-top-section elementor-element elementor-element-e3c95ce elementor-section-boxed elementor-section-height-default elementor-section-height-default\" data-id=\"e3c95ce\" data-element_type=\"section\">\n\t\t\t\t\t\t<div class=\"elementor-container elementor-column-gap-default\">\n\t\t\t\t\t<div class=\"elementor-column elementor-col-50 elementor-top-column elementor-element elementor-element-6fbc33e\" data-id=\"6fbc33e\" data-element_type=\"column\">\n\t\t\t<div class=\"elementor-widget-wrap elementor-element-populated\">\n\t\t\t\t\t\t<div class=\"elementor-element elementor-element-152ff9c elementor-widget elementor-widget-image\" data-id=\"152ff9c\" data-element_type=\"widget\" data-widget_type=\"image.default\">\n\t\t\t\t<div class=\"elementor-widget-container\">\n\t\t\t\t\t\t\t\t\t\t<figure class=\"wp-caption\">\n\t\t\t\t\t\t\t\t\t\t\t<a href=\"http:\/\/www.region-schwabach.de\/wordpress\/wp-content\/uploads\/2018\/06\/PM112_Bandonegro.jpg\" data-elementor-open-lightbox=\"yes\" data-elementor-lightbox-title=\"PM112_Bandonegro\" data-e-action-hash=\"#elementor-action%3Aaction%3Dlightbox%26settings%3DeyJpZCI6NDIyMjEsInVybCI6Imh0dHBzOlwvXC93d3cucmVnaW9uLXNjaHdhYmFjaC5kZVwvd29yZHByZXNzXC93cC1jb250ZW50XC91cGxvYWRzXC8yMDE4XC8wNlwvUE0xMTJfQmFuZG9uZWdyby5qcGcifQ%3D%3D\">\n\t\t\t\t\t\t\t<img loading=\"lazy\" decoding=\"async\" width=\"678\" height=\"381\" src=\"https:\/\/www.region-schwabach.de\/wordpress\/wp-content\/uploads\/2018\/06\/PM112_Bandonegro-678x381.jpg\" class=\"attachment-mh-magazine-content size-mh-magazine-content wp-image-42221\" alt=\"\" \/>\t\t\t\t\t\t\t\t<\/a>\n\t\t\t\t\t\t\t\t\t\t\t<figcaption class=\"widget-image-caption wp-caption-text\">Bandonegro Tango Orquesta<\/figcaption>\n\t\t\t\t\t\t\t\t\t\t<\/figure>\n\t\t\t\t\t\t\t<\/div>\n\t\t\t\t<\/div>\n\t\t\t\t\t<\/div>\n\t\t<\/div>\n\t\t\t\t<div class=\"elementor-column elementor-col-50 elementor-top-column elementor-element elementor-element-5288163\" data-id=\"5288163\" data-element_type=\"column\">\n\t\t\t<div class=\"elementor-widget-wrap elementor-element-populated\">\n\t\t\t\t\t\t<div class=\"elementor-element elementor-element-8d2df8d elementor-widget elementor-widget-image\" data-id=\"8d2df8d\" data-element_type=\"widget\" data-widget_type=\"image.default\">\n\t\t\t\t<div class=\"elementor-widget-container\">\n\t\t\t\t\t\t\t\t\t\t<figure class=\"wp-caption\">\n\t\t\t\t\t\t\t\t\t\t\t<a href=\"http:\/\/www.region-schwabach.de\/wordpress\/wp-content\/uploads\/2018\/06\/PM112_Mayimbe.jpg\" data-elementor-open-lightbox=\"yes\" data-elementor-lightbox-title=\"PM112_Mayimbe\" data-e-action-hash=\"#elementor-action%3Aaction%3Dlightbox%26settings%3DeyJpZCI6NDIyMjMsInVybCI6Imh0dHBzOlwvXC93d3cucmVnaW9uLXNjaHdhYmFjaC5kZVwvd29yZHByZXNzXC93cC1jb250ZW50XC91cGxvYWRzXC8yMDE4XC8wNlwvUE0xMTJfTWF5aW1iZS5qcGcifQ%3D%3D\">\n\t\t\t\t\t\t\t<img loading=\"lazy\" decoding=\"async\" width=\"678\" height=\"381\" src=\"https:\/\/www.region-schwabach.de\/wordpress\/wp-content\/uploads\/2018\/06\/PM112_Mayimbe-678x381.jpg\" class=\"attachment-mh-magazine-content size-mh-magazine-content wp-image-42223\" alt=\"\" \/>\t\t\t\t\t\t\t\t<\/a>\n\t\t\t\t\t\t\t\t\t\t\t<figcaption class=\"widget-image-caption wp-caption-text\">Barbaro Fines y su Orquesta Mayimbe<\/figcaption>\n\t\t\t\t\t\t\t\t\t\t<\/figure>\n\t\t\t\t\t\t\t<\/div>\n\t\t\t\t<\/div>\n\t\t\t\t\t<\/div>\n\t\t<\/div>\n\t\t\t\t\t<\/div>\n\t\t<\/section>\n\t\t\t\t<\/div>\n\t\t","protected":false},"excerpt":{"rendered":"<div class=\"mh-excerpt\"><p>Latinfestival Ritmos Latinos mit Salsa, Tango undvielen lateinamerikanischen Rhythmen 22. bis 24. Juni &#8211; Karten gibt es im Vorverkauf Ritmos Latinos ist und bleibt das Latinfestival in der Region N\u00fcrnberg. Bereits\u00a0zum sechsten Mal trifft sich <a class=\"mh-excerpt-more\" href=\"https:\/\/www.region-schwabach.de\/wordpress\/latinfestival-ritmos-latinos-mit-salsa-tango-und-vielen-lateinamerikanischen-rhythmen\/\" title=\"Latinfestival Ritmos Latinos mit Salsa, Tango und vielen lateinamerikanischen Rhythmen\">[&#8230;]<\/a><\/p>\n<\/div>","protected":false},"author":1,"featured_media":42218,"comment_status":"open","ping_status":"open","sticky":false,"template":"","format":"standard","meta":{"_cbd_carousel_blocks":"[]","footnotes":""},"categories":[16,1,287,61,231],"tags":[9677,4149,2017,4392,4394,4393,1480,4391,19],"class_list":{"0":"post-42217","1":"post","2":"type-post","3":"status-publish","4":"format-standard","5":"has-post-thumbnail","7":"category-aktuell","8":"category-allgemein","9":"category-jugend-und-familie","10":"category-rathaus","11":"category-veranstaltungsnews","12":"tag-21-06-2019","13":"tag-22-06-2018","14":"tag-23-06-2018","15":"tag-apothekersgarten","16":"tag-konzertabende-mit-tanz","17":"tag-latinfestival","18":"tag-rathaus","19":"tag-ritmos-latinos","20":"tag-schwabach"},"_links":{"self":[{"href":"https:\/\/www.region-schwabach.de\/wordpress\/wp-json\/wp\/v2\/posts\/42217","targetHints":{"allow":["GET"]}}],"collection":[{"href":"https:\/\/www.region-schwabach.de\/wordpress\/wp-json\/wp\/v2\/posts"}],"about":[{"href":"https:\/\/www.region-schwabach.de\/wordpress\/wp-json\/wp\/v2\/types\/post"}],"author":[{"embeddable":true,"href":"https:\/\/www.region-schwabach.de\/wordpress\/wp-json\/wp\/v2\/users\/1"}],"replies":[{"embeddable":true,"href":"https:\/\/www.region-schwabach.de\/wordpress\/wp-json\/wp\/v2\/comments?post=42217"}],"version-history":[{"count":0,"href":"https:\/\/www.region-schwabach.de\/wordpress\/wp-json\/wp\/v2\/posts\/42217\/revisions"}],"wp:featuredmedia":[{"embeddable":true,"href":"https:\/\/www.region-schwabach.de\/wordpress\/wp-json\/wp\/v2\/media\/42218"}],"wp:attachment":[{"href":"https:\/\/www.region-schwabach.de\/wordpress\/wp-json\/wp\/v2\/media?parent=42217"}],"wp:term":[{"taxonomy":"category","embeddable":true,"href":"https:\/\/www.region-schwabach.de\/wordpress\/wp-json\/wp\/v2\/categories?post=42217"},{"taxonomy":"post_tag","embeddable":true,"href":"https:\/\/www.region-schwabach.de\/wordpress\/wp-json\/wp\/v2\/tags?post=42217"}],"curies":[{"name":"wp","href":"https:\/\/api.w.org\/{rel}","templated":true}]}}