{"id":42260,"date":"2018-06-25T00:06:43","date_gmt":"2018-06-24T22:06:43","guid":{"rendered":"http:\/\/www.region-schwabach.de\/wordpress\/?p=42260"},"modified":"2018-06-25T09:51:34","modified_gmt":"2018-06-25T07:51:34","slug":"wolkersdorfer-kirchweih-vom-22-juni-2018-25-juni-2018","status":"publish","type":"post","link":"https:\/\/www.region-schwabach.de\/wordpress\/wolkersdorfer-kirchweih-vom-22-juni-2018-25-juni-2018\/","title":{"rendered":"Wolkersdorfer Kirchweih vom 22. Juni 2018 \u2013 25. Juni 2018"},"content":{"rendered":"\t\t<div data-elementor-type=\"wp-post\" data-elementor-id=\"42260\" class=\"elementor elementor-42260 elementor-bc-flex-widget\">\n\t\t\t\t\t\t<section class=\"elementor-section elementor-top-section elementor-element elementor-element-9b24ed3 elementor-section-boxed elementor-section-height-default elementor-section-height-default\" data-id=\"9b24ed3\" data-element_type=\"section\">\n\t\t\t\t\t\t<div class=\"elementor-container elementor-column-gap-default\">\n\t\t\t\t\t<div class=\"elementor-column elementor-col-66 elementor-top-column elementor-element elementor-element-76c8d87\" data-id=\"76c8d87\" data-element_type=\"column\">\n\t\t\t<div class=\"elementor-widget-wrap elementor-element-populated\">\n\t\t\t\t\t\t<div class=\"elementor-element elementor-element-5483482 elementor-widget elementor-widget-text-editor\" data-id=\"5483482\" data-element_type=\"widget\" data-widget_type=\"text-editor.default\">\n\t\t\t\t<div class=\"elementor-widget-container\">\n\t\t\t\t\t\t\t<h3><strong>Wolkersdorfer K\u00e4rwa vom 22.06.2018 bis 25.06.2018<\/strong><\/h3><p>Wir die K\u00e4rwboum und Madli aus Wolkersdorf m\u00f6chten uns gern vorstellen. Wir sind zurzeit 36 aktive Mitglieder im Alter von 16 bis 30 Jahren und jeder von uns ist mit Leib und Seele dabei. Wir haben dieses Jahr unser 40igstes Jubil\u00e4um, dies bedeutet f\u00fcr uns:\u00a0<strong>40 Jahre Leidenschaft und Brauchtumspflege,\u00a0<\/strong>auf welche wir wirklich sehr stolz sind. Aus diesem Grund m\u00f6chten wir Sie alle recht herzlich (<em>klein<\/em>) zur Wolkersdorfer K\u00e4rwa 2018 einladen. Diese findet jedes(<em>dieses<\/em>) Jahr wieder am letzten Wochenende im Juni, auf der gro\u00dfen Wiese neben dem Dorfplatz statt.<\/p><h3>Freitag, den 22. Juni 2018<\/h3><p>Wir \u00f6ffnen unsere K\u00e4rwa am Freitag den 22.06.2018 um 15:00 Uhr. Ab 18:00 Uhr kommt die Band Bayernm\u00e4n. Um 19:00 Uhr kommen wir dann zum offiziellen Teil, denn der Andi L\u00f6hnert, der Vorstand des TSV Wolkersdorf (<em>ohne s<\/em>), macht dieses Jahr unsern Bieranstich. Danach wird Stimmung mit der Partyband Bayernm\u00e4n gemacht.<\/p><h3>Samstag, den 23. Juni 2018<\/h3><p>Weiter geht es am Samstag ab 15:00 Uhr am Festplatz. Um 17:00 Uhr stellen wir wie jedes Jahr unseren K\u00e4rwabaum, dieser wird danach (<em>ein<\/em>) ausgetanzt. Dieses Jahr mit einem Tanz der speziellen Art. Seien Sie also gespannt. Danach gibt es noch bayerische Musik zum Entspannen ehe der Puls hochschie\u00dft. Denn wenn um 20:00 Uhr die Deutschen gegen Schweden spielen wird dies alles andere als entspannt.<\/p><h3>Sonntag, den 24. Juni 2018<\/h3><p>Am Sonntag beginnen wir um 10:00 Uhr mit unserem Festgottesdienst. Um 15:00 Uhr kommen die K\u00e4rwaboum aus den Nachbard\u00f6rfern (<em>nur ein n<\/em>) um an unserem hei\u00df begehrten Singwettbewerb anzutreten. Danach f\u00fchrt der Wolkersdorfer Kindergarten noch was auf (<em>Bei der Malin nachfragen ob das nicht davor oder w\u00e4hrenddessen ist \u2013 w\u00fcrde das Ganze noch etwas mehr anpreisen \u2013 Son in der Art: Die Kleinen sind ganz gro\u00df oder auch der Nachwuchs kommt bei uns nicht zu kurz<\/em>). Abends ab 18:30 spielt (<em>kommt<\/em>) dann die Band JAM.<\/p><h3>Montag, den 25. Juni 2018<\/h3><p>Am Montag geht es in der fr\u00fch um 10:00 Uhr los bei unserem weltber\u00fchmten Schopp\u00b4nschie\u00dfn auf dem Gel\u00e4nde des TSV Wolkersdorf (<em>ohne s<\/em>). Ab 15:00 Uhr beginnt unser Familiennachmittag zu welchem wir Jung und Alt gerne einladen. Um 20:30 wird unser herzallerliebster K\u00e4rwabaum versteigert. Dazu (<em>Zwischendurch)<\/em>\u00a0gibt es (<em>ohne immer wieder<\/em>) Musik von den Alpin Schlawinern.<\/p><h3>Public Viewing zur Fu\u00dfball-WM gibt es nat\u00fcrlich auch<\/h3><p>Da ja dieses Jahr auch noch die Fu\u00dfball Weltmeisterschaft beginnt, laden wir Sie nat\u00fcrlich auch sehr gerne zum Public Viewing im Festzelt ein. Am Sonntag den 17.06.2018 um 17:00 Uhr spielt Deutschland gegen Mexico und am K\u00e4wa-Samstag spielt um 20:00 Uhr Deutschland gegen\u00a0\u00a0\u00a0 Schweden. Deshalb kommt vorbei, wir freuen uns auf Euch.<\/p><h4><strong>K\u00e4rwaboum und Madli Wolkersdorf<\/strong><\/h4>\t\t\t\t\t\t<\/div>\n\t\t\t\t<\/div>\n\t\t\t\t<div class=\"elementor-element elementor-element-af929da elementor-widget elementor-widget-google_maps\" data-id=\"af929da\" data-element_type=\"widget\" data-widget_type=\"google_maps.default\">\n\t\t\t\t<div class=\"elementor-widget-container\">\n\t\t\t\t\t<div class=\"elementor-custom-embed\">\n\t\t\t<iframe loading=\"lazy\"\n\t\t\t\t\tsrc=\"https:\/\/maps.google.com\/maps?q=49.359937%2C%2011.026433&#038;t=m&#038;z=17&#038;output=embed&#038;iwloc=near\"\n\t\t\t\t\ttitle=\"49.359937, 11.026433\"\n\t\t\t\t\taria-label=\"49.359937, 11.026433\"\n\t\t\t><\/iframe>\n\t\t<\/div>\n\t\t\t\t<\/div>\n\t\t\t\t<\/div>\n\t\t\t\t<div class=\"elementor-element elementor-element-4567c7b elementor-widget-divider--view-line elementor-widget elementor-widget-divider\" data-id=\"4567c7b\" data-element_type=\"widget\" data-widget_type=\"divider.default\">\n\t\t\t\t<div class=\"elementor-widget-container\">\n\t\t\t\t\t<div class=\"elementor-divider\">\n\t\t\t<span class=\"elementor-divider-separator\">\n\t\t\t\t\t\t<\/span>\n\t\t<\/div>\n\t\t\t\t<\/div>\n\t\t\t\t<\/div>\n\t\t\t\t\t<\/div>\n\t\t<\/div>\n\t\t\t\t<div class=\"elementor-column elementor-col-33 elementor-top-column elementor-element elementor-element-3956350\" data-id=\"3956350\" data-element_type=\"column\">\n\t\t\t<div class=\"elementor-widget-wrap elementor-element-populated\">\n\t\t\t\t\t\t<div class=\"elementor-element elementor-element-c0eb513 elementor-widget elementor-widget-image\" data-id=\"c0eb513\" data-element_type=\"widget\" data-widget_type=\"image.default\">\n\t\t\t\t<div class=\"elementor-widget-container\">\n\t\t\t\t\t\t\t\t\t\t\t\t\t<img fetchpriority=\"high\" decoding=\"async\" width=\"300\" height=\"300\" src=\"https:\/\/www.region-schwabach.de\/wordpress\/wp-content\/uploads\/2018\/05\/werbung1-300x300.png\" class=\"attachment-medium size-medium wp-image-40718\" alt=\"\" srcset=\"https:\/\/www.region-schwabach.de\/wordpress\/wp-content\/uploads\/2018\/05\/werbung1-300x300.png 300w, https:\/\/www.region-schwabach.de\/wordpress\/wp-content\/uploads\/2018\/05\/werbung1-150x150.png 150w, https:\/\/www.region-schwabach.de\/wordpress\/wp-content\/uploads\/2018\/05\/werbung1-768x768.png 768w, https:\/\/www.region-schwabach.de\/wordpress\/wp-content\/uploads\/2018\/05\/werbung1-1024x1024.png 1024w, https:\/\/www.region-schwabach.de\/wordpress\/wp-content\/uploads\/2018\/05\/werbung1.png 1200w\" sizes=\"(max-width: 300px) 100vw, 300px\" \/>\t\t\t\t\t\t\t\t\t\t\t\t\t<\/div>\n\t\t\t\t<\/div>\n\t\t\t\t\t<\/div>\n\t\t<\/div>\n\t\t\t\t\t<\/div>\n\t\t<\/section>\n\t\t\t\t<section class=\"elementor-section elementor-top-section elementor-element elementor-element-8031f59 elementor-section-boxed elementor-section-height-default elementor-section-height-default\" data-id=\"8031f59\" data-element_type=\"section\">\n\t\t\t\t\t\t<div class=\"elementor-container elementor-column-gap-default\">\n\t\t\t\t\t<div class=\"elementor-column elementor-col-100 elementor-top-column elementor-element elementor-element-2cd827a\" data-id=\"2cd827a\" data-element_type=\"column\">\n\t\t\t<div class=\"elementor-widget-wrap elementor-element-populated\">\n\t\t\t\t\t\t<div class=\"elementor-element elementor-element-2399845 elementor-widget elementor-widget-heading\" data-id=\"2399845\" data-element_type=\"widget\" data-widget_type=\"heading.default\">\n\t\t\t\t<div class=\"elementor-widget-container\">\n\t\t\t<h3 class=\"elementor-heading-title elementor-size-default\">(Bilder zum Vergr\u00f6\u00dfern bitte anklicken)<\/h3>\t\t<\/div>\n\t\t\t\t<\/div>\n\t\t\t\t\t<\/div>\n\t\t<\/div>\n\t\t\t\t\t<\/div>\n\t\t<\/section>\n\t\t\t\t<section class=\"elementor-section elementor-top-section elementor-element elementor-element-90f4d11 elementor-section-boxed elementor-section-height-default elementor-section-height-default\" data-id=\"90f4d11\" data-element_type=\"section\">\n\t\t\t\t\t\t<div class=\"elementor-container elementor-column-gap-default\">\n\t\t\t\t\t<div class=\"elementor-column elementor-col-50 elementor-top-column elementor-element elementor-element-8540736\" data-id=\"8540736\" data-element_type=\"column\">\n\t\t\t<div class=\"elementor-widget-wrap elementor-element-populated\">\n\t\t\t\t\t\t<div class=\"elementor-element elementor-element-411e003 elementor-widget elementor-widget-image\" data-id=\"411e003\" data-element_type=\"widget\" data-widget_type=\"image.default\">\n\t\t\t\t<div class=\"elementor-widget-container\">\n\t\t\t\t\t\t\t\t\t\t<figure class=\"wp-caption\">\n\t\t\t\t\t\t\t\t\t\t<img decoding=\"async\" width=\"992\" height=\"1000\" src=\"https:\/\/www.region-schwabach.de\/wordpress\/wp-content\/uploads\/2018\/06\/Logo_K\u00e4rwa_neu_preview.jpeg-1.jpg\" class=\"attachment-full size-full wp-image-42254\" alt=\"\" srcset=\"https:\/\/www.region-schwabach.de\/wordpress\/wp-content\/uploads\/2018\/06\/Logo_K\u00e4rwa_neu_preview.jpeg-1.jpg 992w, https:\/\/www.region-schwabach.de\/wordpress\/wp-content\/uploads\/2018\/06\/Logo_K\u00e4rwa_neu_preview.jpeg-1-150x150.jpg 150w, https:\/\/www.region-schwabach.de\/wordpress\/wp-content\/uploads\/2018\/06\/Logo_K\u00e4rwa_neu_preview.jpeg-1-298x300.jpg 298w, https:\/\/www.region-schwabach.de\/wordpress\/wp-content\/uploads\/2018\/06\/Logo_K\u00e4rwa_neu_preview.jpeg-1-768x774.jpg 768w\" sizes=\"(max-width: 992px) 100vw, 992px\" \/>\t\t\t\t\t\t\t\t\t\t\t<figcaption class=\"widget-image-caption wp-caption-text\">Logo der K\u00e4rwaboum und Madli Wolkersdorf<\/figcaption>\n\t\t\t\t\t\t\t\t\t\t<\/figure>\n\t\t\t\t\t\t\t<\/div>\n\t\t\t\t<\/div>\n\t\t\t\t\t<\/div>\n\t\t<\/div>\n\t\t\t\t<div class=\"elementor-column elementor-col-50 elementor-top-column elementor-element elementor-element-5f6aae8\" data-id=\"5f6aae8\" data-element_type=\"column\">\n\t\t\t<div class=\"elementor-widget-wrap elementor-element-populated\">\n\t\t\t\t\t\t<div class=\"elementor-element elementor-element-d690ba3 elementor-widget elementor-widget-image\" data-id=\"d690ba3\" data-element_type=\"widget\" data-widget_type=\"image.default\">\n\t\t\t\t<div class=\"elementor-widget-container\">\n\t\t\t\t\t\t\t\t\t\t<figure class=\"wp-caption\">\n\t\t\t\t\t\t\t\t\t\t\t<a href=\"http:\/\/www.region-schwabach.de\/wordpress\/wp-content\/uploads\/2018\/06\/gruppenfoto_preview.jpeg.jpg\" data-elementor-open-lightbox=\"yes\" data-elementor-lightbox-title=\"gruppenfoto_preview.jpeg\" data-e-action-hash=\"#elementor-action%3Aaction%3Dlightbox%26settings%3DeyJpZCI6NDIyNTAsInVybCI6Imh0dHBzOlwvXC93d3cucmVnaW9uLXNjaHdhYmFjaC5kZVwvd29yZHByZXNzXC93cC1jb250ZW50XC91cGxvYWRzXC8yMDE4XC8wNlwvZ3J1cHBlbmZvdG9fcHJldmlldy5qcGVnLmpwZyJ9\">\n\t\t\t\t\t\t\t<img decoding=\"async\" width=\"1600\" height=\"1067\" src=\"https:\/\/www.region-schwabach.de\/wordpress\/wp-content\/uploads\/2018\/06\/gruppenfoto_preview.jpeg.jpg\" class=\"attachment-full size-full wp-image-42250\" alt=\"\" srcset=\"https:\/\/www.region-schwabach.de\/wordpress\/wp-content\/uploads\/2018\/06\/gruppenfoto_preview.jpeg.jpg 1600w, https:\/\/www.region-schwabach.de\/wordpress\/wp-content\/uploads\/2018\/06\/gruppenfoto_preview.jpeg-300x200.jpg 300w, https:\/\/www.region-schwabach.de\/wordpress\/wp-content\/uploads\/2018\/06\/gruppenfoto_preview.jpeg-768x512.jpg 768w, https:\/\/www.region-schwabach.de\/wordpress\/wp-content\/uploads\/2018\/06\/gruppenfoto_preview.jpeg-1024x683.jpg 1024w\" sizes=\"(max-width: 1600px) 100vw, 1600px\" \/>\t\t\t\t\t\t\t\t<\/a>\n\t\t\t\t\t\t\t\t\t\t\t<figcaption class=\"widget-image-caption wp-caption-text\">Foto der K\u00e4rwaboum und Madli Wolkersdorf<\/figcaption>\n\t\t\t\t\t\t\t\t\t\t<\/figure>\n\t\t\t\t\t\t\t<\/div>\n\t\t\t\t<\/div>\n\t\t\t\t\t<\/div>\n\t\t<\/div>\n\t\t\t\t\t<\/div>\n\t\t<\/section>\n\t\t\t\t<\/div>\n\t\t","protected":false},"excerpt":{"rendered":"<div class=\"mh-excerpt\"><p>Wolkersdorfer K\u00e4rwa vom 22.06.2018 bis 25.06.2018 Wir die K\u00e4rwboum und Madli aus Wolkersdorf m\u00f6chten uns gern vorstellen. Wir sind zurzeit 36 aktive Mitglieder im Alter von 16 bis 30 Jahren und jeder von uns ist <a class=\"mh-excerpt-more\" href=\"https:\/\/www.region-schwabach.de\/wordpress\/wolkersdorfer-kirchweih-vom-22-juni-2018-25-juni-2018\/\" title=\"Wolkersdorfer Kirchweih vom 22. Juni 2018 \u2013 25. Juni 2018\">[&#8230;]<\/a><\/p>\n<\/div>","protected":false},"author":1,"featured_media":42254,"comment_status":"open","ping_status":"open","sticky":false,"template":"","format":"standard","meta":{"_cbd_carousel_blocks":"[]","footnotes":""},"categories":[16,1,287,231,140],"tags":[4149,2017,4150,4151,4402,4400,4027,19,400],"class_list":{"0":"post-42260","1":"post","2":"type-post","3":"status-publish","4":"format-standard","5":"has-post-thumbnail","7":"category-aktuell","8":"category-allgemein","9":"category-jugend-und-familie","10":"category-veranstaltungsnews","11":"category-vereine","12":"tag-22-06-2018","13":"tag-23-06-2018","14":"tag-24-06-2018","15":"tag-25-06-2018","16":"tag-deutsche-version","17":"tag-dorfplatz","18":"tag-kirchweih","19":"tag-schwabach","20":"tag-wolkersdorf"},"_links":{"self":[{"href":"https:\/\/www.region-schwabach.de\/wordpress\/wp-json\/wp\/v2\/posts\/42260","targetHints":{"allow":["GET"]}}],"collection":[{"href":"https:\/\/www.region-schwabach.de\/wordpress\/wp-json\/wp\/v2\/posts"}],"about":[{"href":"https:\/\/www.region-schwabach.de\/wordpress\/wp-json\/wp\/v2\/types\/post"}],"author":[{"embeddable":true,"href":"https:\/\/www.region-schwabach.de\/wordpress\/wp-json\/wp\/v2\/users\/1"}],"replies":[{"embeddable":true,"href":"https:\/\/www.region-schwabach.de\/wordpress\/wp-json\/wp\/v2\/comments?post=42260"}],"version-history":[{"count":0,"href":"https:\/\/www.region-schwabach.de\/wordpress\/wp-json\/wp\/v2\/posts\/42260\/revisions"}],"wp:featuredmedia":[{"embeddable":true,"href":"https:\/\/www.region-schwabach.de\/wordpress\/wp-json\/wp\/v2\/media\/42254"}],"wp:attachment":[{"href":"https:\/\/www.region-schwabach.de\/wordpress\/wp-json\/wp\/v2\/media?parent=42260"}],"wp:term":[{"taxonomy":"category","embeddable":true,"href":"https:\/\/www.region-schwabach.de\/wordpress\/wp-json\/wp\/v2\/categories?post=42260"},{"taxonomy":"post_tag","embeddable":true,"href":"https:\/\/www.region-schwabach.de\/wordpress\/wp-json\/wp\/v2\/tags?post=42260"}],"curies":[{"name":"wp","href":"https:\/\/api.w.org\/{rel}","templated":true}]}}