{"id":42264,"date":"2018-06-08T18:40:19","date_gmt":"2018-06-08T16:40:19","guid":{"rendered":"http:\/\/www.region-schwabach.de\/wordpress\/?p=42264"},"modified":"2018-06-09T11:13:48","modified_gmt":"2018-06-09T09:13:48","slug":"wolkersdorfer-kirchweih-vom-22-juni-2018-25-juni-2018-fraenkische-version","status":"publish","type":"post","link":"https:\/\/www.region-schwabach.de\/wordpress\/wolkersdorfer-kirchweih-vom-22-juni-2018-25-juni-2018-fraenkische-version\/","title":{"rendered":"Wolkersdorfer Kirchweih vom 22. Juni 2018 \u2013 25. Juni 2018 (fr\u00e4nkische Version)"},"content":{"rendered":"\t\t<div data-elementor-type=\"wp-post\" data-elementor-id=\"42264\" class=\"elementor elementor-42264 elementor-bc-flex-widget\">\n\t\t\t\t\t\t<section class=\"elementor-section elementor-top-section elementor-element elementor-element-9b24ed3 elementor-section-boxed elementor-section-height-default elementor-section-height-default\" data-id=\"9b24ed3\" data-element_type=\"section\">\n\t\t\t\t\t\t<div class=\"elementor-container elementor-column-gap-default\">\n\t\t\t\t\t<div class=\"elementor-column elementor-col-66 elementor-top-column elementor-element elementor-element-76c8d87\" data-id=\"76c8d87\" data-element_type=\"column\">\n\t\t\t<div class=\"elementor-widget-wrap elementor-element-populated\">\n\t\t\t\t\t\t<div class=\"elementor-element elementor-element-5483482 elementor-widget elementor-widget-text-editor\" data-id=\"5483482\" data-element_type=\"widget\" data-widget_type=\"text-editor.default\">\n\t\t\t\t<div class=\"elementor-widget-container\">\n\t\t\t\t\t\t\t<h3><strong>Wolkersdorfer K\u00e4rwa 22.06.2018 bis 25.06.2018<\/strong><\/h3><p>Mir die K\u00e4rwboum und Madli aus Wolkersdorf mechtn uns gern vorstellen. Mir sind zurzeit 36 aktive Mitglieder im Alter von 16 bis 30 und jeder von uns ist mit Leib und Seele dabei. Mir ham des Joahr unser 40igstes Jubil\u00e4um was f\u00fcr uns bedeutet:\u00a0<strong>40 Joahr Leidenschaft und Brauchtumspflege,\u00a0<\/strong>auf welche mir echt stolz sind. Aus dem Grund mechten mir Sie alle recht herzlich zur Wolkersdorfer K\u00e4rwa 2018 einladen. Die findet jeds Joahr wieder am letzten Juni Wochenende, auf der grou\u00dfen Wiesn neberm Dorfplatz statt.<\/p><h3>22. Juni 2018<\/h3><p>Mir \u00f6ffnen unsere Pforten am Freitag den 22.06.2018 um 15:00 Uhr. Ab 18:00 Uhr kommt die Band Bayernm\u00e4n. Um 19:00 Uhr kommen mir dann zum offiziellen Teil, wenn da Andi L\u00f6hnert, der Vorstand des TSV Wolkersdorf, unsern Bieranstich macht. Danach wird a mega Stimmung mit der Partyband Bayernm\u00e4n gmacht.<\/p><h3>23. Juni 2018<\/h3><p>Weiter geht\u2019s dann am Samstag. Ab 15:00 Uhr ham mir unsern Festplatz offen. \u00a0Um 17:00 Uhr stellen mir wie jeds Joahr unsern K\u00e4rwabaam, welcher danoch wieder ausdanzt wird. Des Joahr mit am Tanz der speziellen Art. Seid also gspannt. Danoch gibt\u2019s a weng a bayerische Musik zum Entspanna ehe der Puls hochsch\u00e4ist. Denn wenn um 20:00 Uhr die Deutschen gecher Schweden spieln wird des alles andere als entspannt.<\/p><h3>24. Juni 2018<\/h3><p>Am Sonndoch beginna mir um 10:00 Uhr mit unserem Festgottesdienst. Um 15:00 Uhr komma die K\u00e4rwaboum aus die Nachbard\u00f6rfer um an unserm hei\u00df begehrten Singwettbewerb anzudreten. Nad\u00fcrlich kumma bei uns die Klana a ned zu kurz, deswegn gibt\u2019s ah nu an Auftritt von die Kids ausm Wolkersdorfer Kindergardn. Abends ab 18:30 spielt dann die Band JAM.<\/p><h3>25. Juni 2018<\/h3><p>Am Montag geht\u2019s in der fr\u00fch um 10:00 Uhr los bei unserem weltber\u00fchmten Schopp\u00b4nschie\u00dfn unten aufm Gel\u00e4nde vom TSV Wolkersdorf. Ab 15:00 Uhr beginnt unser Familiennachmitdoch wo ma \u00a0Jung und Alt gern einladn. Um 20:30 wird unser herzallerliebster K\u00e4rwabaam versteichert. Dazou gibt\u2019s a weng a Musik von die Alpin Schlawiner.<\/p><p>pablik Vuwing homer a nu<\/p><p>Da ja des Joahr a nu die Fu\u00dfball Weldmeisterschaft is laden mir Euch alle nad\u00fcrlich a gern zum Public Viewing ein. Am Sonnndoch den 17.06.2018 um 17:00 Uhr spield Deutschland gecher Mexico und am K\u00e4rwa-Samsdoch spield um 20:00 Uhr Deutschland gecher Schweden. Also kummt vorbei, mir freia uns auf Eich.<\/p><p>L\u00e4ibe Gr\u00e4i\u00df w\u00fcnschn Eire<\/p><h4><strong>K\u00e4rwaboum und Madli Wolkersdorf<\/strong><\/h4>\t\t\t\t\t\t<\/div>\n\t\t\t\t<\/div>\n\t\t\t\t<div class=\"elementor-element elementor-element-af929da elementor-widget elementor-widget-google_maps\" data-id=\"af929da\" data-element_type=\"widget\" data-widget_type=\"google_maps.default\">\n\t\t\t\t<div class=\"elementor-widget-container\">\n\t\t\t\t\t<div class=\"elementor-custom-embed\">\n\t\t\t<iframe loading=\"lazy\"\n\t\t\t\t\tsrc=\"https:\/\/maps.google.com\/maps?q=49.359937%2C%2011.026433&#038;t=m&#038;z=17&#038;output=embed&#038;iwloc=near\"\n\t\t\t\t\ttitle=\"49.359937, 11.026433\"\n\t\t\t\t\taria-label=\"49.359937, 11.026433\"\n\t\t\t><\/iframe>\n\t\t<\/div>\n\t\t\t\t<\/div>\n\t\t\t\t<\/div>\n\t\t\t\t<div class=\"elementor-element elementor-element-4567c7b elementor-widget-divider--view-line elementor-widget elementor-widget-divider\" data-id=\"4567c7b\" data-element_type=\"widget\" data-widget_type=\"divider.default\">\n\t\t\t\t<div class=\"elementor-widget-container\">\n\t\t\t\t\t<div class=\"elementor-divider\">\n\t\t\t<span class=\"elementor-divider-separator\">\n\t\t\t\t\t\t<\/span>\n\t\t<\/div>\n\t\t\t\t<\/div>\n\t\t\t\t<\/div>\n\t\t\t\t\t<\/div>\n\t\t<\/div>\n\t\t\t\t<div class=\"elementor-column elementor-col-33 elementor-top-column elementor-element elementor-element-3956350\" data-id=\"3956350\" data-element_type=\"column\">\n\t\t\t<div class=\"elementor-widget-wrap elementor-element-populated\">\n\t\t\t\t\t\t<div class=\"elementor-element elementor-element-c0eb513 elementor-widget elementor-widget-image\" data-id=\"c0eb513\" data-element_type=\"widget\" data-widget_type=\"image.default\">\n\t\t\t\t<div class=\"elementor-widget-container\">\n\t\t\t\t\t\t\t\t\t\t\t\t\t<img fetchpriority=\"high\" decoding=\"async\" width=\"300\" height=\"300\" src=\"https:\/\/www.region-schwabach.de\/wordpress\/wp-content\/uploads\/2018\/05\/werbung1-300x300.png\" class=\"attachment-medium size-medium wp-image-40718\" alt=\"\" srcset=\"https:\/\/www.region-schwabach.de\/wordpress\/wp-content\/uploads\/2018\/05\/werbung1-300x300.png 300w, https:\/\/www.region-schwabach.de\/wordpress\/wp-content\/uploads\/2018\/05\/werbung1-150x150.png 150w, https:\/\/www.region-schwabach.de\/wordpress\/wp-content\/uploads\/2018\/05\/werbung1-768x768.png 768w, https:\/\/www.region-schwabach.de\/wordpress\/wp-content\/uploads\/2018\/05\/werbung1-1024x1024.png 1024w, https:\/\/www.region-schwabach.de\/wordpress\/wp-content\/uploads\/2018\/05\/werbung1.png 1200w\" sizes=\"(max-width: 300px) 100vw, 300px\" \/>\t\t\t\t\t\t\t\t\t\t\t\t\t<\/div>\n\t\t\t\t<\/div>\n\t\t\t\t\t<\/div>\n\t\t<\/div>\n\t\t\t\t\t<\/div>\n\t\t<\/section>\n\t\t\t\t<section class=\"elementor-section elementor-top-section elementor-element elementor-element-8031f59 elementor-section-boxed elementor-section-height-default elementor-section-height-default\" data-id=\"8031f59\" data-element_type=\"section\">\n\t\t\t\t\t\t<div class=\"elementor-container elementor-column-gap-default\">\n\t\t\t\t\t<div class=\"elementor-column elementor-col-100 elementor-top-column elementor-element elementor-element-2cd827a\" data-id=\"2cd827a\" data-element_type=\"column\">\n\t\t\t<div class=\"elementor-widget-wrap elementor-element-populated\">\n\t\t\t\t\t\t<div class=\"elementor-element elementor-element-2399845 elementor-widget elementor-widget-heading\" data-id=\"2399845\" data-element_type=\"widget\" data-widget_type=\"heading.default\">\n\t\t\t\t<div class=\"elementor-widget-container\">\n\t\t\t<h3 class=\"elementor-heading-title elementor-size-default\">(Bilder zum Vergr\u00f6\u00dfern bitte anklicken)<\/h3>\t\t<\/div>\n\t\t\t\t<\/div>\n\t\t\t\t\t<\/div>\n\t\t<\/div>\n\t\t\t\t\t<\/div>\n\t\t<\/section>\n\t\t\t\t<section class=\"elementor-section elementor-top-section elementor-element elementor-element-90f4d11 elementor-section-boxed elementor-section-height-default elementor-section-height-default\" data-id=\"90f4d11\" data-element_type=\"section\">\n\t\t\t\t\t\t<div class=\"elementor-container elementor-column-gap-default\">\n\t\t\t\t\t<div class=\"elementor-column elementor-col-50 elementor-top-column elementor-element elementor-element-8540736\" data-id=\"8540736\" data-element_type=\"column\">\n\t\t\t<div class=\"elementor-widget-wrap elementor-element-populated\">\n\t\t\t\t\t\t<div class=\"elementor-element elementor-element-411e003 elementor-widget elementor-widget-image\" data-id=\"411e003\" data-element_type=\"widget\" data-widget_type=\"image.default\">\n\t\t\t\t<div class=\"elementor-widget-container\">\n\t\t\t\t\t\t\t\t\t\t<figure class=\"wp-caption\">\n\t\t\t\t\t\t\t\t\t\t<img decoding=\"async\" width=\"992\" height=\"1000\" src=\"https:\/\/www.region-schwabach.de\/wordpress\/wp-content\/uploads\/2018\/06\/Logo_K\u00e4rwa_neu_preview.jpeg-1.jpg\" class=\"attachment-full size-full wp-image-42254\" alt=\"\" srcset=\"https:\/\/www.region-schwabach.de\/wordpress\/wp-content\/uploads\/2018\/06\/Logo_K\u00e4rwa_neu_preview.jpeg-1.jpg 992w, https:\/\/www.region-schwabach.de\/wordpress\/wp-content\/uploads\/2018\/06\/Logo_K\u00e4rwa_neu_preview.jpeg-1-150x150.jpg 150w, https:\/\/www.region-schwabach.de\/wordpress\/wp-content\/uploads\/2018\/06\/Logo_K\u00e4rwa_neu_preview.jpeg-1-298x300.jpg 298w, https:\/\/www.region-schwabach.de\/wordpress\/wp-content\/uploads\/2018\/06\/Logo_K\u00e4rwa_neu_preview.jpeg-1-768x774.jpg 768w\" sizes=\"(max-width: 992px) 100vw, 992px\" \/>\t\t\t\t\t\t\t\t\t\t\t<figcaption class=\"widget-image-caption wp-caption-text\">Logo der K\u00e4rwaboum und Madli Wolkersdorf<\/figcaption>\n\t\t\t\t\t\t\t\t\t\t<\/figure>\n\t\t\t\t\t\t\t<\/div>\n\t\t\t\t<\/div>\n\t\t\t\t\t<\/div>\n\t\t<\/div>\n\t\t\t\t<div class=\"elementor-column elementor-col-50 elementor-top-column elementor-element elementor-element-5f6aae8\" data-id=\"5f6aae8\" data-element_type=\"column\">\n\t\t\t<div class=\"elementor-widget-wrap elementor-element-populated\">\n\t\t\t\t\t\t<div class=\"elementor-element elementor-element-d690ba3 elementor-widget elementor-widget-image\" data-id=\"d690ba3\" data-element_type=\"widget\" data-widget_type=\"image.default\">\n\t\t\t\t<div class=\"elementor-widget-container\">\n\t\t\t\t\t\t\t\t\t\t<figure class=\"wp-caption\">\n\t\t\t\t\t\t\t\t\t\t\t<a href=\"http:\/\/www.region-schwabach.de\/wordpress\/wp-content\/uploads\/2018\/06\/gruppenfoto_preview.jpeg.jpg\" data-elementor-open-lightbox=\"yes\" data-elementor-lightbox-title=\"gruppenfoto_preview.jpeg\" data-e-action-hash=\"#elementor-action%3Aaction%3Dlightbox%26settings%3DeyJpZCI6NDIyNTAsInVybCI6Imh0dHBzOlwvXC93d3cucmVnaW9uLXNjaHdhYmFjaC5kZVwvd29yZHByZXNzXC93cC1jb250ZW50XC91cGxvYWRzXC8yMDE4XC8wNlwvZ3J1cHBlbmZvdG9fcHJldmlldy5qcGVnLmpwZyJ9\">\n\t\t\t\t\t\t\t<img decoding=\"async\" width=\"1600\" height=\"1067\" src=\"https:\/\/www.region-schwabach.de\/wordpress\/wp-content\/uploads\/2018\/06\/gruppenfoto_preview.jpeg.jpg\" class=\"attachment-full size-full wp-image-42250\" alt=\"\" srcset=\"https:\/\/www.region-schwabach.de\/wordpress\/wp-content\/uploads\/2018\/06\/gruppenfoto_preview.jpeg.jpg 1600w, https:\/\/www.region-schwabach.de\/wordpress\/wp-content\/uploads\/2018\/06\/gruppenfoto_preview.jpeg-300x200.jpg 300w, https:\/\/www.region-schwabach.de\/wordpress\/wp-content\/uploads\/2018\/06\/gruppenfoto_preview.jpeg-768x512.jpg 768w, https:\/\/www.region-schwabach.de\/wordpress\/wp-content\/uploads\/2018\/06\/gruppenfoto_preview.jpeg-1024x683.jpg 1024w\" sizes=\"(max-width: 1600px) 100vw, 1600px\" \/>\t\t\t\t\t\t\t\t<\/a>\n\t\t\t\t\t\t\t\t\t\t\t<figcaption class=\"widget-image-caption wp-caption-text\">Foto der K\u00e4rwaboum und Madli Wolkersdorf<\/figcaption>\n\t\t\t\t\t\t\t\t\t\t<\/figure>\n\t\t\t\t\t\t\t<\/div>\n\t\t\t\t<\/div>\n\t\t\t\t\t<\/div>\n\t\t<\/div>\n\t\t\t\t\t<\/div>\n\t\t<\/section>\n\t\t\t\t<\/div>\n\t\t","protected":false},"excerpt":{"rendered":"<div class=\"mh-excerpt\"><p>Wolkersdorfer K\u00e4rwa 22.06.2018 bis 25.06.2018 Mir die K\u00e4rwboum und Madli aus Wolkersdorf mechtn uns gern vorstellen. Mir sind zurzeit 36 aktive Mitglieder im Alter von 16 bis 30 und jeder von uns ist mit Leib <a class=\"mh-excerpt-more\" href=\"https:\/\/www.region-schwabach.de\/wordpress\/wolkersdorfer-kirchweih-vom-22-juni-2018-25-juni-2018-fraenkische-version\/\" title=\"Wolkersdorfer Kirchweih vom 22. Juni 2018 \u2013 25. Juni 2018 (fr\u00e4nkische Version)\">[&#8230;]<\/a><\/p>\n<\/div>","protected":false},"author":1,"featured_media":42254,"comment_status":"open","ping_status":"open","sticky":false,"template":"","format":"standard","meta":{"_cbd_carousel_blocks":"[]","footnotes":""},"categories":[16,1,287,231,140],"tags":[4149,2017,4150,4151,4400,4401,4027,19,400],"class_list":{"0":"post-42264","1":"post","2":"type-post","3":"status-publish","4":"format-standard","5":"has-post-thumbnail","7":"category-aktuell","8":"category-allgemein","9":"category-jugend-und-familie","10":"category-veranstaltungsnews","11":"category-vereine","12":"tag-22-06-2018","13":"tag-23-06-2018","14":"tag-24-06-2018","15":"tag-25-06-2018","16":"tag-dorfplatz","17":"tag-fraenkische-version","18":"tag-kirchweih","19":"tag-schwabach","20":"tag-wolkersdorf"},"_links":{"self":[{"href":"https:\/\/www.region-schwabach.de\/wordpress\/wp-json\/wp\/v2\/posts\/42264","targetHints":{"allow":["GET"]}}],"collection":[{"href":"https:\/\/www.region-schwabach.de\/wordpress\/wp-json\/wp\/v2\/posts"}],"about":[{"href":"https:\/\/www.region-schwabach.de\/wordpress\/wp-json\/wp\/v2\/types\/post"}],"author":[{"embeddable":true,"href":"https:\/\/www.region-schwabach.de\/wordpress\/wp-json\/wp\/v2\/users\/1"}],"replies":[{"embeddable":true,"href":"https:\/\/www.region-schwabach.de\/wordpress\/wp-json\/wp\/v2\/comments?post=42264"}],"version-history":[{"count":0,"href":"https:\/\/www.region-schwabach.de\/wordpress\/wp-json\/wp\/v2\/posts\/42264\/revisions"}],"wp:featuredmedia":[{"embeddable":true,"href":"https:\/\/www.region-schwabach.de\/wordpress\/wp-json\/wp\/v2\/media\/42254"}],"wp:attachment":[{"href":"https:\/\/www.region-schwabach.de\/wordpress\/wp-json\/wp\/v2\/media?parent=42264"}],"wp:term":[{"taxonomy":"category","embeddable":true,"href":"https:\/\/www.region-schwabach.de\/wordpress\/wp-json\/wp\/v2\/categories?post=42264"},{"taxonomy":"post_tag","embeddable":true,"href":"https:\/\/www.region-schwabach.de\/wordpress\/wp-json\/wp\/v2\/tags?post=42264"}],"curies":[{"name":"wp","href":"https:\/\/api.w.org\/{rel}","templated":true}]}}