{"id":42272,"date":"2018-06-09T12:40:55","date_gmt":"2018-06-09T10:40:55","guid":{"rendered":"http:\/\/www.region-schwabach.de\/wordpress\/?p=42272"},"modified":"2018-06-09T12:52:24","modified_gmt":"2018-06-09T10:52:24","slug":"nicht-verkehrssicheres-fahrzeug-auf-der-staatsstrasse-2222-bei-pleinfeld-unterwegs","status":"publish","type":"post","link":"https:\/\/www.region-schwabach.de\/wordpress\/nicht-verkehrssicheres-fahrzeug-auf-der-staatsstrasse-2222-bei-pleinfeld-unterwegs\/","title":{"rendered":"Nicht verkehrssicheres Fahrzeug auf der Staatsstra\u00dfe 2222 bei Pleinfeld unterwegs"},"content":{"rendered":"\t\t<div data-elementor-type=\"wp-post\" data-elementor-id=\"42272\" class=\"elementor elementor-42272 elementor-bc-flex-widget\">\n\t\t\t\t\t\t<section class=\"elementor-section elementor-top-section elementor-element elementor-element-1cuv9jr elementor-section-boxed elementor-section-height-default elementor-section-height-default\" data-id=\"1cuv9jr\" data-element_type=\"section\">\n\t\t\t\t\t\t<div class=\"elementor-container elementor-column-gap-default\">\n\t\t\t\t\t<div class=\"elementor-column elementor-col-66 elementor-top-column elementor-element elementor-element-q5zak7b\" data-id=\"q5zak7b\" data-element_type=\"column\">\n\t\t\t<div class=\"elementor-widget-wrap elementor-element-populated\">\n\t\t\t\t\t\t<div class=\"elementor-element elementor-element-86qws23 elementor-widget elementor-widget-text-editor\" data-id=\"86qws23\" data-element_type=\"widget\" data-widget_type=\"text-editor.default\">\n\t\t\t\t<div class=\"elementor-widget-container\">\n\t\t\t\t\t\t\t<h3>Verkehrssicherheit nach Umbau nicht mehr gew\u00e4hrleistet<\/h3><p>Pleinfeld &#8211; Am Freitagnachmittag, den 08.06.2018 (gegen 14.30 Uhr) kontrollierte die Polizei auf der Staatsstra\u00dfe 2222, auf der H\u00f6he von Pleinfeld, einen 29-j\u00e4hrigen BMW-Fahrer. Bei dieser Verkehrskontrolle stellten die Beamten fest, da\u00df in das Fahrzeug ein Gewindefahrwerk eingebaut war, welches so weit herunter geschraubt worden war, dass die Reifen bereits an der Kante des Kotfl\u00fcgels streiften.<\/p><h3>Gefahr f\u00fcr die Verkehrssicherheit<\/h3><p>Deshalb bestand eine erhebliche Gefahr f\u00fcr die Verkehrssicherheit, und dem Fahrer wurde die Weiterfahrt untersagt, und er wurde dazu verpflichtet, in einer Fachwerkst\u00e4tte den ordnungsgem\u00e4\u00dfen Zustand seines Fahrzeuges wiederherstellen zu lassen. Den 29 J\u00e4hrgen erwartet au\u00dferdem eine Anzeige nach der StVZO sowie ein Punkt in Flensburg.<\/p>\t\t\t\t\t\t<\/div>\n\t\t\t\t<\/div>\n\t\t\t\t<div class=\"elementor-element elementor-element-1l7zbzo elementor-widget elementor-widget-google_maps\" data-id=\"1l7zbzo\" data-element_type=\"widget\" data-widget_type=\"google_maps.default\">\n\t\t\t\t<div class=\"elementor-widget-container\">\n\t\t\t\t\t<div class=\"elementor-custom-embed\">\n\t\t\t<iframe loading=\"lazy\"\n\t\t\t\t\tsrc=\"https:\/\/maps.google.com\/maps?q=49.094669%2C%2010.973502&#038;t=m&#038;z=14&#038;output=embed&#038;iwloc=near\"\n\t\t\t\t\ttitle=\"49.094669, 10.973502\"\n\t\t\t\t\taria-label=\"49.094669, 10.973502\"\n\t\t\t><\/iframe>\n\t\t<\/div>\n\t\t\t\t<\/div>\n\t\t\t\t<\/div>\n\t\t\t\t\t<\/div>\n\t\t<\/div>\n\t\t\t\t<div class=\"elementor-column elementor-col-33 elementor-top-column elementor-element elementor-element-0w0urt1\" data-id=\"0w0urt1\" data-element_type=\"column\">\n\t\t\t<div class=\"elementor-widget-wrap elementor-element-populated\">\n\t\t\t\t\t\t<div class=\"elementor-element elementor-element-mo6nk5i elementor-widget elementor-widget-image\" data-id=\"mo6nk5i\" data-element_type=\"widget\" data-widget_type=\"image.default\">\n\t\t\t\t<div class=\"elementor-widget-container\">\n\t\t\t\t\t\t\t\t\t\t\t\t\t\t<a href=\"http:\/\/www.region-schwabach.de\/wordpress\/werben-auf-region-schwabach\/\" target=\"_blank\">\n\t\t\t\t\t\t\t<img fetchpriority=\"high\" decoding=\"async\" width=\"1024\" height=\"1024\" src=\"https:\/\/www.region-schwabach.de\/wordpress\/wp-content\/uploads\/2017\/06\/werbung8-1024x1024.png\" class=\"attachment-large size-large wp-image-2484\" alt=\"\" srcset=\"https:\/\/www.region-schwabach.de\/wordpress\/wp-content\/uploads\/2017\/06\/werbung8-1024x1024.png 1024w, https:\/\/www.region-schwabach.de\/wordpress\/wp-content\/uploads\/2017\/06\/werbung8-150x150.png 150w, https:\/\/www.region-schwabach.de\/wordpress\/wp-content\/uploads\/2017\/06\/werbung8-300x300.png 300w, https:\/\/www.region-schwabach.de\/wordpress\/wp-content\/uploads\/2017\/06\/werbung8-768x768.png 768w, https:\/\/www.region-schwabach.de\/wordpress\/wp-content\/uploads\/2017\/06\/werbung8-600x600.png 600w, https:\/\/www.region-schwabach.de\/wordpress\/wp-content\/uploads\/2017\/06\/werbung8.png 1200w\" sizes=\"(max-width: 1024px) 100vw, 1024px\" \/>\t\t\t\t\t\t\t\t<\/a>\n\t\t\t\t\t\t\t\t\t\t\t\t\t<\/div>\n\t\t\t\t<\/div>\n\t\t\t\t\t<\/div>\n\t\t<\/div>\n\t\t\t\t\t<\/div>\n\t\t<\/section>\n\t\t\t\t<\/div>\n\t\t","protected":false},"excerpt":{"rendered":"<div class=\"mh-excerpt\"><p>Verkehrssicherheit nach Umbau nicht mehr gew\u00e4hrleistet Pleinfeld &#8211; Am Freitagnachmittag, den 08.06.2018 (gegen 14.30 Uhr) kontrollierte die Polizei auf der Staatsstra\u00dfe 2222, auf der H\u00f6he von Pleinfeld, einen 29-j\u00e4hrigen BMW-Fahrer. Bei dieser Verkehrskontrolle stellten die <a class=\"mh-excerpt-more\" href=\"https:\/\/www.region-schwabach.de\/wordpress\/nicht-verkehrssicheres-fahrzeug-auf-der-staatsstrasse-2222-bei-pleinfeld-unterwegs\/\" title=\"Nicht verkehrssicheres Fahrzeug auf der Staatsstra\u00dfe 2222 bei Pleinfeld unterwegs\">[&#8230;]<\/a><\/p>\n<\/div>","protected":false},"author":1,"featured_media":42273,"comment_status":"open","ping_status":"open","sticky":false,"template":"","format":"standard","meta":{"_cbd_carousel_blocks":"[]","footnotes":""},"categories":[15],"tags":[3788,4404,4403,463,820,1241,39,249],"class_list":{"0":"post-42272","1":"post","2":"type-post","3":"status-publish","4":"format-standard","5":"has-post-thumbnail","7":"category-polizeimeldungen","8":"tag-08-06-2018","9":"tag-gewindefahrwerk","10":"tag-nicht-verkehrssicher","11":"tag-pkw","12":"tag-pleinfeld","13":"tag-staatsstrasse-2222","14":"tag-verkehrskontrolle","15":"tag-weissenburg"},"_links":{"self":[{"href":"https:\/\/www.region-schwabach.de\/wordpress\/wp-json\/wp\/v2\/posts\/42272","targetHints":{"allow":["GET"]}}],"collection":[{"href":"https:\/\/www.region-schwabach.de\/wordpress\/wp-json\/wp\/v2\/posts"}],"about":[{"href":"https:\/\/www.region-schwabach.de\/wordpress\/wp-json\/wp\/v2\/types\/post"}],"author":[{"embeddable":true,"href":"https:\/\/www.region-schwabach.de\/wordpress\/wp-json\/wp\/v2\/users\/1"}],"replies":[{"embeddable":true,"href":"https:\/\/www.region-schwabach.de\/wordpress\/wp-json\/wp\/v2\/comments?post=42272"}],"version-history":[{"count":0,"href":"https:\/\/www.region-schwabach.de\/wordpress\/wp-json\/wp\/v2\/posts\/42272\/revisions"}],"wp:featuredmedia":[{"embeddable":true,"href":"https:\/\/www.region-schwabach.de\/wordpress\/wp-json\/wp\/v2\/media\/42273"}],"wp:attachment":[{"href":"https:\/\/www.region-schwabach.de\/wordpress\/wp-json\/wp\/v2\/media?parent=42272"}],"wp:term":[{"taxonomy":"category","embeddable":true,"href":"https:\/\/www.region-schwabach.de\/wordpress\/wp-json\/wp\/v2\/categories?post=42272"},{"taxonomy":"post_tag","embeddable":true,"href":"https:\/\/www.region-schwabach.de\/wordpress\/wp-json\/wp\/v2\/tags?post=42272"}],"curies":[{"name":"wp","href":"https:\/\/api.w.org\/{rel}","templated":true}]}}