{"id":42278,"date":"2018-06-18T04:00:53","date_gmt":"2018-06-18T02:00:53","guid":{"rendered":"http:\/\/www.region-schwabach.de\/wordpress\/?p=42278"},"modified":"2018-06-18T05:04:54","modified_gmt":"2018-06-18T03:04:54","slug":"rednitzhembacher-kirchweih-vom-15-juni-2018-18-juni-2018","status":"publish","type":"post","link":"https:\/\/www.region-schwabach.de\/wordpress\/rednitzhembacher-kirchweih-vom-15-juni-2018-18-juni-2018\/","title":{"rendered":"Rednitzhembacher Kirchweih vom 15. Juni 2018 &#8211; 18. Juni 2018"},"content":{"rendered":"\t\t<div data-elementor-type=\"wp-post\" data-elementor-id=\"42278\" class=\"elementor elementor-42278 elementor-bc-flex-widget\">\n\t\t\t\t\t\t<section class=\"elementor-section elementor-top-section elementor-element elementor-element-678181b elementor-section-boxed elementor-section-height-default elementor-section-height-default\" data-id=\"678181b\" data-element_type=\"section\">\n\t\t\t\t\t\t<div class=\"elementor-container elementor-column-gap-default\">\n\t\t\t\t\t<div class=\"elementor-column elementor-col-66 elementor-top-column elementor-element elementor-element-6b34026\" data-id=\"6b34026\" data-element_type=\"column\">\n\t\t\t<div class=\"elementor-widget-wrap elementor-element-populated\">\n\t\t\t\t\t\t<div class=\"elementor-element elementor-element-443ab98 elementor-widget elementor-widget-text-editor\" data-id=\"443ab98\" data-element_type=\"widget\" data-widget_type=\"text-editor.default\">\n\t\t\t\t<div class=\"elementor-widget-container\">\n\t\t\t\t\t\t\t<h3 class=\"entry-title page-title\">Rednitzhembacher Kirchweih<\/h3><p>Die Rednitzhembacher K\u00e4rwa findet dieses Jahr von Freitag, den 15.06.2018, bis Montag, den 18.06.2018 auf dem Festplatz in der Rother Stra\u00dfe statt.\u00a0<\/p><h3>Programm<\/h3><p><strong>Freitag, den 15. Juni 2018<\/strong><\/p><ul style=\"list-style-type: disc;\"><li>16.00 Uhr: Festzelt ge\u00f6ffnet<\/li><li>19.00 Uhr: Kirchweihauftakt &#8211;\u00a0\u00f6kumenische Kurzandacht in der Katholischen\u00a0Kirche (musikalische\u00a0Umrahmung durch\u00a0den Evangelischen Posaunenchor\u00a0Rednitzhembach e. V. und den\u00a0Gesangverein \u201eLiederkranz\u201c)<\/li><li>19.00 Uhr: Kirchweih- und\u00a0Festzeltbetrieb mit der Band\u00a0\u201eMembers\u201c<\/li><li>19.30 Uhr: Kirchweihfestzug\u00a0mit der Jugendkapelle und\u00a0den Vereinen<\/li><li>20.00 Uhr: Bieranstich und\u00a0Er\u00f6ffnung der Kirchweih durch\u00a01. B\u00fcrgermeister J\u00fcrgen Spahl<br \/>Abend der Vereine und Betriebe<\/li><\/ul><p><strong>Samstag, den 16. Juni 2018<\/strong><\/p><ul style=\"list-style-type: disc;\"><li>14.00 Uhr: Kirchweihbetrieb, Festzelt ge\u00f6ffnet<\/li><li>15.30 Uhr: Aufstellen des Kirchweihbaumes vor dem\u00a0Gasthof Rabus mit den Hembacher K\u00e4rwaboum und\u00a0-madli &#8211; anschlie\u00dfend Tanz der K\u00e4rwaboum und -madli<\/li><li>19.00 Uhr: Bayerische Party im Festzelt\u00a0mit \u201eKlostergold\u201c<\/li><\/ul><p><strong>Sonntag, den 17. Juni 2018<\/strong><\/p><ul style=\"list-style-type: disc;\"><li>09.00 Uhr: \u201eB\u00e4rentreiben\u201c durch den Ort<\/li><li>12.00 Uhr: Mittagstisch im Festzelt, Blechmusik\u00a0vom \u201eFrankentrio\u201c<\/li><li>12.00 Uhr: Treffen der Traktorfreunde aus\u00a0Rednitzhembach und Umgebung mit\u00a0Motoren- und Maschinenschau\u00a0sowie Geschicklichkeitsfahren<\/li><li>13.00 Uhr: Kirchweihbetrieb<\/li><li>14.00 bis 14.30 Uhr:\u00a0Nachwuchsorchester<\/li><li>14.30 bis 15.00 Uhr:\u00a0Jugendorchester\/Hembacher\u00a0Sp\u00e4tlese<\/li><li>14.00 bis 17.00 Uhr:\u00a0Konzerte von f\u00fcnf Orchestern\u00a0der Jugendkapelle<\/li><li>15.00 bis 15.30 Uhr: Recycling Band<\/li><li>15.30 bis 17.00 Uhr: Gro\u00dfes Orchester<\/li><li>17.00 Uhr: \u201eB\u00e4renwaschen\u201c beim Gasthof Rabus<\/li><li>17.00 Uhr: Kirchweihandacht in der Evangelischen\u00a0Kirche mit Pfarrer\u00a0 Wolfgang Lindner zum Thema\u00a0\u201eHildegard von Bingen \u2013 die popul\u00e4rste Deutsche\u00a0des Mittelalters\u201c<\/li><li>17.00 Uhr: Public Viewing des WM-Spiels\u00a0Deutschland gegen Mexiko im Festzelt<\/li><li>19.00 Uhr: 90er Party im Festzelt mit DJ N\u2019Farmer, alias\u00a0Gunther H\u00f6fler aus der RTL-Serie \u201eBauer sucht Frau\u201c<\/li><\/ul><p><strong>Montag, den 18. Juni 2018<\/strong><\/p><ul style=\"list-style-type: disc;\"><li>ab 14.00 Uhr: Kirchweih ge\u00f6ffnet<br \/>Familiennachmittag (bis 19.00 Uhr) \u2013 Erm\u00e4\u00dfigung\u00a0an allen Gesch\u00e4ften<\/li><li>15.00 Uhr: Der Kasper im Festzelt\u00a0(drei Auff\u00fchrungen \u00e0 18 Minuten) \u2013 Eintritt frei<\/li><li>17.30 Uhr: Betzenverlosung mit den K\u00e4rwaboum\u00a0und -madli im Festzelt (Losverkauf am Samstag nach\u00a0dem Baumstellen sowie w\u00e4hrend der Baumwache bis\u00a022 Uhr am Baum und Montag ab 12 Uhr vor dem Zelt)<\/li><li>18.00 Uhr: Kirchweihausklang mit den \u201eRothsee\u00a0Musikanten\u201c<\/li><li>20.00 Uhr: Ausrufung des B\u00fcrgersch\u00fctzenk\u00f6nigs\u00a0im Festzelt<\/li><li>22.30 Uhr: Gro\u00dfes Brillantfeuerwerk<\/li><\/ul><p>F\u00fcr das leibliche Wohl sorgt Festwirt\u00a0Bastian Schuhmann das Gasthaus Rabus, und das Restaurant Schwarzer Adler. Zur Unterhaltung gibt es neben dem Festzelt auch eine Auswahl an Fahrgesch\u00e4ften und Buden.\u00a0<\/p><p><strong>Die K\u00e4rwamadli und K\u00e4rwaboum Rednitzhembach freuen sich auf Ihr Kommen!<\/strong><\/p><p><strong>Quelle:\u00a0EXTRA-b\u00fcrgerbrief der Gemeinde Rednitzhembach<\/strong><\/p>\t\t\t\t\t\t<\/div>\n\t\t\t\t<\/div>\n\t\t\t\t<div class=\"elementor-element elementor-element-0c834d7 elementor-widget-divider--view-line elementor-widget elementor-widget-divider\" data-id=\"0c834d7\" data-element_type=\"widget\" data-widget_type=\"divider.default\">\n\t\t\t\t<div class=\"elementor-widget-container\">\n\t\t\t\t\t<div class=\"elementor-divider\">\n\t\t\t<span class=\"elementor-divider-separator\">\n\t\t\t\t\t\t<\/span>\n\t\t<\/div>\n\t\t\t\t<\/div>\n\t\t\t\t<\/div>\n\t\t\t\t<div class=\"elementor-element elementor-element-325f51f elementor-widget elementor-widget-google_maps\" data-id=\"325f51f\" data-element_type=\"widget\" data-widget_type=\"google_maps.default\">\n\t\t\t\t<div class=\"elementor-widget-container\">\n\t\t\t\t\t<div class=\"elementor-custom-embed\">\n\t\t\t<iframe loading=\"lazy\"\n\t\t\t\t\tsrc=\"https:\/\/maps.google.com\/maps?q=49.300103%2C%2011.081169&#038;t=m&#038;z=17&#038;output=embed&#038;iwloc=near\"\n\t\t\t\t\ttitle=\"49.300103, 11.081169\"\n\t\t\t\t\taria-label=\"49.300103, 11.081169\"\n\t\t\t><\/iframe>\n\t\t<\/div>\n\t\t\t\t<\/div>\n\t\t\t\t<\/div>\n\t\t\t\t\t<\/div>\n\t\t<\/div>\n\t\t\t\t<div class=\"elementor-column elementor-col-33 elementor-top-column elementor-element elementor-element-f645137\" data-id=\"f645137\" data-element_type=\"column\">\n\t\t\t<div class=\"elementor-widget-wrap elementor-element-populated\">\n\t\t\t\t\t\t<div class=\"elementor-element elementor-element-25043c1 elementor-widget elementor-widget-image\" data-id=\"25043c1\" data-element_type=\"widget\" data-widget_type=\"image.default\">\n\t\t\t\t<div class=\"elementor-widget-container\">\n\t\t\t\t\t\t\t\t\t\t\t\t\t<img fetchpriority=\"high\" decoding=\"async\" width=\"300\" height=\"300\" src=\"https:\/\/www.region-schwabach.de\/wordpress\/wp-content\/uploads\/2018\/04\/werbung1-300x300.png\" class=\"attachment-medium size-medium wp-image-35382\" alt=\"\" srcset=\"https:\/\/www.region-schwabach.de\/wordpress\/wp-content\/uploads\/2018\/04\/werbung1-300x300.png 300w, https:\/\/www.region-schwabach.de\/wordpress\/wp-content\/uploads\/2018\/04\/werbung1-150x150.png 150w, https:\/\/www.region-schwabach.de\/wordpress\/wp-content\/uploads\/2018\/04\/werbung1-768x768.png 768w, https:\/\/www.region-schwabach.de\/wordpress\/wp-content\/uploads\/2018\/04\/werbung1-1024x1024.png 1024w, https:\/\/www.region-schwabach.de\/wordpress\/wp-content\/uploads\/2018\/04\/werbung1.png 1200w\" sizes=\"(max-width: 300px) 100vw, 300px\" \/>\t\t\t\t\t\t\t\t\t\t\t\t\t<\/div>\n\t\t\t\t<\/div>\n\t\t\t\t\t<\/div>\n\t\t<\/div>\n\t\t\t\t\t<\/div>\n\t\t<\/section>\n\t\t\t\t<\/div>\n\t\t","protected":false},"excerpt":{"rendered":"<div class=\"mh-excerpt\"><p>Rednitzhembacher Kirchweih Die Rednitzhembacher K\u00e4rwa findet dieses Jahr von Freitag, den 15.06.2018, bis Montag, den 18.06.2018 auf dem Festplatz in der Rother Stra\u00dfe statt. Programm Freitag, den 15. Juni 2018 16.00 Uhr: Festzelt ge\u00f6ffnet 19.00 <a class=\"mh-excerpt-more\" href=\"https:\/\/www.region-schwabach.de\/wordpress\/rednitzhembacher-kirchweih-vom-15-juni-2018-18-juni-2018\/\" title=\"Rednitzhembacher Kirchweih vom 15. Juni 2018 &#8211; 18. Juni 2018\">[&#8230;]<\/a><\/p>\n<\/div>","protected":false},"author":1,"featured_media":42280,"comment_status":"open","ping_status":"open","sticky":false,"template":"","format":"standard","meta":{"_cbd_carousel_blocks":"[]","footnotes":""},"categories":[16,1,287,231],"tags":[4143,3142,4144,4145,3930,4027,493,32,170],"class_list":{"0":"post-42278","1":"post","2":"type-post","3":"status-publish","4":"format-standard","5":"has-post-thumbnail","7":"category-aktuell","8":"category-allgemein","9":"category-jugend-und-familie","10":"category-veranstaltungsnews","11":"tag-15-06-2018","12":"tag-16-06-2018","13":"tag-17-06-2018","14":"tag-18-06-2018","15":"tag-festplatz","16":"tag-kirchweih","17":"tag-rednitzhembach","18":"tag-roth","19":"tag-rother-strasse"},"_links":{"self":[{"href":"https:\/\/www.region-schwabach.de\/wordpress\/wp-json\/wp\/v2\/posts\/42278","targetHints":{"allow":["GET"]}}],"collection":[{"href":"https:\/\/www.region-schwabach.de\/wordpress\/wp-json\/wp\/v2\/posts"}],"about":[{"href":"https:\/\/www.region-schwabach.de\/wordpress\/wp-json\/wp\/v2\/types\/post"}],"author":[{"embeddable":true,"href":"https:\/\/www.region-schwabach.de\/wordpress\/wp-json\/wp\/v2\/users\/1"}],"replies":[{"embeddable":true,"href":"https:\/\/www.region-schwabach.de\/wordpress\/wp-json\/wp\/v2\/comments?post=42278"}],"version-history":[{"count":0,"href":"https:\/\/www.region-schwabach.de\/wordpress\/wp-json\/wp\/v2\/posts\/42278\/revisions"}],"wp:featuredmedia":[{"embeddable":true,"href":"https:\/\/www.region-schwabach.de\/wordpress\/wp-json\/wp\/v2\/media\/42280"}],"wp:attachment":[{"href":"https:\/\/www.region-schwabach.de\/wordpress\/wp-json\/wp\/v2\/media?parent=42278"}],"wp:term":[{"taxonomy":"category","embeddable":true,"href":"https:\/\/www.region-schwabach.de\/wordpress\/wp-json\/wp\/v2\/categories?post=42278"},{"taxonomy":"post_tag","embeddable":true,"href":"https:\/\/www.region-schwabach.de\/wordpress\/wp-json\/wp\/v2\/tags?post=42278"}],"curies":[{"name":"wp","href":"https:\/\/api.w.org\/{rel}","templated":true}]}}